{"id":309232,"date":"2026-07-31T09:30:00","date_gmt":"2026-07-31T07:30:00","guid":{"rendered":"https:\/\/www.tucomarca.com\/wordpress\/segunda\/el-concurso-de-paellas-reunira-a-mas-de-mil-personas-en-el-inicio-de-las-fiestas-de-turis\/"},"modified":"2026-07-31T16:26:20","modified_gmt":"2026-07-31T14:26:20","slug":"el-concurso-de-paellas-reunira-a-mas-de-mil-personas-en-el-inicio-de-las-fiestas-de-turis","status":"publish","type":"post","link":"https:\/\/tucomarca.whitekongsoftware.com\/ca\/el-concurso-de-paellas-reunira-a-mas-de-mil-personas-en-el-inicio-de-las-fiestas-de-turis\/","title":{"rendered":"El concurs de paelles reunir\u00e0 m\u00e9s de mil persones en l&#8217;inici de les Festes de Tur\u00eds"},"content":{"rendered":"\n<p class=\"wp-block-paragraph\">Des del 18 de juliol, en qu\u00e8 es va celebrar la presentaci\u00f3 de la Reina de les Festes de Tur\u00eds, Mar\u00eda Alcaide Escote, i la seua cort d&#8217;honor, les activitats ja no han parat en aquesta localitat de La Ribera Alta.<\/p>\n\n\n\n<p class=\"wp-block-paragraph\">Sopar de cinquenes, exhibicions i competicions esportives i el cant d\u2019albaes s\u00f3n la pr\u00e8via de les Festes Patronals de 2026 en honor a la Nativitat de La nostra Senyora, titular de la parr\u00f2quia, i dels patrons de la localitat, la Mare de D\u00e9u dels Dolors Gloriosos i Sant Francesc de Borja.<\/p>\n\n\n\n<p class=\"wp-block-paragraph\">Oficialment, el tret d&#8217;eixida es dona dem\u00e0, 1 d&#8217;agost, amb el tradicional concurs de paelles que reunir\u00e0 m\u00e9s de 1.000 persones. A continuaci\u00f3 est\u00e0 previst un remember amb els DJs Vicente Buitr\u00f3n, Ra\u00fal Platero i Jos\u00e9 Conca. A m\u00e9s, tant dissabte com diumenge hi haur\u00e0 atraccions i unflables aqu\u00e0tics per als m\u00e9s xicotets.<\/p>\n\n\n\n<p class=\"wp-block-paragraph\">A partir del dilluns se succeiran les finals dels diferents campionats esportius, aix\u00ed com la volta a peu.&nbsp; Les diverses exposicions, aix\u00ed com el sopar ben\u00e8fic contra el c\u00e0ncer i el sopar dels clubs esportius, ocupen la primera setmana oficial de les festes.<\/p>\n\n\n\n<p class=\"wp-block-paragraph\">Es completar\u00e0 amb els concerts, en l&#8217;amfiteatre de La Mina, de la Societat Musical Turisense, la banda jovent i la Coral Vicent Ribes, i els actes religiosos en honor de la Nativitat de La nostra Senyora, Sant Francesc de Borja i la Mare de D\u00e9u dels Dolors Gloriosos. Les masclet\u00e1s a c\u00e0rrec de Pirot\u00e8cnia Tor\u00eds aportaran el toc de p\u00f3lvora a les festes.<\/p>\n\n\n\n<p class=\"wp-block-paragraph\">El dilluns, 10 d&#8217;agost a la vesprada, tindr\u00e0 lloc la tradicional cavalcada de disfresses i, a partir d&#8217;eixe dia, totes les nits hi haur\u00e0 espectacles musicals per a totes les edats.<\/p>\n\n\n\n<p class=\"wp-block-paragraph\">Tot aix\u00f2 s&#8217;alterna amb la setmana taurina, que comen\u00e7a oficialment l&#8217;11 d&#8217;agost a les 7:15 h amb el pasacarrer de la corda que protagonitzen la Reina de les Festes i la seua cort, acompanyades per autoritats locals, membres de les penyes taurines i la banda de m\u00fasica.<\/p>\n\n\n\n<p class=\"wp-block-paragraph\">El bou d&#8217;entenimentada visita tots els matins les cases de les festeres i dona pas als populars esmorzars que es prolonguen fins a l&#8217;entrada de vaquillas, a les #14:00 h. A la vesprada i a la nit, la pla\u00e7a de bous acull els diferents concursos i desafiaments de ramaderies, aix\u00ed com el de emboladores.<\/p>\n\n\n\n<p class=\"wp-block-paragraph\">Tota la informaci\u00f3 actualitzada sobre espectacles i horaris es pot consultar en la web municipal turis.es.<\/p>\n","protected":false},"excerpt":{"rendered":"<div class=\"mh-excerpt\">Des del 18 de juliol, en qu\u00e8 es va celebrar la presentaci\u00f3 de la Reina de les Festes de Tur\u00eds, Mar\u00eda Alcaide Escote, i la seua cort d&#8217;honor, les activitats ja no han parat en <a class=\"mh-excerpt-more\" href=\"https:\/\/tucomarca.whitekongsoftware.com\/ca\/el-concurso-de-paellas-reunira-a-mas-de-mil-personas-en-el-inicio-de-las-fiestas-de-turis\/\" title=\"El concurs de paelles reunir\u00e0 m\u00e9s de mil persones en l&#8217;inici de les Festes de Tur\u00eds\">[+] <\/a><\/div>\n","protected":false},"author":12,"featured_media":309224,"comment_status":"closed","ping_status":"open","sticky":false,"template":"","format":"standard","meta":{"footnotes":""},"categories":[11019,10894,10902,11007,10896,11047],"tags":[24723,11356,11093],"class_list":["post-309232","post","type-post","status-publish","format-standard","has-post-thumbnail","category-agenda-ca","category-la-comarca-ca","category-la-ribera-ca","category-ocio-y-cultura-ca","category-seccion-ca","category-turis-ca","tag-fiestas-de-turis-2026","tag-ribera-alta-ca","tag-turis-ca"],"_links":{"self":[{"href":"https:\/\/tucomarca.whitekongsoftware.com\/ca\/wp-json\/wp\/v2\/posts\/309232","targetHints":{"allow":["GET"]}}],"collection":[{"href":"https:\/\/tucomarca.whitekongsoftware.com\/ca\/wp-json\/wp\/v2\/posts"}],"about":[{"href":"https:\/\/tucomarca.whitekongsoftware.com\/ca\/wp-json\/wp\/v2\/types\/post"}],"author":[{"embeddable":true,"href":"https:\/\/tucomarca.whitekongsoftware.com\/ca\/wp-json\/wp\/v2\/users\/12"}],"replies":[{"embeddable":true,"href":"https:\/\/tucomarca.whitekongsoftware.com\/ca\/wp-json\/wp\/v2\/comments?post=309232"}],"version-history":[{"count":1,"href":"https:\/\/tucomarca.whitekongsoftware.com\/ca\/wp-json\/wp\/v2\/posts\/309232\/revisions"}],"predecessor-version":[{"id":309233,"href":"https:\/\/tucomarca.whitekongsoftware.com\/ca\/wp-json\/wp\/v2\/posts\/309232\/revisions\/309233"}],"wp:featuredmedia":[{"embeddable":true,"href":"https:\/\/tucomarca.whitekongsoftware.com\/ca\/wp-json\/wp\/v2\/media\/309224"}],"wp:attachment":[{"href":"https:\/\/tucomarca.whitekongsoftware.com\/ca\/wp-json\/wp\/v2\/media?parent=309232"}],"wp:term":[{"taxonomy":"category","embeddable":true,"href":"https:\/\/tucomarca.whitekongsoftware.com\/ca\/wp-json\/wp\/v2\/categories?post=309232"},{"taxonomy":"post_tag","embeddable":true,"href":"https:\/\/tucomarca.whitekongsoftware.com\/ca\/wp-json\/wp\/v2\/tags?post=309232"}],"curies":[{"name":"wp","href":"https:\/\/api.w.org\/{rel}","templated":true}]}}