{"id":309219,"date":"2026-07-31T09:33:00","date_gmt":"2026-07-31T07:33:00","guid":{"rendered":"https:\/\/www.tucomarca.com\/wordpress\/segunda\/?p=309219"},"modified":"2026-07-31T16:31:36","modified_gmt":"2026-07-31T14:31:36","slug":"godelleta-dona-este-divendres-el-tret-deixida-a-les-seues-festes-dagost-2026","status":"publish","type":"post","link":"https:\/\/tucomarca.whitekongsoftware.com\/ca\/godelleta-dona-este-divendres-el-tret-deixida-a-les-seues-festes-dagost-2026\/","title":{"rendered":"Godelleta dona este divendres el tret d&#8217;eixida a les seues Festes d&#8217;Agost 2026"},"content":{"rendered":"\n<p class=\"wp-block-paragraph\">Les Festes d&#8217;Agost 2026 de Godelleta comencen este divendres, 31 de juliol, amb una jornada inaugural que combinar\u00e0 tradici\u00f3, m\u00fasica i conviv\u00e8ncia per a donar la benvinguda a unes setmanes plenes d&#8217;activitats festives.<\/p>\n\n\n\n<p class=\"wp-block-paragraph\">La programaci\u00f3 arrancar\u00e0 a les 20.00 hores a la Pla\u00e7a Espanya amb la celebraci\u00f3 del <strong>XXVII Preg\u00f3 de Festes d&#8217;Agost<\/strong>, un acte que marcar\u00e0 oficialment l&#8217;inici de les celebracions i que reunir\u00e0 ve\u00efns i visitants.<\/p>\n\n\n\n<p class=\"wp-block-paragraph\">Despr\u00e9s del preg\u00f3, la <strong>Uni\u00f3n Musical de Godelleta<\/strong> acompanyar\u00e0 les Clavariesses en cercavila fins al Poliesportiu Municipal, on tindr\u00e0 lloc el lliurament dels premis del concurs de cartells anunciadors de les festes, amb els quals es reconeixeran els treballs que han representat la imatge d&#8217;esta edici\u00f3.<\/p>\n\n\n\n<p class=\"wp-block-paragraph\">La primera jornada conclour\u00e0 amb la <strong>IV Cena de Presentaci\u00f3 de les Clavariesses<\/strong>, un acte de conviv\u00e8ncia que reunir\u00e0 els assistents al voltant de la taula i que estar\u00e0 amenitzat per l&#8217;actuaci\u00f3 en directe del grup <strong>&#8220;Lo Que Hay&#8221;<\/strong>, que posar\u00e0 el fermall musical a l&#8217;obertura de les festes.<\/p>\n\n\n\n<p class=\"wp-block-paragraph\">Amb este complet programa inaugural, Godelleta donar\u00e0 el tret d&#8217;eixida a unes festes que, un any m\u00e9s, ompliran el municipi de tradici\u00f3, cultura, m\u00fasica i activitats per a tots els p\u00fablics al llarg del mes d&#8217;agost.<\/p>\n","protected":false},"excerpt":{"rendered":"<div class=\"mh-excerpt\">Les Festes d&#8217;Agost 2026 de Godelleta comencen este divendres, 31 de juliol, amb una jornada inaugural que combinar\u00e0 tradici\u00f3, m\u00fasica i conviv\u00e8ncia per a donar la benvinguda a unes setmanes plenes d&#8217;activitats festives. La programaci\u00f3 <a class=\"mh-excerpt-more\" href=\"https:\/\/tucomarca.whitekongsoftware.com\/ca\/godelleta-dona-este-divendres-el-tret-deixida-a-les-seues-festes-dagost-2026\/\" title=\"Godelleta dona este divendres el tret d&#8217;eixida a les seues Festes d&#8217;Agost 2026\">[+] <\/a><\/div>\n","protected":false},"author":12,"featured_media":309218,"comment_status":"closed","ping_status":"open","sticky":false,"template":"","format":"standard","meta":{"footnotes":""},"categories":[11019,10977,10894,10912,11007,10896],"tags":[24721,11087,10914],"class_list":["post-309219","post","type-post","status-publish","format-standard","has-post-thumbnail","category-agenda-ca","category-godelleta-ca","category-la-comarca-ca","category-la-hoya-ca","category-ocio-y-cultura-ca","category-seccion-ca","tag-fiestas-de-agosto-2026","tag-godelleta-ca","tag-la-hoya-de-bunol-chiva-ca"],"_links":{"self":[{"href":"https:\/\/tucomarca.whitekongsoftware.com\/ca\/wp-json\/wp\/v2\/posts\/309219","targetHints":{"allow":["GET"]}}],"collection":[{"href":"https:\/\/tucomarca.whitekongsoftware.com\/ca\/wp-json\/wp\/v2\/posts"}],"about":[{"href":"https:\/\/tucomarca.whitekongsoftware.com\/ca\/wp-json\/wp\/v2\/types\/post"}],"author":[{"embeddable":true,"href":"https:\/\/tucomarca.whitekongsoftware.com\/ca\/wp-json\/wp\/v2\/users\/12"}],"replies":[{"embeddable":true,"href":"https:\/\/tucomarca.whitekongsoftware.com\/ca\/wp-json\/wp\/v2\/comments?post=309219"}],"version-history":[{"count":2,"href":"https:\/\/tucomarca.whitekongsoftware.com\/ca\/wp-json\/wp\/v2\/posts\/309219\/revisions"}],"predecessor-version":[{"id":309221,"href":"https:\/\/tucomarca.whitekongsoftware.com\/ca\/wp-json\/wp\/v2\/posts\/309219\/revisions\/309221"}],"wp:featuredmedia":[{"embeddable":true,"href":"https:\/\/tucomarca.whitekongsoftware.com\/ca\/wp-json\/wp\/v2\/media\/309218"}],"wp:attachment":[{"href":"https:\/\/tucomarca.whitekongsoftware.com\/ca\/wp-json\/wp\/v2\/media?parent=309219"}],"wp:term":[{"taxonomy":"category","embeddable":true,"href":"https:\/\/tucomarca.whitekongsoftware.com\/ca\/wp-json\/wp\/v2\/categories?post=309219"},{"taxonomy":"post_tag","embeddable":true,"href":"https:\/\/tucomarca.whitekongsoftware.com\/ca\/wp-json\/wp\/v2\/tags?post=309219"}],"curies":[{"name":"wp","href":"https:\/\/api.w.org\/{rel}","templated":true}]}}