{"id":309199,"date":"2026-07-31T09:05:00","date_gmt":"2026-07-31T07:05:00","guid":{"rendered":"https:\/\/www.tucomarca.com\/wordpress\/segunda\/?p=309199"},"modified":"2026-07-31T16:46:17","modified_gmt":"2026-07-31T14:46:17","slug":"xest-celebra-el-primer-eclipsi-total-de-sol-amb-un-acte-dobservacio-gratuit-en-pi-blay","status":"publish","type":"post","link":"https:\/\/tucomarca.whitekongsoftware.com\/ca\/xest-celebra-el-primer-eclipsi-total-de-sol-amb-un-acte-dobservacio-gratuit-en-pi-blay\/","title":{"rendered":"Xest celebra el primer eclipsi total de Sol amb un acte d&#8217;observaci\u00f3 gratu\u00eft en Pi Blay"},"content":{"rendered":"\n<h3 class=\"wp-block-heading\">L&#8217;Ajuntament organitza per al 12 d&#8217;agost un esdeveniment d&#8217;albirament amb un discj\u00f2quei, explicaci\u00f3 divulgativa astron\u00f2mica, ulleres homologades per als primers 200 assistents i barra de begudes i sopar en col\u00b7laboraci\u00f3 amb els Clavaris 2027.<\/h3>\n\n\n\n<p class=\"wp-block-paragraph\">Dimecres que ve 12 d&#8217;agost, la comarca de la Foia de Bunyol-Xiva viur\u00e0 un dels espectacles astron\u00f2mics m\u00e9s extraordinaris: el primer eclipsi total de Sol visible des de la Pen\u00ednsula Ib\u00e8rica en m\u00e9s d&#8217;un segle. Perqu\u00e8 els ve\u00efns i ve\u00efnes de Xest puguen viure-ho en les millors condicions, la Regidoria de Turisme de l&#8217;Ajuntament ha organitzat un esdeveniment d&#8217;albirament col\u00b7lectiu gratu\u00eft en el Pol\u00edgon Industrial Pi Blay, a partir de les 19:00 hores. &#8220;Fa m\u00e9s d&#8217;un segle que no es veu un eclipsi total de Sol en aquestes latituds, i a Xest volem que ning\u00fa li ho perda\u201d, ha explicat Jose Morell, alcalde de Xest, \u201chem triat el pol\u00edgon Pi Blay perqu\u00e8 tothom puga arribar c\u00f2modament caminant des del poble\u201d.<\/p>\n\n\n\n<p class=\"wp-block-paragraph\">\u201cHi haur\u00e0 tot el necessari per a gaudir-ho en companyia, amb dues-centes ulleres per als primers que arriben, un v\u00eddeo explicatiu del fenomen, m\u00fasica i una barra amb sopar a c\u00e0rrec dels Clavaris de 2027&#8243;, ha destacat la regidora de Turisme, Brenda Jim\u00e9nez Corrales, &#8220;volem que els nostres ve\u00efns i ve\u00efnes ho gaudisquen, en un entorn pensat per a ells, amb totes les comoditats i la informaci\u00f3 necess\u00e0ria per a viure&#8217;l de manera segura i memorable&#8221;.<\/p>\n\n\n\n<p class=\"wp-block-paragraph\"><strong>Qu\u00e8 hi haur\u00e0 en Pi Blay<\/strong><\/p>\n\n\n\n<p class=\"wp-block-paragraph\">En la zona de Val\u00e8ncia, la totalitat de l&#8217;eclipsi comen\u00e7ar\u00e0 a les #20:32 i durar\u00e0 aproximadament un minut, durant el qual la llum del dia descendir\u00e0 notablement, la temperatura baixar\u00e0 i es despertaran sons crepusculars d&#8217;aus i insectes.<\/p>\n\n\n\n<p class=\"wp-block-paragraph\">L&#8217;espai en Pi Blay estar\u00e0 habilitat des de les #19:00 hores. A les 19:30, una projecci\u00f3 en pantalla oferir\u00e0 una explicaci\u00f3 de les fases de l&#8217;eclipsi, els horaris exactes del fenomen des de Xest, la hist\u00f2ria d&#8217;aquests esdeveniments i les mesures de seguretat imprescindibles per a observar-lo sense risc. La fase parcial comen\u00e7ar\u00e0 a les #19:38 i la Lluna cobrir\u00e0 completament el disc solar a partir de les #20:32, amb el Sol molt prop de l&#8217;horitz\u00f3 occidental. L&#8217;Organitzaci\u00f3 recorda que \u00e9s imprescindible no mirar al Sol directament en cap moment excepte durant el breu minut de totalitat.<\/p>\n\n\n\n<p class=\"wp-block-paragraph\">L&#8217;Ajuntament repartir\u00e0 200 ulleres d&#8217;observaci\u00f3 homologades entre els primers assistents que arriben a l&#8217;espai \u2014fins a esgotar exist\u00e8ncies\u2014. Hi haur\u00e0 a m\u00e9s m\u00fasica gr\u00e0cies a un DJ com a ambientaci\u00f3, i els Clavaris 2027 gestionaran una barra de begudes i sopar per a completar la vetlada.<br>L&#8217;elecci\u00f3 de Pi Blay no \u00e9s casual: la seua ubicaci\u00f3 a l&#8217;oest del nucli urb\u00e0 i l&#8217;amplitud de l&#8217;espai permeten una visi\u00f3 buidada de l&#8217;horitz\u00f3 en la direcci\u00f3 en qu\u00e8 es trobar\u00e0 el Sol en el moment de l&#8217;eclipsi, i faciliten l&#8217;acc\u00e9s a peu des del centre del poble.<\/p>\n\n\n\n<p class=\"wp-block-paragraph\">La franja de totalitat de l&#8217;eclipsi creua Espanya de nord-oest a sud-est, passant per capitals com la Corunya, Oviedo, Bilbao, Saragossa, Castell\u00f3 i Val\u00e8ncia. Ciutats com Madrid, Barcelona o Sevilla quedaran fora de la franja i nom\u00e9s veuran un eclipsi parcial. Xest, en l&#8217;\u00e0rea metropolitana de Val\u00e8ncia, se situa en una posici\u00f3 privilegiada per a contemplar la totalitat. I tot en un acte en el qual l&#8217;entrada ser\u00e0 lliure i gratu\u00efta.<\/p>\n","protected":false},"excerpt":{"rendered":"<div class=\"mh-excerpt\">L&#8217;Ajuntament organitza per al 12 d&#8217;agost un esdeveniment d&#8217;albirament amb un discj\u00f2quei, explicaci\u00f3 divulgativa astron\u00f2mica, ulleres homologades per als primers 200 assistents i barra de begudes i sopar en col\u00b7laboraci\u00f3 amb els Clavaris 2027. Dimecres <a class=\"mh-excerpt-more\" href=\"https:\/\/tucomarca.whitekongsoftware.com\/ca\/xest-celebra-el-primer-eclipsi-total-de-sol-amb-un-acte-dobservacio-gratuit-en-pi-blay\/\" title=\"Xest celebra el primer eclipsi total de Sol amb un acte d&#8217;observaci\u00f3 gratu\u00eft en Pi Blay\">[+] <\/a><\/div>\n","protected":false},"author":12,"featured_media":309198,"comment_status":"closed","ping_status":"open","sticky":false,"template":"","format":"standard","meta":{"footnotes":""},"categories":[11019,10894,10912,11007,10896,10974],"tags":[11071,24718,10914],"class_list":["post-309199","post","type-post","status-publish","format-standard","has-post-thumbnail","category-agenda-ca","category-la-comarca-ca","category-la-hoya-ca","category-ocio-y-cultura-ca","category-seccion-ca","category-cheste-ca","tag-cheste","tag-eclipse-solar","tag-la-hoya-de-bunol-chiva-ca"],"_links":{"self":[{"href":"https:\/\/tucomarca.whitekongsoftware.com\/ca\/wp-json\/wp\/v2\/posts\/309199","targetHints":{"allow":["GET"]}}],"collection":[{"href":"https:\/\/tucomarca.whitekongsoftware.com\/ca\/wp-json\/wp\/v2\/posts"}],"about":[{"href":"https:\/\/tucomarca.whitekongsoftware.com\/ca\/wp-json\/wp\/v2\/types\/post"}],"author":[{"embeddable":true,"href":"https:\/\/tucomarca.whitekongsoftware.com\/ca\/wp-json\/wp\/v2\/users\/12"}],"replies":[{"embeddable":true,"href":"https:\/\/tucomarca.whitekongsoftware.com\/ca\/wp-json\/wp\/v2\/comments?post=309199"}],"version-history":[{"count":2,"href":"https:\/\/tucomarca.whitekongsoftware.com\/ca\/wp-json\/wp\/v2\/posts\/309199\/revisions"}],"predecessor-version":[{"id":309201,"href":"https:\/\/tucomarca.whitekongsoftware.com\/ca\/wp-json\/wp\/v2\/posts\/309199\/revisions\/309201"}],"wp:featuredmedia":[{"embeddable":true,"href":"https:\/\/tucomarca.whitekongsoftware.com\/ca\/wp-json\/wp\/v2\/media\/309198"}],"wp:attachment":[{"href":"https:\/\/tucomarca.whitekongsoftware.com\/ca\/wp-json\/wp\/v2\/media?parent=309199"}],"wp:term":[{"taxonomy":"category","embeddable":true,"href":"https:\/\/tucomarca.whitekongsoftware.com\/ca\/wp-json\/wp\/v2\/categories?post=309199"},{"taxonomy":"post_tag","embeddable":true,"href":"https:\/\/tucomarca.whitekongsoftware.com\/ca\/wp-json\/wp\/v2\/tags?post=309199"}],"curies":[{"name":"wp","href":"https:\/\/api.w.org\/{rel}","templated":true}]}}