{"id":309159,"date":"2026-07-30T11:00:00","date_gmt":"2026-07-30T09:00:00","guid":{"rendered":"https:\/\/www.tucomarca.com\/wordpress\/segunda\/?p=309159"},"modified":"2026-07-30T20:28:35","modified_gmt":"2026-07-30T18:28:35","slug":"la-diputacio-afronta-la-fase-final-de-lampliacio-del-pont-sobre-el-riu-sellent-en-la-cv-560","status":"publish","type":"post","link":"https:\/\/tucomarca.whitekongsoftware.com\/ca\/la-diputacio-afronta-la-fase-final-de-lampliacio-del-pont-sobre-el-riu-sellent-en-la-cv-560\/","title":{"rendered":"La Diputaci\u00f3 afronta la fase final de l&#8217;ampliaci\u00f3 del pont sobre el riu Sellent en la CV-560"},"content":{"rendered":"\n<h3 class=\"wp-block-heading\">L&#8217;actuaci\u00f3 requerir\u00e0 el tall provisional de la carretera entre el 3 d&#8217;agost i el 25 de setembre, per la qual cosa l&#8217;\u00e0rea provincial de Carreteres habilitar\u00e0 un itinerari alternatiu per la CV-555 i la CV-590.<\/h3>\n\n\n\n<h3 class=\"wp-block-heading\">Amb un pressupost de 965.906 euros, l&#8217;obra permetr\u00e0 habilitar dos carrils de circulaci\u00f3 i voreres laterals.<\/h3>\n\n\n\n<p class=\"wp-block-paragraph\">La Diputaci\u00f3 de Val\u00e8ncia iniciar\u00e0 la pr\u00f2xima setmana la fase decisiva de l&#8217;obra d&#8217;ampliaci\u00f3 del pont sobre el riu Sellent, situat al punt quilom\u00e8tric 7+850 de la carretera CV-560, en el terme municipal de C\u00e0rcer.<\/p>\n\n\n\n<p class=\"wp-block-paragraph\">Amb motiu dels treballs, la carretera estar\u00e0 tancada al tr\u00e0nsit entre el dilluns 3 d&#8217;agost i el divendres 25 de setembre. Durant eixe per\u00edode, els despla\u00e7aments des de Cotes i Sumac\u00e0rcer cap a C\u00e0rcer i l&#8217;autovia A-7 hauran de realitzar-se per les carreteres CV-555, a trav\u00e9s de Sellent, i CV-590.<\/p>\n\n\n\n<p class=\"wp-block-paragraph\">La diputada provincial de Carreteres, Reme Mazzolari, ha explicat que \u201ces tracta d&#8217;una actuaci\u00f3 necess\u00e0ria per a millorar la seguretat i la funcionalitat d&#8217;una infraestructura que constitu\u00efx la connexi\u00f3 m\u00e9s directa de Cotes i Sumac\u00e0rcer amb C\u00e0rcer i amb l&#8217;A-7\u201d.<\/p>\n\n\n\n<p class=\"wp-block-paragraph\">Mazzolari ha demanat \u201ccomprensi\u00f3 i prud\u00e8ncia a les persones usu\u00e0ries de la via\u201d i ha assenyalat que \u201cel tall permetr\u00e0 executar els treballs en millors condicions de seguretat i reduir, en la mesura que siga possible, les afeccions al tr\u00e0nsit\u201d.<\/p>\n\n\n\n<p class=\"wp-block-paragraph\"><strong>Dos carrils i voreres laterals<\/strong><\/p>\n\n\n\n<p class=\"wp-block-paragraph\">L&#8217;actuaci\u00f3 compta amb un pressupost global pr\u00f2xim al mili\u00f3 d&#8217;euros, i permetr\u00e0 ampliar l&#8217;ample \u00fatil del pont per a habilitar dos carrils, un per sentit, i voreres en els dos laterals.<\/p>\n\n\n\n<p class=\"wp-block-paragraph\">Actualment, la secci\u00f3 de l&#8217;obertura central del pont disposa d&#8217;una cal\u00e7ada d&#8217;uns 4,5 metres, la qual no permet l&#8217;encreuament de dos vehicles en el pont. El projecte ampliar\u00e0 la cal\u00e7ada fins als sis metres i dotar\u00e0 a l&#8217;estructura de dos voreres d&#8217;ampl\u00e0ria superior a 1,5 metres.<\/p>\n\n\n\n<p class=\"wp-block-paragraph\">\u201cEl projecte eliminar\u00e0 un punt de circulaci\u00f3 alterna i oferir\u00e0 una connexi\u00f3 m\u00e9s c\u00f2moda i segura per a vehicles i vianants\u201d, ha destacat Mazzolari.<\/p>\n\n\n\n<p class=\"wp-block-paragraph\">A m\u00e9s de l&#8217;ampliaci\u00f3, la intervenci\u00f3 inclou treballs de conservaci\u00f3 i reparaci\u00f3 del pont, la millora del drenatge i la impermeabilitzaci\u00f3, la renovaci\u00f3 del paviment i la instal\u00b7laci\u00f3 de nous sistemes de protecci\u00f3 entre el tr\u00e0nsit rodat i el tr\u00e0nsit per als vianants.<\/p>\n","protected":false},"excerpt":{"rendered":"<div class=\"mh-excerpt\">L&#8217;actuaci\u00f3 requerir\u00e0 el tall provisional de la carretera entre el 3 d&#8217;agost i el 25 de setembre, per la qual cosa l&#8217;\u00e0rea provincial de Carreteres habilitar\u00e0 un itinerari alternatiu per la CV-555 i la CV-590. <a class=\"mh-excerpt-more\" href=\"https:\/\/tucomarca.whitekongsoftware.com\/ca\/la-diputacio-afronta-la-fase-final-de-lampliacio-del-pont-sobre-el-riu-sellent-en-la-cv-560\/\" title=\"La Diputaci\u00f3 afronta la fase final de l&#8217;ampliaci\u00f3 del pont sobre el riu Sellent en la CV-560\">[+] <\/a><\/div>\n","protected":false},"author":12,"featured_media":309158,"comment_status":"closed","ping_status":"open","sticky":false,"template":"","format":"standard","meta":{"footnotes":""},"categories":[11053,10898,10948,10894,10902,10903,10947,10896],"tags":[14530,11246,11356],"class_list":["post-309159","post","type-post","status-publish","format-standard","has-post-thumbnail","category-carcer-ca","category-ventana-ca","category-infraestructuras-ca","category-la-comarca-ca","category-la-ribera-ca","category-medio-ambiente-la-comarca-ca","category-politica","category-seccion-ca","tag-carcer-ca","tag-diputacio-de-valencia-ca","tag-ribera-alta-ca"],"_links":{"self":[{"href":"https:\/\/tucomarca.whitekongsoftware.com\/ca\/wp-json\/wp\/v2\/posts\/309159","targetHints":{"allow":["GET"]}}],"collection":[{"href":"https:\/\/tucomarca.whitekongsoftware.com\/ca\/wp-json\/wp\/v2\/posts"}],"about":[{"href":"https:\/\/tucomarca.whitekongsoftware.com\/ca\/wp-json\/wp\/v2\/types\/post"}],"author":[{"embeddable":true,"href":"https:\/\/tucomarca.whitekongsoftware.com\/ca\/wp-json\/wp\/v2\/users\/12"}],"replies":[{"embeddable":true,"href":"https:\/\/tucomarca.whitekongsoftware.com\/ca\/wp-json\/wp\/v2\/comments?post=309159"}],"version-history":[{"count":2,"href":"https:\/\/tucomarca.whitekongsoftware.com\/ca\/wp-json\/wp\/v2\/posts\/309159\/revisions"}],"predecessor-version":[{"id":309171,"href":"https:\/\/tucomarca.whitekongsoftware.com\/ca\/wp-json\/wp\/v2\/posts\/309159\/revisions\/309171"}],"wp:featuredmedia":[{"embeddable":true,"href":"https:\/\/tucomarca.whitekongsoftware.com\/ca\/wp-json\/wp\/v2\/media\/309158"}],"wp:attachment":[{"href":"https:\/\/tucomarca.whitekongsoftware.com\/ca\/wp-json\/wp\/v2\/media?parent=309159"}],"wp:term":[{"taxonomy":"category","embeddable":true,"href":"https:\/\/tucomarca.whitekongsoftware.com\/ca\/wp-json\/wp\/v2\/categories?post=309159"},{"taxonomy":"post_tag","embeddable":true,"href":"https:\/\/tucomarca.whitekongsoftware.com\/ca\/wp-json\/wp\/v2\/tags?post=309159"}],"curies":[{"name":"wp","href":"https:\/\/api.w.org\/{rel}","templated":true}]}}