{"id":309153,"date":"2026-07-30T10:45:00","date_gmt":"2026-07-30T08:45:00","guid":{"rendered":"https:\/\/www.tucomarca.com\/wordpress\/segunda\/?p=309153"},"modified":"2026-07-30T20:47:43","modified_gmt":"2026-07-30T18:47:43","slug":"bunyol-celebra-la-51a-edicio-del-mano-a-mano-el-concert-que-convertix-la-rivalitat-entre-dos-bandes-centenaries-en-un-dels-majors-espectacles-musicals-despanya","status":"publish","type":"post","link":"https:\/\/tucomarca.whitekongsoftware.com\/ca\/bunyol-celebra-la-51a-edicio-del-mano-a-mano-el-concert-que-convertix-la-rivalitat-entre-dos-bandes-centenaries-en-un-dels-majors-espectacles-musicals-despanya\/","title":{"rendered":"Bunyol celebra la 51a edici\u00f3 del &#8216;Mano a mano&#8217;, el concert que convertix la rivalitat entre dos bandes centen\u00e0ries en un dels majors espectacles musicals d&#8217;Espanya"},"content":{"rendered":"\n<h3 class=\"wp-block-heading\">&#8220;La Art\u00edstica&#8221; i &#8220;La Arm\u00f3nica&#8221; tornaran a compartir escenari el pr\u00f2xim 15 d&#8217;agost a les 22,30 hores a l&#8217;Auditori Municipal de Sant Llu\u00eds amb dos programes de m\u00e0xima exig\u00e8ncia art\u00edstica.<\/h3>\n\n\n\n<h3 class=\"wp-block-heading\">Les entrades per a assistir al concert tenen un preu de 18 euros en venda anticipada i 20 euros en taquilla. La venda anticipada es dur\u00e0 a terme els dies 7, 12 i 13 d&#8217;agost, de 19,00 a 21,00 hores, a la Sala Raga de Bunyol.<\/h3>\n\n\n\n<p class=\"wp-block-paragraph\">Bunyol tornar\u00e0 a situar-se en l&#8217;epicentre de la m\u00fasica de banda el pr\u00f2xim <strong>15 d&#8217;agost<\/strong> amb la celebraci\u00f3 de la <strong>51a edici\u00f3 del Concert Mano a Mano<\/strong>, una de les cites culturals m\u00e9s emblem\u00e0tiques de la Comunitat Valenciana i una de les trobades band\u00edstiques m\u00e9s prestigioses del panorama nacional.<\/p>\n\n\n\n<p class=\"wp-block-paragraph\">L&#8217;<strong>Auditori Municipal de Sant Llu\u00eds<\/strong> acollir\u00e0 una nova edici\u00f3 d&#8217;este concert \u00fanic, declarat <strong>Festa d&#8217;Inter\u00e9s Tur\u00edstic Auton\u00f2mic<\/strong>, que reunix sobre un mateix escenari les dos hist\u00f2riques societats musicals del municipi: la <strong>Societat Musical &#8220;La Art\u00edstica<\/strong>&#8221; i el <strong>Centre Instructiu Musical &#8220;La Arm\u00f3nica<\/strong>&#8220;.<\/p>\n\n\n\n<p class=\"wp-block-paragraph\">Des de la seua creaci\u00f3 l&#8217;any <strong>1974<\/strong>, el <strong>Mano a Mano<\/strong> ha transcendit el format de concert per a convertir-se en un aut\u00e8ntic s\u00edmbol de la identitat de Bunyol. Sense jurat, sense premis i sense competici\u00f3 oficial, les dos bandes presenten programes independents concebuts amb la m\u00e0xima exig\u00e8ncia art\u00edstica, en una nit on la m\u00fasica substitu\u00efx qualsevol veredicte i on la rivalitat hist\u00f2rica entre les dos societats es transforma en un espectacle d&#8217;extraordin\u00e0ria qualitat.<\/p>\n\n\n\n<p class=\"wp-block-paragraph\">Cada edici\u00f3 reunix m\u00e9s de <strong>300 m\u00fasics<\/strong> sobre l&#8217;escenari, molts d&#8217;ells arribats des de diferents punts d&#8217;Espanya i de l&#8217;estranger per a tornar a la seua banda i participar en una de les nits m\u00e9s esperades del calendari cultural de la localitat.<\/p>\n\n\n\n<p class=\"wp-block-paragraph\"><strong>Dos programes amb personalitat pr\u00f2pia<\/strong><\/p>\n\n\n\n<p class=\"wp-block-paragraph\">L&#8217;edici\u00f3 de <strong>2026<\/strong> comptar\u00e0 com a <strong>president d&#8217;honor<\/strong> amb <strong>Fernando Lizana Lozano<\/strong>, compositor, director d&#8217;orquestra i coronel m\u00fasic, actual director de la <strong>Unidad de M\u00fasica de la Guardia Real<\/strong>. Com marca la tradici\u00f3, ser\u00e0 l&#8217;encarregat de dirigir la interpretaci\u00f3 final de l&#8217;<strong>Himne a Bunyol<\/strong>, colof\u00f3 d&#8217;una vetlada que simbolitza la uni\u00f3 de tot un poble a trav\u00e9s de la m\u00fasica.<\/p>\n\n\n\n<p class=\"wp-block-paragraph\">La <strong>Societat Musical &#8220;La Art\u00edstica<\/strong>&#8220;, dirigida per <strong>Salvador Sebasti\u00e0 L\u00f3pez<\/strong>, ser\u00e0 l&#8217;encarregada d&#8217;obrir el concert amb <strong>Entre dos aguas<\/strong>, una proposta que planteja un recorregut musical entre cultures, paisatges i tradicions. El programa inclou obres de <strong>Manuel Morales<\/strong>, <strong>Salvador Sebasti\u00e0<\/strong>, <strong>Baltasar Samper<\/strong> i <strong>Alfredo Casella<\/strong>, destacant l&#8217;estrena a Espanya del quart moviment de la <strong>Seconda Sinfonia<\/strong> del compositor itali\u00e0.<\/p>\n\n\n\n<p class=\"wp-block-paragraph\">La segona part anir\u00e0 a c\u00e0rrec del <strong>Centre Instructiu Musical &#8220;La Arm\u00f3nica<\/strong>&#8220;, sota la direcci\u00f3 de <strong>Sa\u00fcl G\u00f3mez Soler<\/strong>, que presentar\u00e0 <strong>Horizontes. El viaje permanente de la humanidad<\/strong>. El programa proposa una reflexi\u00f3 sobre l&#8217;evoluci\u00f3 de l&#8217;\u00e9sser hum\u00e0 i la seua recerca permanent de nous horitzons a trav\u00e9s de tres obres: <strong>High Wire<\/strong>, de <strong>John Mackey<\/strong>; <strong>Belkis, Reina de Saba<\/strong>, d&#8217;<strong>Ottorino Respighi<\/strong>; i <strong>Breathing Bits. Sinfon\u00eda n.\u00ba 0<\/strong>, composta pel mateix <strong>G\u00f3mez Soler<\/strong>.<\/p>\n\n\n\n<p class=\"wp-block-paragraph\"><strong>Una cita imprescindible per als amants de la m\u00fasica<\/strong><\/p>\n\n\n\n<p class=\"wp-block-paragraph\">M\u00e9s enll\u00e0 de la qualitat dels seus programes, el <strong>Mano a Mano<\/strong> representa una tradici\u00f3 \u00fanica que nom\u00e9s es pot entendre a <strong>Bunyol<\/strong>, un municipi on la m\u00fasica forma part de la vida quotidiana i on dos societats musicals centen\u00e0ries han convertit la formaci\u00f3, la cultura i el patrimoni band\u00edstic en una de les seues principals senyes d&#8217;identitat.<\/p>\n\n\n\n<p class=\"wp-block-paragraph\">La singularitat del concert, l&#8217;incomparable marc de l&#8217;<strong>Auditori de Sant Llu\u00eds<\/strong> i el nivell interpretatiu de les dos formacions convertixen cada edici\u00f3 en una experi\u00e8ncia que transcendix l&#8217;\u00e0mbit musical i atrau cada estiu milers d&#8217;espectadors procedents de tota la Comunitat Valenciana i de nombrosos punts d&#8217;Espanya.<\/p>\n\n\n\n<p class=\"wp-block-paragraph\">Les entrades per a assistir al concert tenen un preu de <strong>18 euros en venda anticipada<\/strong> i <strong>20 euros en taquilla<\/strong>. La venda anticipada es dur\u00e0 a terme els dies <strong>7, 12 i 13 d&#8217;agost<\/strong>, de <strong>19.00 a 21.00 hores<\/strong>, a la <strong>Sala Raga de Bunyol<\/strong> (C. Pelayo, 12). Tota la informaci\u00f3 est\u00e0 disponible en la web <strong>manoamanobunyol.com<\/strong>.<\/p>\n\n\n\n<p class=\"wp-block-paragraph\">Amb m\u00e9s de mig segle d&#8217;hist\u00f2ria, el <strong>Mano a Mano<\/strong> continua consolidant-se com un dels grans referents de la m\u00fasica simf\u00f2nica per a banda a Espanya i com una de les cites imprescindibles de l&#8217;estiu cultural valenci\u00e0.<\/p>\n","protected":false},"excerpt":{"rendered":"<div class=\"mh-excerpt\">&#8220;La Art\u00edstica&#8221; i &#8220;La Arm\u00f3nica&#8221; tornaran a compartir escenari el pr\u00f2xim 15 d&#8217;agost a les 22,30 hores a l&#8217;Auditori Municipal de Sant Llu\u00eds amb dos programes de m\u00e0xima exig\u00e8ncia art\u00edstica. Les entrades per a assistir <a class=\"mh-excerpt-more\" href=\"https:\/\/tucomarca.whitekongsoftware.com\/ca\/bunyol-celebra-la-51a-edicio-del-mano-a-mano-el-concert-que-convertix-la-rivalitat-entre-dos-bandes-centenaries-en-un-dels-majors-espectacles-musicals-despanya\/\" title=\"Bunyol celebra la 51a edici\u00f3 del &#8216;Mano a mano&#8217;, el concert que convertix la rivalitat entre dos bandes centen\u00e0ries en un dels majors espectacles musicals d&#8217;Espanya\">[+] <\/a><\/div>\n","protected":false},"author":12,"featured_media":309151,"comment_status":"closed","ping_status":"open","sticky":false,"template":"","format":"standard","meta":{"footnotes":""},"categories":[11019,10911,11005,10898,10894,10912,11007,10896],"tags":[10913,10914,24636],"class_list":["post-309153","post","type-post","status-publish","format-standard","has-post-thumbnail","category-agenda-ca","category-bunol-ca","category-canal-musica","category-ventana-ca","category-la-comarca-ca","category-la-hoya-ca","category-ocio-y-cultura-ca","category-seccion-ca","tag-bunol-ca","tag-la-hoya-de-bunol-chiva-ca","tag-mano-a-mano-2026"],"_links":{"self":[{"href":"https:\/\/tucomarca.whitekongsoftware.com\/ca\/wp-json\/wp\/v2\/posts\/309153","targetHints":{"allow":["GET"]}}],"collection":[{"href":"https:\/\/tucomarca.whitekongsoftware.com\/ca\/wp-json\/wp\/v2\/posts"}],"about":[{"href":"https:\/\/tucomarca.whitekongsoftware.com\/ca\/wp-json\/wp\/v2\/types\/post"}],"author":[{"embeddable":true,"href":"https:\/\/tucomarca.whitekongsoftware.com\/ca\/wp-json\/wp\/v2\/users\/12"}],"replies":[{"embeddable":true,"href":"https:\/\/tucomarca.whitekongsoftware.com\/ca\/wp-json\/wp\/v2\/comments?post=309153"}],"version-history":[{"count":2,"href":"https:\/\/tucomarca.whitekongsoftware.com\/ca\/wp-json\/wp\/v2\/posts\/309153\/revisions"}],"predecessor-version":[{"id":309181,"href":"https:\/\/tucomarca.whitekongsoftware.com\/ca\/wp-json\/wp\/v2\/posts\/309153\/revisions\/309181"}],"wp:featuredmedia":[{"embeddable":true,"href":"https:\/\/tucomarca.whitekongsoftware.com\/ca\/wp-json\/wp\/v2\/media\/309151"}],"wp:attachment":[{"href":"https:\/\/tucomarca.whitekongsoftware.com\/ca\/wp-json\/wp\/v2\/media?parent=309153"}],"wp:term":[{"taxonomy":"category","embeddable":true,"href":"https:\/\/tucomarca.whitekongsoftware.com\/ca\/wp-json\/wp\/v2\/categories?post=309153"},{"taxonomy":"post_tag","embeddable":true,"href":"https:\/\/tucomarca.whitekongsoftware.com\/ca\/wp-json\/wp\/v2\/tags?post=309153"}],"curies":[{"name":"wp","href":"https:\/\/api.w.org\/{rel}","templated":true}]}}