{"id":309143,"date":"2026-07-30T10:50:00","date_gmt":"2026-07-30T08:50:00","guid":{"rendered":"https:\/\/www.tucomarca.com\/wordpress\/segunda\/?p=309143"},"modified":"2026-07-30T20:32:58","modified_gmt":"2026-07-30T18:32:58","slug":"el-pp-de-leliana-exigeix-ajudes-per-als-comerciants-del-nucli-urba-per-les-obres-i-la-falta-daparcament","status":"publish","type":"post","link":"https:\/\/tucomarca.whitekongsoftware.com\/ca\/el-pp-de-leliana-exigeix-ajudes-per-als-comerciants-del-nucli-urba-per-les-obres-i-la-falta-daparcament\/","title":{"rendered":"El PP de l&#8217;Eliana exigeix ajudes per als comerciants del nucli urb\u00e0 per les obres i la falta d&#8217;aparcament"},"content":{"rendered":"\n<h3 class=\"wp-block-heading\">Sol\u00b7liciten un bo comer\u00e7 extraordinari. Reclamen ajudes directes per les p\u00e8rdues. Y aseguren que &#8220;no hi ha un pla a futur per a l&#8217;aparcament necessari&#8221;.<\/h3>\n\n\n\n<p class=\"wp-block-paragraph\">El Partit Popular de l&#8217;Eliana exigeix m\u00e9s ajudes directes, un bo comercie que se sume al de nadal i noves places d&#8217;aparcament per a pal\u00b7liar els perjudicis de les obres impulsades pel govern del PSOE i Comprom\u00eds.<\/p>\n\n\n\n<p class=\"wp-block-paragraph\">Els populars han reclamat al govern municipal un major comprom\u00eds amb els comer\u00e7os afectats per les obres de conversi\u00f3 en zona de vianants que s&#8217;estan executant en el nucli urb\u00e0, en considerar que les mesures anunciades fins a la data resulten insuficients per a compensar els perjudicis que estan patint nombrosos establiments.<\/p>\n\n\n\n<p class=\"wp-block-paragraph\">Els populars defensen que qualsevol ajuda \u00e9s positiva, per\u00f2 consideren que l&#8217;Ajuntament ha d&#8217;anar m\u00e9s enll\u00e0 i aprovar un paquet extraordinari de mesures que permeta protegir els negocis que estan veient redu\u00efda la seua activitat com a conseq\u00fc\u00e8ncia directa d&#8217;unes obres &#8220;interminables&#8221; promogudes per l&#8217;actual equip de govern local.<\/p>\n\n\n\n<p class=\"wp-block-paragraph\">Per aix\u00f2, el PP proposa unes ajudes econ\u00f2miques per als comer\u00e7os afectats, lligades a les p\u00e8rdues ocasionades, i no \u00fanicament una promesa d&#8217;estudi. Al seu torn sol\u00b7liciten posar en marxa un bo comercie espec\u00edfic i immediat, destinat a incentivar les compres en els establiments del nucli urb\u00e0. Aquesta mesura permetria atraure clients, recuperar activitat econ\u00f2mica i fer costat als aut\u00f2noms i xicotets empresaris que estan suportant les conseq\u00fc\u00e8ncies d&#8217;uns treballs que els estan perjudicant greument i que avancen molt lentament.<\/p>\n\n\n\n<p class=\"wp-block-paragraph\">A m\u00e9s, el Partit Popular den\u00fancia la progressiva eliminaci\u00f3 de places d&#8217;aparcament derivada del projecte de conversi\u00f3 en zona de vianants. Segons la formaci\u00f3, la falta d&#8217;estacionament est\u00e0 dificultant l&#8217;acc\u00e9s de ve\u00efns i visitants al centre urb\u00e0, reduint el flux de clients cap a molts comer\u00e7os.<\/p>\n\n\n\n<p class=\"wp-block-paragraph\">Per al regidor Alfredo Alfonso, \u201cel PSOE est\u00e0 al\u00e7ant el centre urb\u00e0 sense oferir alternatives suficients per a l&#8217;estacionament ni mesures de suport concordes al perjudici que estan patint els comerciants\u201d. I afig, \u201cno es pot demanar sacrificis als negocis locals mentre s&#8217;eliminen places d&#8217;aparcament i disminueix l&#8217;accessibilitat a les zones comercials\u201d.<\/p>\n\n\n\n<p class=\"wp-block-paragraph\">Per aix\u00f2, els populars exigeixen la creaci\u00f3 de noves bosses d&#8217;aparcament, recordant que els p\u00e0rquings existents s\u00f3n llogats i per tant provisionals. Reclamen un pla de mobilitat real que no criminalitze al conductor i que compense la p\u00e8rdua de places provocada per les obres, garantint que ve\u00efns i clients puguen continuar accedint amb comoditat al centre de l&#8217;Eliana.<\/p>\n\n\n\n<p class=\"wp-block-paragraph\">El PP considera que la modernitzaci\u00f3 urbana ha de realitzar-se des del consens i amb mesures que minimitzen l&#8217;impacte sobre l&#8217;activitat econ\u00f2mica. El seu portaveu a l&#8217;ajuntament, Mar\u00eda Jos\u00e9 Marco, \u201cestem a favor d&#8217;invertir en el nostre municipi, per\u00f2 no de fer-lo a costa dels qui creguen ocupaci\u00f3 i riquesa. El comer\u00e7 local necessita m\u00e9s suport, m\u00e9s ajudes i solucions reals per a l&#8217;aparcament\u201d.<\/p>\n\n\n\n<p class=\"wp-block-paragraph\">La formaci\u00f3 conclou reclamant al govern socialista i de Comprom\u00eds que rectifique i aprove un pla integral de suport al comer\u00e7 afectat per les obres, que incloga majors subvencions, un bo comercie extraordinari i noves places d&#8217;estacionament per a evitar que els negocis continuen pagant les conseq\u00fc\u00e8ncies d&#8217;una gesti\u00f3 que consideren insuficient.<\/p>\n","protected":false},"excerpt":{"rendered":"<div class=\"mh-excerpt\">Sol\u00b7liciten un bo comer\u00e7 extraordinari. Reclamen ajudes directes per les p\u00e8rdues. Y aseguren que &#8220;no hi ha un pla a futur per a l&#8217;aparcament necessari&#8221;. El Partit Popular de l&#8217;Eliana exigeix m\u00e9s ajudes directes, un <a class=\"mh-excerpt-more\" href=\"https:\/\/tucomarca.whitekongsoftware.com\/ca\/el-pp-de-leliana-exigeix-ajudes-per-als-comerciants-del-nucli-urba-per-les-obres-i-la-falta-daparcament\/\" title=\"El PP de l&#8217;Eliana exigeix ajudes per als comerciants del nucli urb\u00e0 per les obres i la falta d&#8217;aparcament\">[+] <\/a><\/div>\n","protected":false},"author":12,"featured_media":309142,"comment_status":"closed","ping_status":"open","sticky":false,"template":"","format":"standard","meta":{"footnotes":""},"categories":[10892,10948,10894,10893,10947,10896],"tags":[],"class_list":["post-309143","post","type-post","status-publish","format-standard","has-post-thumbnail","category-camp-de-turia-ca","category-infraestructuras-ca","category-la-comarca-ca","category-leliana-ca","category-politica","category-seccion-ca"],"_links":{"self":[{"href":"https:\/\/tucomarca.whitekongsoftware.com\/ca\/wp-json\/wp\/v2\/posts\/309143","targetHints":{"allow":["GET"]}}],"collection":[{"href":"https:\/\/tucomarca.whitekongsoftware.com\/ca\/wp-json\/wp\/v2\/posts"}],"about":[{"href":"https:\/\/tucomarca.whitekongsoftware.com\/ca\/wp-json\/wp\/v2\/types\/post"}],"author":[{"embeddable":true,"href":"https:\/\/tucomarca.whitekongsoftware.com\/ca\/wp-json\/wp\/v2\/users\/12"}],"replies":[{"embeddable":true,"href":"https:\/\/tucomarca.whitekongsoftware.com\/ca\/wp-json\/wp\/v2\/comments?post=309143"}],"version-history":[{"count":4,"href":"https:\/\/tucomarca.whitekongsoftware.com\/ca\/wp-json\/wp\/v2\/posts\/309143\/revisions"}],"predecessor-version":[{"id":309175,"href":"https:\/\/tucomarca.whitekongsoftware.com\/ca\/wp-json\/wp\/v2\/posts\/309143\/revisions\/309175"}],"wp:featuredmedia":[{"embeddable":true,"href":"https:\/\/tucomarca.whitekongsoftware.com\/ca\/wp-json\/wp\/v2\/media\/309142"}],"wp:attachment":[{"href":"https:\/\/tucomarca.whitekongsoftware.com\/ca\/wp-json\/wp\/v2\/media?parent=309143"}],"wp:term":[{"taxonomy":"category","embeddable":true,"href":"https:\/\/tucomarca.whitekongsoftware.com\/ca\/wp-json\/wp\/v2\/categories?post=309143"},{"taxonomy":"post_tag","embeddable":true,"href":"https:\/\/tucomarca.whitekongsoftware.com\/ca\/wp-json\/wp\/v2\/tags?post=309143"}],"curies":[{"name":"wp","href":"https:\/\/api.w.org\/{rel}","templated":true}]}}