{"id":309137,"date":"2026-07-30T10:30:00","date_gmt":"2026-07-30T08:30:00","guid":{"rendered":"https:\/\/www.tucomarca.com\/wordpress\/segunda\/?p=309137"},"modified":"2026-07-30T20:30:31","modified_gmt":"2026-07-30T18:30:31","slug":"lajuntament-de-xest-escometra-la-renovacio-integral-de-la-piscina-municipal-amb-15-milions-deuros","status":"publish","type":"post","link":"https:\/\/tucomarca.whitekongsoftware.com\/ca\/lajuntament-de-xest-escometra-la-renovacio-integral-de-la-piscina-municipal-amb-15-milions-deuros\/","title":{"rendered":"L&#8217;Ajuntament de Xest escometr\u00e0 la renovaci\u00f3 integral de la piscina municipal amb 1,5 milions d&#8217;euros"},"content":{"rendered":"\n<h3 class=\"wp-block-heading\">L&#8217;alcalde ha explicat en el ple ordinari de juliol que les obres, incloses en el programa de reconstrucci\u00f3 d&#8217;infraestructures municipals del Ministeri de Pol\u00edtica Territorial, comen\u00e7aran al setembre, al tancament de la temporada estival, i tenen com a objectiu deixar les instal\u00b7lacions llestes per a l&#8217;estiu de 2027.<\/h3>\n\n\n\n<p class=\"wp-block-paragraph\">Xest, 30 de juliol.- L&#8217;alcalde de Xest, Jos\u00e9 Morell, ha anunciat durant el ple ordinari celebrat el 29 de juliol la imminent renovaci\u00f3 integral del complex de piscines del poliesportiu municipal, una actuaci\u00f3 de gran import\u00e0ncia que suposar\u00e0 una inversi\u00f3 d&#8217;1.500.000 euros finan\u00e7ada pel Ministeri de Pol\u00edtica Territorial a trav\u00e9s del programa extraordinari d&#8217;ajudes a municipis afectats per la DANA. Les obres han sigut ja adjudicades i estan previstes per a comen\u00e7ar al setembre, una vegada finalitze la temporada de bany, amb un termini d&#8217;execuci\u00f3 d&#8217;entre nou i deu mesos.<\/p>\n\n\n\n<p class=\"wp-block-paragraph\">&#8220;Una de les primeres grans obres relacionades amb la DANA que tirar\u00e0 avant a Xest \u00e9s la reforma integral de la piscina municipal. Una instal\u00b7laci\u00f3 que t\u00e9 prop de quaranta anys, que ja acusava el pas del temps i que la DANA va deteriorar encara m\u00e9s. Era una actuaci\u00f3 absolutament necess\u00e0ria&#8221;, ha explicat l&#8217;alcalde Jos\u00e9 Morell en el transcurs del ple, en el qual ha volgut destacar que aquesta inversi\u00f3 no sols repara els danys de la cat\u00e0strofe, sin\u00f3 que modernitza unes instal\u00b7lacions amb d\u00e8cades d&#8217;hist\u00f2ria: &#8220;L&#8217;objectiu \u00e9s que estiguen llestes per a la pr\u00f2xima temporada, i tenim marge suficient per a arribar a temps&#8221;, ha explicat.<\/p>\n\n\n\n<p class=\"wp-block-paragraph\">La intervenci\u00f3, que l&#8217;alcalde ha qualificat de &#8220;rehabilitaci\u00f3 absolutament integral&#8221;, abordar\u00e0 diverses de les defici\u00e8ncies estructurals i funcionals que acumulava la instal\u00b7laci\u00f3. Es far\u00e0 desbordant en tots els seus punts, en compliment de la normativa vigent, el sistema de filtraci\u00f3, actualment subterrani i amb problemes cr\u00f2nics quan plou, rebr\u00e0 una soluci\u00f3 definitiva per a eliminar les filtracions que s&#8217;han produ\u00eft en repetides ocasions, fins i tot amb independ\u00e8ncia de la DANA. S&#8217;ampliar\u00e0 tamb\u00e9 la platja de gespa adjacent a la piscina gran, i guanyar\u00e0 terreny cap al lateral de l&#8217;arbreda. Finalment, s&#8217;escometr\u00e0 la rehabilitaci\u00f3 completa dels vestuaris, amb renovaci\u00f3 de portes i revestiments.<\/p>\n\n\n\n<figure class=\"wp-block-image size-full\"><img loading=\"lazy\" decoding=\"async\" width=\"787\" height=\"463\" src=\"https:\/\/www.tucomarca.com\/wordpress\/segunda\/wp-content\/uploads\/2026\/07\/Cheste-simulacion_piscina.jpg\" alt=\"\" class=\"wp-image-309133\" srcset=\"https:\/\/tucomarca.whitekongsoftware.com\/wp-content\/uploads\/2026\/07\/Cheste-simulacion_piscina.jpg 787w, https:\/\/tucomarca.whitekongsoftware.com\/wp-content\/uploads\/2026\/07\/Cheste-simulacion_piscina-648x381.jpg 648w, https:\/\/tucomarca.whitekongsoftware.com\/wp-content\/uploads\/2026\/07\/Cheste-simulacion_piscina-768x452.jpg 768w\" sizes=\"auto, (max-width: 787px) 100vw, 787px\" \/><\/figure>\n\n\n\n<p class=\"wp-block-paragraph\">\u201cEntenem que sempre hi ha imprevistos quan es desenvolupa una obra, hi ha m\u00e9s d&#8217;eixe calat\u201d, ha destacat Morell, \u201ci sempre existeix la possibilitat d&#8217;algun retard, per pluges, per problemes log\u00edstics, o per qualsevol altre imponderable, per\u00f2 creiem que hi ha un marge suficient per a arribar a temps a la temporada de l&#8217;any que ve. Per aix\u00f2 comencem just en acabar aquesta.\u201d<\/p>\n\n\n\n<p class=\"wp-block-paragraph\"><strong>Un llarg cam\u00ed des de la DANA<\/strong><\/p>\n\n\n\n<p class=\"wp-block-paragraph\">Aquesta reforma \u00e9s l&#8217;\u00faltima baula d&#8217;una cadena d&#8217;actuacions que l&#8217;Ajuntament ha anat executant des de la cat\u00e0strofe. La DANA va afectar especialment la depuradora de la piscina de Xest, que en l&#8217;estiu de 2025 va poder obrir gr\u00e0cies a la donaci\u00f3 de l&#8217;empresa Dorna \u2014organitzadora del Gran Premi de MotoGP de Xest\u2014 i a una primera intervenci\u00f3 d&#8217;emerg\u00e8ncia d&#8217;uns 100.000 euros amb c\u00e0rrec a les ajudes del Govern. Entre octubre de 2025 i maig de 2026 es va executar una primera fase d&#8217;obres en el poliesportiu, finan\u00e7ada pel Ministeri de Joventut i Inf\u00e0ncia per import de 429.670,06 euros i adjudicada a l&#8217;empresa Avant Gesti\u00f3 T\u00e8cnica S.L., que va permetre reparar la coberta del pavell\u00f3, els vestuaris, les portes i reposar el material esportiu destru\u00eft. Gr\u00e0cies a aix\u00f2, la piscina va poder obrir el passat 20 de juny per a la temporada 2026 amb les instal\u00b7lacions en condicions.<\/p>\n\n\n\n<p class=\"wp-block-paragraph\">La renovaci\u00f3 integral que ara s&#8217;anuncia s&#8217;emmarca en l&#8217;ambici\u00f3s pla de reconstrucci\u00f3 impulsat pel Govern central. El Ministeri de Pol\u00edtica Territorial va comprometre fins a 1.745 milions d&#8217;euros per a finan\u00e7ar fins a 500 intervencions en municipis afectats per la DANA, incloent-hi instal\u00b7lacions esportives, amb l&#8217;avan\u00e7ament del 100% dels costos de reparaci\u00f3 i la possibilitat d&#8217;incorporar millores que augmenten la resist\u00e8ncia de les infraestructures al canvi clim\u00e0tic.<\/p>\n\n\n\n<p class=\"wp-block-paragraph\">D&#8217;altra banda, el ple va aprovar per unanimitat la creaci\u00f3 del Registre de Programes d&#8217;Actuaci\u00f3 i del Registre d&#8217;Agrupacions d&#8217;Inter\u00e9s Urban\u00edstic i Entitats Urban\u00edstiques Col\u00b7laboradores de l&#8217;Ajuntament de Xest, previstos en l&#8217;article 178 del Text Ref\u00f3s de la Llei d&#8217;Ordenaci\u00f3 del Territori, Urbanisme i Paisatge de la Comunitat Valenciana. Es tracta d&#8217;una mesura d&#8217;obligat compliment que arriba despr\u00e9s de l&#8217;aprovaci\u00f3 del Pla General Estructural, validat definitivament el mes de desembre passat.<\/p>\n","protected":false},"excerpt":{"rendered":"<div class=\"mh-excerpt\">L&#8217;alcalde ha explicat en el ple ordinari de juliol que les obres, incloses en el programa de reconstrucci\u00f3 d&#8217;infraestructures municipals del Ministeri de Pol\u00edtica Territorial, comen\u00e7aran al setembre, al tancament de la temporada estival, i <a class=\"mh-excerpt-more\" href=\"https:\/\/tucomarca.whitekongsoftware.com\/ca\/lajuntament-de-xest-escometra-la-renovacio-integral-de-la-piscina-municipal-amb-15-milions-deuros\/\" title=\"L&#8217;Ajuntament de Xest escometr\u00e0 la renovaci\u00f3 integral de la piscina municipal amb 1,5 milions d&#8217;euros\">[+] <\/a><\/div>\n","protected":false},"author":12,"featured_media":309132,"comment_status":"closed","ping_status":"open","sticky":false,"template":"","format":"standard","meta":{"footnotes":""},"categories":[21466,10948,10894,10904,10912,10947,10896,10974],"tags":[11071,15409,10914,12220],"class_list":["post-309137","post","type-post","status-publish","format-standard","has-post-thumbnail","category-dana-ca","category-infraestructuras-ca","category-la-comarca-ca","category-sin-categorizar-ca","category-la-hoya-ca","category-politica","category-seccion-ca","category-cheste-ca","tag-cheste","tag-dana-2-ca","tag-la-hoya-de-bunol-chiva-ca","tag-piscina-municipal-ca"],"_links":{"self":[{"href":"https:\/\/tucomarca.whitekongsoftware.com\/ca\/wp-json\/wp\/v2\/posts\/309137","targetHints":{"allow":["GET"]}}],"collection":[{"href":"https:\/\/tucomarca.whitekongsoftware.com\/ca\/wp-json\/wp\/v2\/posts"}],"about":[{"href":"https:\/\/tucomarca.whitekongsoftware.com\/ca\/wp-json\/wp\/v2\/types\/post"}],"author":[{"embeddable":true,"href":"https:\/\/tucomarca.whitekongsoftware.com\/ca\/wp-json\/wp\/v2\/users\/12"}],"replies":[{"embeddable":true,"href":"https:\/\/tucomarca.whitekongsoftware.com\/ca\/wp-json\/wp\/v2\/comments?post=309137"}],"version-history":[{"count":2,"href":"https:\/\/tucomarca.whitekongsoftware.com\/ca\/wp-json\/wp\/v2\/posts\/309137\/revisions"}],"predecessor-version":[{"id":309173,"href":"https:\/\/tucomarca.whitekongsoftware.com\/ca\/wp-json\/wp\/v2\/posts\/309137\/revisions\/309173"}],"wp:featuredmedia":[{"embeddable":true,"href":"https:\/\/tucomarca.whitekongsoftware.com\/ca\/wp-json\/wp\/v2\/media\/309132"}],"wp:attachment":[{"href":"https:\/\/tucomarca.whitekongsoftware.com\/ca\/wp-json\/wp\/v2\/media?parent=309137"}],"wp:term":[{"taxonomy":"category","embeddable":true,"href":"https:\/\/tucomarca.whitekongsoftware.com\/ca\/wp-json\/wp\/v2\/categories?post=309137"},{"taxonomy":"post_tag","embeddable":true,"href":"https:\/\/tucomarca.whitekongsoftware.com\/ca\/wp-json\/wp\/v2\/tags?post=309137"}],"curies":[{"name":"wp","href":"https:\/\/api.w.org\/{rel}","templated":true}]}}