{"id":309099,"date":"2026-07-29T13:00:00","date_gmt":"2026-07-29T11:00:00","guid":{"rendered":"https:\/\/www.tucomarca.com\/wordpress\/segunda\/?p=309099"},"modified":"2026-07-29T20:31:21","modified_gmt":"2026-07-29T18:31:21","slug":"la-diputacio-de-valencia-posa-en-servici-el-nou-tracat-de-la-cv-383-entre-cheste-i-loriguilla","status":"publish","type":"post","link":"https:\/\/tucomarca.whitekongsoftware.com\/ca\/la-diputacio-de-valencia-posa-en-servici-el-nou-tracat-de-la-cv-383-entre-cheste-i-loriguilla\/","title":{"rendered":"La Diputaci\u00f3 de Val\u00e8ncia posa en servici el nou tra\u00e7at de la CV-383 entre Cheste i Loriguilla"},"content":{"rendered":"\n<h3 class=\"wp-block-heading\"><strong>La via original va quedar parcialment sepultada per la dana d&#8217;octubre de 2024, per la qual cosa es va habilitar una carretera paral\u00b7lela que ha garantit la circulaci\u00f3 segura entre els dos municipis fins a l&#8217;obertura del tra\u00e7at definitiu<\/strong>.<\/h3>\n\n\n\n<h3 class=\"wp-block-heading\"><strong>La diputada de Carreteres, Reme Mazzolari, destaca que la nova variant, executada fora del llit del barranc, oferix &#8220;una soluci\u00f3 definitiva, m\u00e9s segura i resilient&#8221;<\/strong>.<\/h3>\n\n\n\n<p class=\"wp-block-paragraph\">La diputada de Carreteres i vicepresidenta segona de la Diputaci\u00f3 de Val\u00e8ncia, Reme Mazzolari, ha visitat este mat\u00ed la nova variant de la CV-383 entre Cheste i Loriguilla, oberta ja al tr\u00e0nsit, amb la qual culmina la recuperaci\u00f3 definitiva de les carreteres de la xarxa provincial afectades per la dana del 29 d&#8217;octubre de 2024.<\/p>\n\n\n\n<p class=\"wp-block-paragraph\">La responsable provincial ha recordat que &#8220;en esta via, la for\u00e7a de l&#8217;aigua va arrasar m\u00e9s de 300 metres de carretera i va erosionar el terreny, de manera que els extrems del tram que van romandre en peu van quedar suspesos tres metres per damunt del nou llit del barranc; cosa que demostra del grau d&#8217;afectaci\u00f3 que tenia&#8221; i incidix en qu\u00e8 &#8220;tot i la magnitud dels danys, la connexi\u00f3 entre els dos municipis va quedar garantida a penes tres setmanes despr\u00e9s des de la dana, mitjan\u00e7ant un desviament provisional, ja que en aquell moment altres vies importants de la zona, com la CV-378 i la CV-50, continuaven tallades pels danys dels seus ponts&#8221;.<\/p>\n\n\n\n<p class=\"wp-block-paragraph\">\u201cDe manera paral\u00b7lela -continua- ens vam posar a treballar en una soluci\u00f3 definitiva que no es limitara a reconstruir la carretera en el mateix lloc, sin\u00f3 que oferira majors garanties de seguretat i redu\u00efra la seua vulnerabilitat davant futurs episodis meteorol\u00f2gics extrems; alguna cosa que ha portat m\u00e9s temps perqu\u00e8 el nou tra\u00e7at segur implicava dur a terme algunes expropiacions\u201d.<\/p>\n\n\n\n<p class=\"wp-block-paragraph\">Aix\u00ed, la nova carretera, de prop d&#8217;un quil\u00f2metre de longitud, s&#8217;ha constru\u00eft en una zona m\u00e9s segura i allunyada del barranc, incorporant a m\u00e9s millores per a facilitar l&#8217;evacuaci\u00f3 de l&#8217;aigua i reduir l&#8217;impacte de futures avingudes. L&#8217;actuaci\u00f3 tamb\u00e9 ha perm\u00e9s reposar els sistemes de reg afectats i reutilitzar part dels materials depositats per la dana.<\/p>\n\n\n\n<p class=\"wp-block-paragraph\">La inversi\u00f3 destinada al desviament provisional i a l&#8217;execuci\u00f3 de la nova variant ha ascendit a 1,35 milions d&#8217;euros. \u201cAmb l&#8217;obertura de la carretera reconstru\u00efda es culmina un enorme treball que recupera de manera definitiva una infraestructura fonamental per a la mobilitat entre Cheste i Loriguilla i per a la seua connexi\u00f3 amb l&#8217;A-3\u201d, ha concl\u00f2s Reme Mazzolari.<\/p>\n","protected":false},"excerpt":{"rendered":"<div class=\"mh-excerpt\">La via original va quedar parcialment sepultada per la dana d&#8217;octubre de 2024, per la qual cosa es va habilitar una carretera paral\u00b7lela que ha garantit la circulaci\u00f3 segura entre els dos municipis fins a <a class=\"mh-excerpt-more\" href=\"https:\/\/tucomarca.whitekongsoftware.com\/ca\/la-diputacio-de-valencia-posa-en-servici-el-nou-tracat-de-la-cv-383-entre-cheste-i-loriguilla\/\" title=\"La Diputaci\u00f3 de Val\u00e8ncia posa en servici el nou tra\u00e7at de la CV-383 entre Cheste i Loriguilla\">[+] <\/a><\/div>\n","protected":false},"author":13,"featured_media":309097,"comment_status":"closed","ping_status":"open","sticky":false,"template":"","format":"standard","meta":{"footnotes":""},"categories":[10892,10898,10948,10894,10912,10931,10903,10947,10896,10974],"tags":[10899,11071,10914,11431],"class_list":["post-309099","post","type-post","status-publish","format-standard","has-post-thumbnail","category-camp-de-turia-ca","category-ventana-ca","category-infraestructuras-ca","category-la-comarca-ca","category-la-hoya-ca","category-loriguilla-ca","category-medio-ambiente-la-comarca-ca","category-politica","category-seccion-ca","category-cheste-ca","tag-camp-de-turia-ca","tag-cheste","tag-la-hoya-de-bunol-chiva-ca","tag-loriguilla-ca"],"_links":{"self":[{"href":"https:\/\/tucomarca.whitekongsoftware.com\/ca\/wp-json\/wp\/v2\/posts\/309099","targetHints":{"allow":["GET"]}}],"collection":[{"href":"https:\/\/tucomarca.whitekongsoftware.com\/ca\/wp-json\/wp\/v2\/posts"}],"about":[{"href":"https:\/\/tucomarca.whitekongsoftware.com\/ca\/wp-json\/wp\/v2\/types\/post"}],"author":[{"embeddable":true,"href":"https:\/\/tucomarca.whitekongsoftware.com\/ca\/wp-json\/wp\/v2\/users\/13"}],"replies":[{"embeddable":true,"href":"https:\/\/tucomarca.whitekongsoftware.com\/ca\/wp-json\/wp\/v2\/comments?post=309099"}],"version-history":[{"count":2,"href":"https:\/\/tucomarca.whitekongsoftware.com\/ca\/wp-json\/wp\/v2\/posts\/309099\/revisions"}],"predecessor-version":[{"id":309117,"href":"https:\/\/tucomarca.whitekongsoftware.com\/ca\/wp-json\/wp\/v2\/posts\/309099\/revisions\/309117"}],"wp:featuredmedia":[{"embeddable":true,"href":"https:\/\/tucomarca.whitekongsoftware.com\/ca\/wp-json\/wp\/v2\/media\/309097"}],"wp:attachment":[{"href":"https:\/\/tucomarca.whitekongsoftware.com\/ca\/wp-json\/wp\/v2\/media?parent=309099"}],"wp:term":[{"taxonomy":"category","embeddable":true,"href":"https:\/\/tucomarca.whitekongsoftware.com\/ca\/wp-json\/wp\/v2\/categories?post=309099"},{"taxonomy":"post_tag","embeddable":true,"href":"https:\/\/tucomarca.whitekongsoftware.com\/ca\/wp-json\/wp\/v2\/tags?post=309099"}],"curies":[{"name":"wp","href":"https:\/\/api.w.org\/{rel}","templated":true}]}}