{"id":309093,"date":"2026-07-29T12:00:00","date_gmt":"2026-07-29T10:00:00","guid":{"rendered":"https:\/\/www.tucomarca.com\/wordpress\/segunda\/?p=309093"},"modified":"2026-07-29T20:09:06","modified_gmt":"2026-07-29T18:09:06","slug":"sanitat-invertix-en-2026-mes-d15-milions-deuros-en-la-modernitzacio-i-millora-dels-centres-datencio-primaria-del-departament-de-salut-de-la-ribera","status":"publish","type":"post","link":"https:\/\/tucomarca.whitekongsoftware.com\/ca\/sanitat-invertix-en-2026-mes-d15-milions-deuros-en-la-modernitzacio-i-millora-dels-centres-datencio-primaria-del-departament-de-salut-de-la-ribera\/","title":{"rendered":"Sanitat invertix en 2026 m\u00e9s d\u20191,5 milions d\u2019euros en la modernitzaci\u00f3 i millora dels centres d\u2019Atenci\u00f3 Prim\u00e0ria del Departament de Salut de la Ribera"},"content":{"rendered":"\n<h3 class=\"wp-block-heading\"><strong>La inversi\u00f3 inclou el nou consultori de Massalav\u00e9s, aix\u00ed com equipament i mobiliari, climatitzaci\u00f3 i obres de reforma en diversos centres<\/strong>.<\/h3>\n\n\n\n<h3 class=\"wp-block-heading\"><strong>Les actuacions ja s\u2019han executat o estan en diverses fases de tramitaci\u00f3, amb previsi\u00f3 de finalitzar durant 2026<\/strong>.<\/h3>\n\n\n\n<p class=\"wp-block-paragraph\">La Conselleria de Sanitat ha destinat en 2026 m\u00e9s d\u20191,5 milions d\u2019euros a la modernitzaci\u00f3 i millora dels centres d\u2019Atenci\u00f3 Prim\u00e0ria del Departament de Salut de la Ribera.<\/p>\n\n\n\n<p class=\"wp-block-paragraph\">Esta inversi\u00f3 s\u2019articula en diverses l\u00ednies d\u2019actuaci\u00f3 que inclouen la construcci\u00f3 del nou consultori de Massalav\u00e9s, l\u2019adquisici\u00f3 d\u2019equipament sanitari, la renovaci\u00f3 de mobiliari cl\u00ednic i general, la millora dels sistemes de climatitzaci\u00f3 i l\u2019execuci\u00f3 d\u2019obres de reforma en diferents centres de salut.<\/p>\n\n\n\n<p class=\"wp-block-paragraph\">Les actuacions es troben ja executades o en diferents fases de licitaci\u00f3 i tramitaci\u00f3, amb previsi\u00f3 de finalitzaci\u00f3 al llarg de 2026.<\/p>\n\n\n\n<p class=\"wp-block-paragraph\">En l\u2019\u00e0mbit d\u2019infraestructures, destaca la construcci\u00f3 del nou consultori de Massalav\u00e9s, actualment en fase d\u2019execuci\u00f3, amb una inversi\u00f3 de prop de 650.000 euros. El nou centre comptar\u00e0 amb una superf\u00edcie de 290 metres quadrats i permetr\u00e0 ampliar i modernitzar l\u2019atenci\u00f3 sanit\u00e0ria en el municipi.<\/p>\n\n\n\n<p class=\"wp-block-paragraph\">Aix\u00ed mateix, s\u2019han destinat m\u00e9s de 310.000 euros a obres de reforma en diversos centres de salut, que inclouen actuacions d\u2019adequaci\u00f3 d\u2019espais, millora de consultes, substituci\u00f3 de portes i finestres i renovaci\u00f3 d\u2019ascensors, entre altres intervencions.<\/p>\n\n\n\n<p class=\"wp-block-paragraph\">En l\u2019\u00e0rea d\u2019equipament i mobiliari, la inversi\u00f3 ascendix a prop de 330.000 euros, destinats a l\u2019adquisici\u00f3 d\u2019equips d\u2019electromedicina, mobiliari cl\u00ednic \u2014com ara lliteres o taules ginecol\u00f2giques\u2014 i mobiliari general: taules de consulta, cadires i armaris.<\/p>\n\n\n\n<p class=\"wp-block-paragraph\">A m\u00e9s, amb l\u2019objectiu de millorar el confort de pacients i professionals i avan\u00e7ar en efici\u00e8ncia energ\u00e8tica, s\u2019han destinat 47.000 euros a la renovaci\u00f3 de sistemes de climatitzaci\u00f3 en diversos centres de salut, una l\u00ednia que tindr\u00e0 continu\u00eftat en pr\u00f2xims exercicis.<\/p>\n\n\n\n<p class=\"wp-block-paragraph\">Aix\u00ed mateix, la Conselleria de Sanitat ha destinat durant este exercici 250.000 euros procedents de fons europeus Restore a actuacions de recuperaci\u00f3 i refor\u00e7 d\u2019infraestructures sanit\u00e0ries danyades per la dana, que inclouen sistemes el\u00e8ctrics, grups electr\u00f2gens i altres instal\u00b7lacions afectades.<\/p>\n\n\n\n<p class=\"wp-block-paragraph\">El director econ\u00f2mic del Departament de Salut de la Ribera, Rub\u00e9n Blasco, ha assenyalat que l\u2019Atenci\u00f3 Prim\u00e0ria \u201c\u00e9s un pilar essencial del Sistema Sanitari i estes inversions permeten continuar refor\u00e7ant les seues infraestructures, equipament i les condicions de funcionament per a oferir una atenci\u00f3 de qualitat a la ciutadania\u201d.<\/p>\n\n\n\n<p class=\"wp-block-paragraph\">Aix\u00ed mateix, ha subratllat que \u201cla planificaci\u00f3 d\u2019estes actuacions respon a una estrat\u00e8gia de millora cont\u00ednua que busca optimitzar els recursos p\u00fablics i garantir la sostenibilitat i modernitzaci\u00f3 dels centres sanitaris\u201d.<\/p>\n\n\n\n<p class=\"wp-block-paragraph\"><strong>Set milions d\u2019euros entre 2025-2027<\/strong><\/p>\n\n\n\n<p class=\"wp-block-paragraph\">A m\u00e9s de la inversi\u00f3 prevista per a l\u2019exercici 2026, cal destacar la inversi\u00f3 per part de la Conselleria de Sanitat en l\u2019ampliaci\u00f3 dels centres de salut d\u2019Algemes\u00ed i Sueca, aix\u00ed com la construcci\u00f3 del nou consultori auxiliar de Corbera.<\/p>\n\n\n\n<p class=\"wp-block-paragraph\">Estes actuacions, actualment en diferents fases de tramitaci\u00f3 o execuci\u00f3, suposen una inversi\u00f3 conjunta de m\u00e9s de set milions d\u2019euros, distribu\u00efda entre els exercicis 2025 i 2027.<\/p>\n","protected":false},"excerpt":{"rendered":"<div class=\"mh-excerpt\">La inversi\u00f3 inclou el nou consultori de Massalav\u00e9s, aix\u00ed com equipament i mobiliari, climatitzaci\u00f3 i obres de reforma en diversos centres. Les actuacions ja s\u2019han executat o estan en diverses fases de tramitaci\u00f3, amb previsi\u00f3 <a class=\"mh-excerpt-more\" href=\"https:\/\/tucomarca.whitekongsoftware.com\/ca\/sanitat-invertix-en-2026-mes-d15-milions-deuros-en-la-modernitzacio-i-millora-dels-centres-datencio-primaria-del-departament-de-salut-de-la-ribera\/\" title=\"Sanitat invertix en 2026 m\u00e9s d\u20191,5 milions d\u2019euros en la modernitzaci\u00f3 i millora dels centres d\u2019Atenci\u00f3 Prim\u00e0ria del Departament de Salut de la Ribera\">[+] <\/a><\/div>\n","protected":false},"author":13,"featured_media":309091,"comment_status":"closed","ping_status":"open","sticky":false,"template":"","format":"standard","meta":{"footnotes":""},"categories":[10889,11010,10898,10948,10894,10902,10999,10947,10896],"tags":[12903,11077,12794,11338],"class_list":["post-309093","post","type-post","status-publish","format-standard","has-post-thumbnail","category-alzira-cat","category-canal-salud","category-ventana-ca","category-infraestructuras-ca","category-la-comarca-ca","category-la-ribera-ca","category-masalaves-ca","category-politica","category-seccion-ca","tag-infraestructuras-ca","tag-la-ribera-alta-ca","tag-masalaves-ca","tag-sanidad-ca"],"_links":{"self":[{"href":"https:\/\/tucomarca.whitekongsoftware.com\/ca\/wp-json\/wp\/v2\/posts\/309093","targetHints":{"allow":["GET"]}}],"collection":[{"href":"https:\/\/tucomarca.whitekongsoftware.com\/ca\/wp-json\/wp\/v2\/posts"}],"about":[{"href":"https:\/\/tucomarca.whitekongsoftware.com\/ca\/wp-json\/wp\/v2\/types\/post"}],"author":[{"embeddable":true,"href":"https:\/\/tucomarca.whitekongsoftware.com\/ca\/wp-json\/wp\/v2\/users\/13"}],"replies":[{"embeddable":true,"href":"https:\/\/tucomarca.whitekongsoftware.com\/ca\/wp-json\/wp\/v2\/comments?post=309093"}],"version-history":[{"count":1,"href":"https:\/\/tucomarca.whitekongsoftware.com\/ca\/wp-json\/wp\/v2\/posts\/309093\/revisions"}],"predecessor-version":[{"id":309094,"href":"https:\/\/tucomarca.whitekongsoftware.com\/ca\/wp-json\/wp\/v2\/posts\/309093\/revisions\/309094"}],"wp:featuredmedia":[{"embeddable":true,"href":"https:\/\/tucomarca.whitekongsoftware.com\/ca\/wp-json\/wp\/v2\/media\/309091"}],"wp:attachment":[{"href":"https:\/\/tucomarca.whitekongsoftware.com\/ca\/wp-json\/wp\/v2\/media?parent=309093"}],"wp:term":[{"taxonomy":"category","embeddable":true,"href":"https:\/\/tucomarca.whitekongsoftware.com\/ca\/wp-json\/wp\/v2\/categories?post=309093"},{"taxonomy":"post_tag","embeddable":true,"href":"https:\/\/tucomarca.whitekongsoftware.com\/ca\/wp-json\/wp\/v2\/tags?post=309093"}],"curies":[{"name":"wp","href":"https:\/\/api.w.org\/{rel}","templated":true}]}}