{"id":309054,"date":"2026-07-29T09:15:00","date_gmt":"2026-07-29T07:15:00","guid":{"rendered":"https:\/\/www.tucomarca.com\/wordpress\/segunda\/?p=309054"},"modified":"2026-07-29T20:29:06","modified_gmt":"2026-07-29T18:29:06","slug":"la-falla-bunyol-pueblo-organitza-durant-el-mati-deste-dissabte-una-gran-festa-de-laigua-al-passeig-de-san-luis","status":"publish","type":"post","link":"https:\/\/tucomarca.whitekongsoftware.com\/ca\/la-falla-bunyol-pueblo-organitza-durant-el-mati-deste-dissabte-una-gran-festa-de-laigua-al-passeig-de-san-luis\/","title":{"rendered":"La Falla Bunyol Pueblo organitza durant el mat\u00ed d&#8217;este dissabte una gran Festa de l&#8217;Aigua al passeig de San Luis"},"content":{"rendered":"<div class=\"wp-block-image\">\n<figure class=\"alignleft size-full is-resized\"><img loading=\"lazy\" decoding=\"async\" width=\"591\" height=\"886\" src=\"https:\/\/www.tucomarca.com\/wordpress\/segunda\/wp-content\/uploads\/2026\/07\/BunolPueblo_Fiesta.jpg\" alt=\"\" class=\"wp-image-309050\" style=\"width:428px;height:auto\" srcset=\"https:\/\/tucomarca.whitekongsoftware.com\/wp-content\/uploads\/2026\/07\/BunolPueblo_Fiesta.jpg 591w, https:\/\/tucomarca.whitekongsoftware.com\/wp-content\/uploads\/2026\/07\/BunolPueblo_Fiesta-254x381.jpg 254w\" sizes=\"auto, (max-width: 591px) 100vw, 591px\" \/><\/figure>\n<\/div>\n\n\n<p class=\"wp-block-paragraph\">La Falla Bunyol Pueblo, en col\u00b7laboraci\u00f3 amb l&#8217;Ajuntament de Bunyol, ha organitzat per al pr\u00f2xim dissabte 1 d&#8217;agost, d&#8217;11.00 a 14.00 hores, una gran Festa de l&#8217;Aigua al passeig de San Luis, una proposta l\u00fadica pensada per a gaudir de l&#8217;estiu i combatre les altes temperatures.<\/p>\n\n\n\n<p class=\"wp-block-paragraph\">L&#8217;activitat comptar\u00e0 amb diferents atraccions aqu\u00e0tiques, entre elles matalafs unflables i un can\u00f3 d&#8217;escuma, a m\u00e9s d&#8217;altres sorpreses que convertiran el passeig en un espai de diversi\u00f3 per a menuts i grans.<\/p>\n\n\n\n<p class=\"wp-block-paragraph\">Amb esta iniciativa, la comissi\u00f3 fallera i el Consistori aposten per oferir una alternativa d&#8217;oci familiar dins de la programaci\u00f3 estival del municipi, fomentant aix\u00ed la participaci\u00f3 ve\u00efnal i el gaudi a l&#8217;aire lliure durant estos dies de tanta calor.<\/p>\n\n\n\n<p class=\"wp-block-paragraph\">Des de l&#8217;organitzaci\u00f3 animen ve\u00efns i visitants a participar en esta jornada refrescant.<\/p>\n","protected":false},"excerpt":{"rendered":"<div class=\"mh-excerpt\">La Falla Bunyol Pueblo, en col\u00b7laboraci\u00f3 amb l&#8217;Ajuntament de Bunyol, ha organitzat per al pr\u00f2xim dissabte 1 d&#8217;agost, d&#8217;11.00 a 14.00 hores, una gran Festa de l&#8217;Aigua al passeig de San Luis, una proposta l\u00fadica <a class=\"mh-excerpt-more\" href=\"https:\/\/tucomarca.whitekongsoftware.com\/ca\/la-falla-bunyol-pueblo-organitza-durant-el-mati-deste-dissabte-una-gran-festa-de-laigua-al-passeig-de-san-luis\/\" title=\"La Falla Bunyol Pueblo organitza durant el mat\u00ed d&#8217;este dissabte una gran Festa de l&#8217;Aigua al passeig de San Luis\">[+] <\/a><\/div>\n","protected":false},"author":12,"featured_media":309051,"comment_status":"closed","ping_status":"open","sticky":false,"template":"","format":"standard","meta":{"footnotes":""},"categories":[11019,10911,10894,10912,11007,10896],"tags":[10913,16555,24712,10914],"class_list":["post-309054","post","type-post","status-publish","format-standard","has-post-thumbnail","category-agenda-ca","category-bunol-ca","category-la-comarca-ca","category-la-hoya-ca","category-ocio-y-cultura-ca","category-seccion-ca","tag-bunol-ca","tag-falla-bunol-pueblo-ca","tag-fiesta-del-agua","tag-la-hoya-de-bunol-chiva-ca"],"_links":{"self":[{"href":"https:\/\/tucomarca.whitekongsoftware.com\/ca\/wp-json\/wp\/v2\/posts\/309054","targetHints":{"allow":["GET"]}}],"collection":[{"href":"https:\/\/tucomarca.whitekongsoftware.com\/ca\/wp-json\/wp\/v2\/posts"}],"about":[{"href":"https:\/\/tucomarca.whitekongsoftware.com\/ca\/wp-json\/wp\/v2\/types\/post"}],"author":[{"embeddable":true,"href":"https:\/\/tucomarca.whitekongsoftware.com\/ca\/wp-json\/wp\/v2\/users\/12"}],"replies":[{"embeddable":true,"href":"https:\/\/tucomarca.whitekongsoftware.com\/ca\/wp-json\/wp\/v2\/comments?post=309054"}],"version-history":[{"count":2,"href":"https:\/\/tucomarca.whitekongsoftware.com\/ca\/wp-json\/wp\/v2\/posts\/309054\/revisions"}],"predecessor-version":[{"id":309115,"href":"https:\/\/tucomarca.whitekongsoftware.com\/ca\/wp-json\/wp\/v2\/posts\/309054\/revisions\/309115"}],"wp:featuredmedia":[{"embeddable":true,"href":"https:\/\/tucomarca.whitekongsoftware.com\/ca\/wp-json\/wp\/v2\/media\/309051"}],"wp:attachment":[{"href":"https:\/\/tucomarca.whitekongsoftware.com\/ca\/wp-json\/wp\/v2\/media?parent=309054"}],"wp:term":[{"taxonomy":"category","embeddable":true,"href":"https:\/\/tucomarca.whitekongsoftware.com\/ca\/wp-json\/wp\/v2\/categories?post=309054"},{"taxonomy":"post_tag","embeddable":true,"href":"https:\/\/tucomarca.whitekongsoftware.com\/ca\/wp-json\/wp\/v2\/tags?post=309054"}],"curies":[{"name":"wp","href":"https:\/\/api.w.org\/{rel}","templated":true}]}}