{"id":309032,"date":"2026-07-29T12:15:00","date_gmt":"2026-07-29T10:15:00","guid":{"rendered":"https:\/\/www.tucomarca.com\/wordpress\/segunda\/?p=309032"},"modified":"2026-07-29T20:12:21","modified_gmt":"2026-07-29T18:12:21","slug":"la-rapida-actuacio-dels-mitjans-dextincio-evita-la-propagacio-dun-incendi-a-cortes-de-pallas","status":"publish","type":"post","link":"https:\/\/tucomarca.whitekongsoftware.com\/ca\/la-rapida-actuacio-dels-mitjans-dextincio-evita-la-propagacio-dun-incendi-a-cortes-de-pallas\/","title":{"rendered":"La r\u00e0pida actuaci\u00f3 dels mitjans d&#8217;extinci\u00f3 evita la propagaci\u00f3 d&#8217;un incendi a Cortes de Pall\u00e0s"},"content":{"rendered":"\n<p class=\"wp-block-paragraph\">L&#8217;incendi forestal declarat en la vesprada del dimarts en el terme municipal de Cortes de Pall\u00e0s va quedar extingit en menys d&#8217;una hora gr\u00e0cies a la r\u00e0pida intervenci\u00f3 dels mitjans d&#8217;extinci\u00f3.<\/p>\n\n\n\n<p class=\"wp-block-paragraph\">El Centre de Coordinaci\u00f3 d&#8217;Emerg\u00e8ncies va rebre l&#8217;av\u00eds de l&#8217;incendi a les 21,08 hores i va mobilitzar immediatament un important dispositiu format per una unitat helitransportada dels equips forestals de la Generalitat, tres mitjans aeris i voluntaris de Cofrents.<\/p>\n\n\n\n<p class=\"wp-block-paragraph\">Poc despr\u00e9s, a les 21,14 hores, el Consorci Provincial de Bombers de Val\u00e8ncia va informar que l&#8217;incendi ja es trobava controlat. A penes mitja hora m\u00e9s tard, a les 21,45 hores, els bombers van comunicar que el foc havia quedat completament extingit.<\/p>\n\n\n\n<p class=\"wp-block-paragraph\">La r\u00e0pida actuaci\u00f3 dels efectius mobilitzats va permetre controlar l&#8217;incendi en un curt espai de temps, evitant la seua propagaci\u00f3 i minimitzant les conseq\u00fc\u00e8ncies sobre l&#8217;entorn forestal.<\/p>\n","protected":false},"excerpt":{"rendered":"<div class=\"mh-excerpt\">L&#8217;incendi forestal declarat en la vesprada del dimarts en el terme municipal de Cortes de Pall\u00e0s va quedar extingit en menys d&#8217;una hora gr\u00e0cies a la r\u00e0pida intervenci\u00f3 dels mitjans d&#8217;extinci\u00f3. El Centre de Coordinaci\u00f3 <a class=\"mh-excerpt-more\" href=\"https:\/\/tucomarca.whitekongsoftware.com\/ca\/la-rapida-actuacio-dels-mitjans-dextincio-evita-la-propagacio-dun-incendi-a-cortes-de-pallas\/\" title=\"La r\u00e0pida actuaci\u00f3 dels mitjans d&#8217;extinci\u00f3 evita la propagaci\u00f3 d&#8217;un incendi a Cortes de Pall\u00e0s\">[+] <\/a><\/div>\n","protected":false},"author":13,"featured_media":202875,"comment_status":"closed","ping_status":"open","sticky":false,"template":"","format":"standard","meta":{"footnotes":""},"categories":[10951,10953,10898,10948,10894,10903,10896,10897],"tags":[11216,11230,13724],"class_list":["post-309032","post","type-post","status-publish","format-standard","has-post-thumbnail","category-ayora-cofrentes-ca","category-cortes-de-pallas-ca","category-ventana-ca","category-infraestructuras-ca","category-la-comarca-ca","category-medio-ambiente-la-comarca-ca","category-seccion-ca","category-sucesos-la-comarca-ca","tag-ayora-cofrentes-ca","tag-cortes-de-pallas-ca","tag-incendio-forestal-ca"],"_links":{"self":[{"href":"https:\/\/tucomarca.whitekongsoftware.com\/ca\/wp-json\/wp\/v2\/posts\/309032","targetHints":{"allow":["GET"]}}],"collection":[{"href":"https:\/\/tucomarca.whitekongsoftware.com\/ca\/wp-json\/wp\/v2\/posts"}],"about":[{"href":"https:\/\/tucomarca.whitekongsoftware.com\/ca\/wp-json\/wp\/v2\/types\/post"}],"author":[{"embeddable":true,"href":"https:\/\/tucomarca.whitekongsoftware.com\/ca\/wp-json\/wp\/v2\/users\/13"}],"replies":[{"embeddable":true,"href":"https:\/\/tucomarca.whitekongsoftware.com\/ca\/wp-json\/wp\/v2\/comments?post=309032"}],"version-history":[{"count":2,"href":"https:\/\/tucomarca.whitekongsoftware.com\/ca\/wp-json\/wp\/v2\/posts\/309032\/revisions"}],"predecessor-version":[{"id":309112,"href":"https:\/\/tucomarca.whitekongsoftware.com\/ca\/wp-json\/wp\/v2\/posts\/309032\/revisions\/309112"}],"wp:featuredmedia":[{"embeddable":true,"href":"https:\/\/tucomarca.whitekongsoftware.com\/ca\/wp-json\/wp\/v2\/media\/202875"}],"wp:attachment":[{"href":"https:\/\/tucomarca.whitekongsoftware.com\/ca\/wp-json\/wp\/v2\/media?parent=309032"}],"wp:term":[{"taxonomy":"category","embeddable":true,"href":"https:\/\/tucomarca.whitekongsoftware.com\/ca\/wp-json\/wp\/v2\/categories?post=309032"},{"taxonomy":"post_tag","embeddable":true,"href":"https:\/\/tucomarca.whitekongsoftware.com\/ca\/wp-json\/wp\/v2\/tags?post=309032"}],"curies":[{"name":"wp","href":"https:\/\/api.w.org\/{rel}","templated":true}]}}