{"id":309014,"date":"2026-07-28T10:35:00","date_gmt":"2026-07-28T08:35:00","guid":{"rendered":"https:\/\/www.tucomarca.com\/wordpress\/segunda\/?p=309014"},"modified":"2026-07-28T20:17:38","modified_gmt":"2026-07-28T18:17:38","slug":"el-juliol-chestano-2026-acaba-amb-record-de-participacio-i-exit-rotund-en-totes-les-seues-activitats","status":"publish","type":"post","link":"https:\/\/tucomarca.whitekongsoftware.com\/ca\/el-juliol-chestano-2026-acaba-amb-record-de-participacio-i-exit-rotund-en-totes-les-seues-activitats\/","title":{"rendered":"El Juliol Chestano 2026 acaba amb r\u00e8cord de participaci\u00f3 i \u00e8xit rotund en totes les seues activitats"},"content":{"rendered":"\n<h3 class=\"wp-block-heading\">M\u00e9s de 1.300 persones en els sopars populars, ple absolut al cinema a la fresca i un gran acolliment dels festejos taurins consoliden una edici\u00f3 per al record.<\/h3>\n\n\n\n<p class=\"wp-block-paragraph\">El Juliol Chestano 2026 s&#8217;ha consolidat com una de les edicions m\u00e9s exitoses de la hist\u00f2ria de les festes de Xest. Durant dues setmanes, la localitat ha viscut un intens programa d&#8217;activitats que ha congregat a milers de ve\u00efns i ve\u00efnes en tots els escenaris festius, des dels sopars populars fins al cinema d&#8217;estiu, passant pels festejos taurins, la retransmissi\u00f3 en pantalla gegant del Mundial i les activitats infantils.<\/p>\n\n\n\n<p class=\"wp-block-paragraph\">El balan\u00e7 final llan\u00e7a xifres de participaci\u00f3 r\u00e8cord i una valoraci\u00f3 &#8220;molt positiva&#8221; per part de l&#8217;organitzaci\u00f3. \u201cTots els actes que hem programat han comptat amb una gran aflu\u00e8ncia de p\u00fablic, la qual cosa demostra una vegada m\u00e9s les ganes que tenen els nostres ve\u00efns i ve\u00efnes de gaudir de les nostres festes\u201d, ha destacat Jos\u00e9 Morell, alcalde de Xest. \u201cEl Juliol Chestano 2026 ha demostrat una vegada m\u00e9s el car\u00e0cter popular del nostre poble, una oportunitat perqu\u00e8 la poblaci\u00f3 es retrobe en una celebraci\u00f3 compartida per i per a tota la fam\u00edlia\u201d, ha reivindicat Morell, que subratlla que \u201cveure la Pla\u00e7a Doctor Cajal abarrotada durant les dues nits de cinema a la fresca, o els sopars amb un r\u00e8cord d&#8217;inscripcions ens confirma l&#8217;encertat d&#8217;aquest enfocament del Juliol Chestano\u201d.<\/p>\n\n\n\n<p class=\"wp-block-paragraph\">El regidor de Festes, \u00d3scar Gald\u00f3n, destaca \u201cla resposta dels ve\u00efns i ve\u00efnes a cadascun dels actes que hem organitzat, ja que tots han comptat amb una gran participaci\u00f3 i un magn\u00edfic acolliment. Per a tancar aquesta programaci\u00f3, gaudim del cinema a la fresca, que va tindre una molt bona acceptaci\u00f3, i dels actes taurins, que en aquesta ocasi\u00f3 es van traslladar al carrer, una novetat que personalment valore molt positivament\u201d.<\/p>\n\n\n\n<p class=\"wp-block-paragraph\">Gald\u00f3n tamb\u00e9 posa en valor \u201cla festa dels esmorzars, que enguany es va celebrar amb entrada gratu\u00efta i que va comptar amb una gran aflu\u00e8ncia de p\u00fablic, convertint-se en una altra de les cites destacades d&#8217;aquest Juliol Chestano\u201d. El regidor de Festes incideix, sobretot, en qu\u00e8 \u201ctots els actes s&#8217;han desenvolupat amb total normalitat i seguretat. Aix\u00f2 demostra que, darrere de cada activitat, hi ha molta faena, planificaci\u00f3 i coordinaci\u00f3 per a aconseguir que els nostres ve\u00efns puguen gaudir de les festes amb tranquil\u00b7litat\u201d.<\/p>\n\n\n\n<p class=\"wp-block-paragraph\">Del cinema als festejos taurins, \u00e8xits de la segona setmana<\/p>\n\n\n\n<p class=\"wp-block-paragraph\">El cinema a la fresca va tornar a la Pla\u00e7a Doctor Cajal els dies 22 i 23 de juliol amb dos t\u00edtols d&#8217;estrena recent. El dimecres 22 es va projectar &#8220;Odi l&#8217;estiu&#8221;, una com\u00e8dia espanyola de Fer Garc\u00eda-Ruiz, i el dijous 23 va arribar &#8220;La gran escapada&#8221;, una bonica pel\u00b7l\u00edcula d&#8217;Oliver Parker i protagonitzada per Michael Caine i Glenda Jackson. Totes dues sessions van aconseguir ple absolut, consolidant el cinema d&#8217;estiu com una de les cites m\u00e9s esperades del calendari festiu.<\/p>\n\n\n\n<p class=\"wp-block-paragraph\">I el divendres 24 van comen\u00e7ar per fi els \u201cbous al carrer\u201d, amb la novetat aquest any d&#8217;estar organitzada directament per l&#8217;Ajuntament, amb el que es recuperava l&#8217;esperit de les primeres edicions. \u201cEls bous van tornar als nostres carrers i recuperem l&#8217;origen i l&#8217;ess\u00e8ncia d&#8217;una tradici\u00f3 profundament arrelada en el nostre municipi\u201d, va recordar el regidor de Festes, \u00d3scar Gald\u00f3n, \u201ces van celebrar amb l&#8217;ambient obert i festiu propi del nostre municipi i sense haver de lamentar cap problema\u201d. Eixa mateixa vesprada, el carrer Xiva va viure la Entr\u00e0 i Prova de la ramaderia Fernando Machancoses, a la qual va seguir una desfilada de penyes al ritme d&#8217;una xaranga pels carrers del poble. La jornada taurina es va tancar a la nit amb vaques i bou embolado de la ramaderia David Alfaro.<\/p>\n\n\n\n<p class=\"wp-block-paragraph\">L&#8217;endem\u00e0, el dissabte 25, la festa va matinar: a les #08:00, la ramaderia H\u00e9ctor L\u00f3pez va protagonitzar el Bou en Corda (\u00fanicament el segon recorregut), i a les #09:30 h va arribar una nova Entr\u00e0 i Prova de la ramaderia Gns. Navarro Morell. Ja a la vesprada, a les #17:00, el carrer Escorxador i l&#8217;entorn de l&#8217;arbre de l&#8217;estaci\u00f3 van acollir la tradicional Festa dels Esmorzars, amb la qual es conclo\u00efa un segon cap de setmana d&#8217;\u00e8xit festiu chestano. Una festa en la qual van punxar set discjockeys locals i que es va prolongar fins a ben entrada la nit.<\/p>\n\n\n\n<p class=\"wp-block-paragraph\">Les festes van arrancar el divendres 17 de juliol amb el Disc Aqua Xou, una festa d&#8217;aigua i m\u00fasica pensada per als m\u00e9s xicotets que va omplir la Pla\u00e7a Doctor Cajal. A la nit, la Pla\u00e7a de la 2a Rep\u00fablica va acollir el primer sopar popular, amb repartiment de sagnia i bingo a c\u00e0rrec de la Falla Barri de l&#8217;Alegria i un tribut a Mecano. El dissabte 18 al mat\u00ed, la III Festa Aqu\u00e0tica va omplir l&#8217;avinguda Don Vicente Navarro d&#8217;unflables i jocs d&#8217;aigua per a tota la fam\u00edlia. A la nit, un nou sopar popular, tamb\u00e9 en la Pla\u00e7a de la 2a Rep\u00fablica, amb sagnia i bingo organitzats per la Falla Ind\u00fastria i Comer\u00e7 i l&#8217;espectacle M\u00e0gics 80. La jornada es va tancar de matinada amb la Macrodiscom\u00f3vil Kenesis en el parking del camp de futbol. El diumenge 19 la m\u00fasica del Trio Som Acord es va combinar amb un moment hist\u00f2ric: la final del Mundial, que l&#8217;Ajuntament va retransmetre en pantalla gegant.<\/p>\n","protected":false},"excerpt":{"rendered":"<div class=\"mh-excerpt\">M\u00e9s de 1.300 persones en els sopars populars, ple absolut al cinema a la fresca i un gran acolliment dels festejos taurins consoliden una edici\u00f3 per al record. El Juliol Chestano 2026 s&#8217;ha consolidat com <a class=\"mh-excerpt-more\" href=\"https:\/\/tucomarca.whitekongsoftware.com\/ca\/el-juliol-chestano-2026-acaba-amb-record-de-participacio-i-exit-rotund-en-totes-les-seues-activitats\/\" title=\"El Juliol Chestano 2026 acaba amb r\u00e8cord de participaci\u00f3 i \u00e8xit rotund en totes les seues activitats\">[+] <\/a><\/div>\n","protected":false},"author":13,"featured_media":309011,"comment_status":"closed","ping_status":"open","sticky":false,"template":"","format":"standard","meta":{"footnotes":""},"categories":[10894,10904,10912,11004,11007,11008,10896,10974],"tags":[11071,24710,10914],"class_list":["post-309014","post","type-post","status-publish","format-standard","has-post-thumbnail","category-la-comarca-ca","category-sin-categorizar-ca","category-la-hoya-ca","category-la-semana-en-imagenes-ca","category-ocio-y-cultura-ca","category-pueblos-en-fiestas-ca","category-seccion-ca","category-cheste-ca","tag-cheste","tag-fiestas-cheste","tag-la-hoya-de-bunol-chiva-ca"],"_links":{"self":[{"href":"https:\/\/tucomarca.whitekongsoftware.com\/ca\/wp-json\/wp\/v2\/posts\/309014","targetHints":{"allow":["GET"]}}],"collection":[{"href":"https:\/\/tucomarca.whitekongsoftware.com\/ca\/wp-json\/wp\/v2\/posts"}],"about":[{"href":"https:\/\/tucomarca.whitekongsoftware.com\/ca\/wp-json\/wp\/v2\/types\/post"}],"author":[{"embeddable":true,"href":"https:\/\/tucomarca.whitekongsoftware.com\/ca\/wp-json\/wp\/v2\/users\/13"}],"replies":[{"embeddable":true,"href":"https:\/\/tucomarca.whitekongsoftware.com\/ca\/wp-json\/wp\/v2\/comments?post=309014"}],"version-history":[{"count":2,"href":"https:\/\/tucomarca.whitekongsoftware.com\/ca\/wp-json\/wp\/v2\/posts\/309014\/revisions"}],"predecessor-version":[{"id":309018,"href":"https:\/\/tucomarca.whitekongsoftware.com\/ca\/wp-json\/wp\/v2\/posts\/309014\/revisions\/309018"}],"wp:featuredmedia":[{"embeddable":true,"href":"https:\/\/tucomarca.whitekongsoftware.com\/ca\/wp-json\/wp\/v2\/media\/309011"}],"wp:attachment":[{"href":"https:\/\/tucomarca.whitekongsoftware.com\/ca\/wp-json\/wp\/v2\/media?parent=309014"}],"wp:term":[{"taxonomy":"category","embeddable":true,"href":"https:\/\/tucomarca.whitekongsoftware.com\/ca\/wp-json\/wp\/v2\/categories?post=309014"},{"taxonomy":"post_tag","embeddable":true,"href":"https:\/\/tucomarca.whitekongsoftware.com\/ca\/wp-json\/wp\/v2\/tags?post=309014"}],"curies":[{"name":"wp","href":"https:\/\/api.w.org\/{rel}","templated":true}]}}