{"id":308996,"date":"2026-07-31T09:00:00","date_gmt":"2026-07-31T07:00:00","guid":{"rendered":"https:\/\/www.tucomarca.com\/wordpress\/segunda\/?p=308996"},"modified":"2026-07-31T16:29:46","modified_gmt":"2026-07-31T14:29:46","slug":"lorquestra-filharmonica-de-requena-celebra-el-seu-20e-aniversari-amb-cinc-concerts-en-el-festival-fimuvin-2026","status":"publish","type":"post","link":"https:\/\/tucomarca.whitekongsoftware.com\/ca\/lorquestra-filharmonica-de-requena-celebra-el-seu-20e-aniversari-amb-cinc-concerts-en-el-festival-fimuvin-2026\/","title":{"rendered":"L&#8217;Orquestra Filharm\u00f2nica de Requena celebra el seu 20\u00e9 aniversari amb cinc concerts en el Festival FiMuVin 2026\u00a0"},"content":{"rendered":"\n<p class=\"wp-block-paragraph\">L&#8217;Orquestra Filharm\u00f2nica Fundaci\u00f3 Ciutat de Requena va presentar la programaci\u00f3 i els artistes que participaran en el Festival Internacional de M\u00fasica la Verema i el Vi (FiMuVin) que albergar\u00e0 cinc concerts que se celebraran en diferents espais de l&#8217;1 d&#8217;agost al 19 de setembre. L&#8217;acte, que va tindre lloc en els Cellers Lladre de Llunes, va comptar amb les intervencions d&#8217;Ernesto Monz\u00f3 i Francisco Melero, president i director de l&#8217;Orquestra Filharm\u00f2nica Fundaci\u00f3 Ciutat de Requena; la soprano Teresa Albero i el violinista Diego Melero.<\/p>\n\n\n\n<p class=\"wp-block-paragraph\">En la presentaci\u00f3 d&#8217;aquest esdeveniment cultural, patrocinat per la Fundaci\u00f3 Ciutat de Requena, es van donar a con\u00e9ixer les formacions, int\u00e8rprets i artistes que actuaran en el festival que s&#8217;emmarca dins dels actes programats per a la Fira i Festa de la Verema de Requena, declarada d&#8217;Inter\u00e9s Tur\u00edstic.<\/p>\n\n\n\n<p class=\"wp-block-paragraph\">El festival arrancar\u00e0 amb dos concerts que se celebraran en el Temple de Santa Mar\u00eda de Requena a les 19.30h a c\u00e0rrec del Quartet Babek, integrat pels int\u00e8rprets valencians Diego Melero i Josep Alborch Lluna (viol\u00ed), \u00c0gata Garc\u00eda Serrano (viola) i la malaguenya Roc\u00edo Gallegos (violoncel), amb obres de Wolfgang Amadeus Mozart i Franz Schubert el dissabte 1 d&#8217;agost; i de la pianista valenciana Mar Valor, amb una traject\u00f2ria art\u00edstica reconeguda amb m\u00e9s de 30 premis internacionals, el divendres 7. La soprano Teresa Albero i el pianista Jes\u00fas G\u00f3mez actuaran amb el programa Can\u00e7ons d&#8217;amor i vida, un recorregut musical de la m\u00e0 dels int\u00e8rprets alacantins per algunes de les can\u00e7ons m\u00e9s representatives de diferents \u00e8poques, cultures i tradicions, a l&#8217;Esgl\u00e9sia de Santa Mar\u00eda el dissabte 8.&nbsp;<\/p>\n\n\n\n<p class=\"wp-block-paragraph\">Un dels plats forts d&#8217;aquesta edici\u00f3, en la qual se celebra el 20\u00e9 aniversari de l&#8217;Orquestra Filharm\u00f2nica Fundaci\u00f3 Ciutat de Requena i la designaci\u00f3 de Requena com a Ciutat Espanyola del Vi 2026, ser\u00e0 la gala l\u00edrica que protagonitzaran Pl\u00e1cido Domingo, Ainhoa Arteta i Antonio Gandia, amb la formaci\u00f3, dirigida per Francisco Melero i organitzadora d&#8217;aquest esdeveniment cultural, en el Teatre Principal el diumenge 23 d&#8217;agost a les 22h. Els reconeguts cantants espanyols brindaran un concert que suposar\u00e0 un dels grans esdeveniments musicals de l&#8217;any.&nbsp;<\/p>\n\n\n\n<p class=\"wp-block-paragraph\">El bar\u00edton i director madrileny, la soprano basca i el tenor alacant\u00ed abordaran un repertori amb obres de refer\u00e8ncia del m\u00f3n de la sarsuela. Domingo i Gandia actuaran per primera vegada a Requena i per a Arteta ser\u00e0 la segona vegada despr\u00e9s d&#8217;oferir un concert en 2024, juntament amb Montserrat Mart\u00ed Caball\u00e9 i Luis Santana, molt celebrat pel p\u00fablic.&nbsp;<\/p>\n\n\n\n<p class=\"wp-block-paragraph\">El Festival FiMuVin clausurar\u00e0 aquesta edici\u00f3 amb l&#8217;actuaci\u00f3 del grup turolene Hidenisi Klezmer Balkan, format per Ana Ant\u00f3n (violoncel), David Urango (clarinet), Carolina Paterson (viol\u00ed), Emiliano Evrard (guitarra) i Alejandro Bayo (percussi\u00f3), que clausurar\u00e0 l&#8217;edici\u00f3 el dissabte 19 de setembre a les 19.30h, amb una proposta que oferir\u00e0 un recorregut per les tradicions musicals de l&#8217;Est d&#8217;Europa, fusionant l&#8217;expressivitat de la m\u00fasica klezmer, m\u00fasica tradicional instrumental de les comunitats jueves asquenazites, amb la for\u00e7a r\u00edtmica dels Balcans.&nbsp;<\/p>\n\n\n\n<p class=\"wp-block-paragraph\"><strong>M\u00e9s propostes d&#8217;excel\u00b7l\u00e8ncia<\/strong><\/p>\n\n\n\n<p class=\"wp-block-paragraph\">Ernesto Monz\u00f3, president de l&#8217;Orquestra Filharm\u00f2nica Fundaci\u00f3 Ciutat de Requena, assegura que \u201cFiMuVin \u00e9s l&#8217;evoluci\u00f3 natural d&#8217;un projecte que va comen\u00e7ar fa tretze anys amb el Concert de la Verema i el Vi. Hem volgut fer un pas avant per a oferir a Requena un festival de major dimensi\u00f3 i amb m\u00e9s propostes, una programaci\u00f3 estable, diversa i d&#8217;excel\u00b7l\u00e8ncia amb formacions, m\u00fasics i artistes nacionals i internacionals, capa\u00e7 de situar a la nostra ciutat en el circuit dels grans esdeveniments culturals\u201d.&nbsp;<\/p>\n\n\n\n<p class=\"wp-block-paragraph\">El president destaca que \u201chem dissenyat aquesta edici\u00f3 pensant en tots els p\u00fablics. Volem que el festival siga un espai de trobada on convisquen diferents estils, des de la m\u00fasica tradicional europea fins a la m\u00fasica de cambra, el recital pian\u00edstic, la can\u00e7\u00f3 de concert i la gran l\u00edrica. Cada concert t\u00e9 personalitat pr\u00f2pia, per\u00f2 tots comparteixen un mateix objectiu: captivar al p\u00fablic a trav\u00e9s de la qualitat art\u00edstica\u201d.<\/p>\n\n\n\n<p class=\"wp-block-paragraph\">Francisco Melero, director de l&#8217;Orquestra Filharm\u00f2nica Fundaci\u00f3 Ciutat de Requena, subratlla que \u201c\u00e9s una programaci\u00f3 de gran qualitat, pensada per a emocionar i acostar la m\u00fasica a tots els p\u00fablics. Cada concert aporta una proposta diferent, per\u00f2 el denominador com\u00fa \u00e9s l&#8217;alt nivell art\u00edstic\u201d. Melero apunta que \u201cel moment \u00e0lgid del festival ser\u00e0 el concert de Pl\u00e1cido Domingo, Ainhoa Arteta i Antonio Gandia, una producci\u00f3 excepcional que situa a Requena entre les grans cites musicals de l&#8217;estiu i reflecteix l&#8217;ambici\u00f3 art\u00edstica del Festival FiMuVin\u201d.&nbsp;<\/p>\n\n\n\n<p class=\"wp-block-paragraph\">Les entrades per a aquests concerts es poden aconseguir en www.entradaonline.es fins a completar l&#8217;aforament i una hora abans del concert en taquilla. El Festival FiMuVin tamb\u00e9 compta amb la col\u00b7laboraci\u00f3 de la regidoria de Cultura de l&#8217;Ajuntament de Requena, Generalitat Valenciana, Institut Valenci\u00e0 de Cultura, Diputaci\u00f3 de Val\u00e8ncia, Nexe Wines, Telfy TV, Caixa Popular, Interior Val\u00e8ncia (IV) Revista Local, Onda Requena, R\u00e0dio Requena, R\u00e0dio Utiel i Monogr\u00e0fic comunicaci\u00f3.&nbsp;<\/p>\n\n\n\n<p class=\"wp-block-paragraph\"><strong>10 concerts en 2026\u00a0<\/strong><\/p>\n\n\n\n<p class=\"wp-block-paragraph\">L&#8217;Orquestra Filharm\u00f2nica de Requena oferir\u00e0 un total de deu concerts agrupats entorn del cicle Les quatre estacions i el Festival FiMuVin en els quals participaran prestigiosos artistes i m\u00fasics en 2026, any en qu\u00e8 celebra el seu 20\u00e9 aniversari. L&#8217;orquestra incrementa la seua oferta cultural respecte a l&#8217;any passat, que ja va experimentar un augment substancial de les seues propostes musicals, i tamb\u00e9 organitza el Curs de Direcci\u00f3 Orquestra Ciutat de Requena impartit per Francisco Melero, titular de la formaci\u00f3, i el Concurs de Direcci\u00f3 d&#8217;Orquestra Maestro Collado.&nbsp;<\/p>\n\n\n\n<p class=\"wp-block-paragraph\">En aquestes dues d\u00e8cades ha col\u00b7laborat amb importants artistes com les sopranos Ainhoa Arteta, Montserrat Mart\u00ed Caball\u00e9, Silvia V\u00e1zquez i Em\u00edlia Onrubia, la mezzosoprano Beatriz Gimeno, els tenors Jos\u00e9 Manuel Zapata i Javier Palacios, els bar\u00edtons Luis Santana, Omar Lara i Armant del Clot; la cantant Sole Gim\u00e9nez, les cantaores de flamenc Roc\u00edo M\u00e1rquez i Mar\u00eda Toledo, els m\u00fasics Llaura Malikian i Abraham Cupeiro; els pianistes Josu De Solaun, Carles Mar\u00edn o Leonel Morales, i formacions com el Quintet Tourbillon, integrat per m\u00fasics de l&#8217;Orquestra de la Comunitat Valenciana, titular del Palau de les Arts, entre altres.<\/p>\n\n\n\n<p class=\"wp-block-paragraph\"><\/p>\n","protected":false},"excerpt":{"rendered":"<div class=\"mh-excerpt\">L&#8217;Orquestra Filharm\u00f2nica Fundaci\u00f3 Ciutat de Requena va presentar la programaci\u00f3 i els artistes que participaran en el Festival Internacional de M\u00fasica la Verema i el Vi (FiMuVin) que albergar\u00e0 cinc concerts que se celebraran en <a class=\"mh-excerpt-more\" href=\"https:\/\/tucomarca.whitekongsoftware.com\/ca\/lorquestra-filharmonica-de-requena-celebra-el-seu-20e-aniversari-amb-cinc-concerts-en-el-festival-fimuvin-2026\/\" title=\"L&#8217;Orquestra Filharm\u00f2nica de Requena celebra el seu 20\u00e9 aniversari amb cinc concerts en el Festival FiMuVin 2026\u00a0\">[+] <\/a><\/div>\n","protected":false},"author":13,"featured_media":308994,"comment_status":"closed","ping_status":"open","sticky":false,"template":"","format":"standard","meta":{"footnotes":""},"categories":[11019,11005,10894,11007,10908,10909,10896],"tags":[12194,20778,11099,10910],"class_list":["post-308996","post","type-post","status-publish","format-standard","has-post-thumbnail","category-agenda-ca","category-canal-musica","category-la-comarca-ca","category-ocio-y-cultura-ca","category-requena-ca","category-requena-utiel-ca","category-seccion-ca","tag-cultura-ca","tag-musica-2-ca","tag-requena-ca","tag-requena-utiel-ca"],"_links":{"self":[{"href":"https:\/\/tucomarca.whitekongsoftware.com\/ca\/wp-json\/wp\/v2\/posts\/308996","targetHints":{"allow":["GET"]}}],"collection":[{"href":"https:\/\/tucomarca.whitekongsoftware.com\/ca\/wp-json\/wp\/v2\/posts"}],"about":[{"href":"https:\/\/tucomarca.whitekongsoftware.com\/ca\/wp-json\/wp\/v2\/types\/post"}],"author":[{"embeddable":true,"href":"https:\/\/tucomarca.whitekongsoftware.com\/ca\/wp-json\/wp\/v2\/users\/13"}],"replies":[{"embeddable":true,"href":"https:\/\/tucomarca.whitekongsoftware.com\/ca\/wp-json\/wp\/v2\/comments?post=308996"}],"version-history":[{"count":1,"href":"https:\/\/tucomarca.whitekongsoftware.com\/ca\/wp-json\/wp\/v2\/posts\/308996\/revisions"}],"predecessor-version":[{"id":308997,"href":"https:\/\/tucomarca.whitekongsoftware.com\/ca\/wp-json\/wp\/v2\/posts\/308996\/revisions\/308997"}],"wp:featuredmedia":[{"embeddable":true,"href":"https:\/\/tucomarca.whitekongsoftware.com\/ca\/wp-json\/wp\/v2\/media\/308994"}],"wp:attachment":[{"href":"https:\/\/tucomarca.whitekongsoftware.com\/ca\/wp-json\/wp\/v2\/media?parent=308996"}],"wp:term":[{"taxonomy":"category","embeddable":true,"href":"https:\/\/tucomarca.whitekongsoftware.com\/ca\/wp-json\/wp\/v2\/categories?post=308996"},{"taxonomy":"post_tag","embeddable":true,"href":"https:\/\/tucomarca.whitekongsoftware.com\/ca\/wp-json\/wp\/v2\/tags?post=308996"}],"curies":[{"name":"wp","href":"https:\/\/api.w.org\/{rel}","templated":true}]}}