{"id":308984,"date":"2026-07-28T10:30:00","date_gmt":"2026-07-28T08:30:00","guid":{"rendered":"https:\/\/www.tucomarca.com\/wordpress\/segunda\/?p=308984"},"modified":"2026-07-28T19:58:45","modified_gmt":"2026-07-28T17:58:45","slug":"camarero-destaca-que-la-comunitat-valenciana-aconseguix-un-record-docupacio-amb-prop-de-25-milions-de-persones-ocupades","status":"publish","type":"post","link":"https:\/\/tucomarca.whitekongsoftware.com\/ca\/camarero-destaca-que-la-comunitat-valenciana-aconseguix-un-record-docupacio-amb-prop-de-25-milions-de-persones-ocupades\/","title":{"rendered":"Camarero destaca que la Comunitat Valenciana aconseguix un r\u00e8cord d\u2019ocupaci\u00f3 amb prop de 2,5 milions de persones ocupades"},"content":{"rendered":"\n<h3 class=\"wp-block-heading\"><strong>Les pol\u00edtiques de la Generalitat continuen impulsant un mercat laboral m\u00e9s din\u00e0mic, amb m\u00e9s ocupaci\u00f3, menys atur i m\u00e9s connexi\u00f3 entre les persones treballadores i les empreses<\/strong>.<\/h3>\n\n\n\n<h3 class=\"wp-block-heading\"><strong>La Comunitat Valenciana \u00e9s la segona autonomia a on m\u00e9s creix l\u2019ocupaci\u00f3 en un any, nom\u00e9s per darrere d\u2019Andalusia, i se situa un punt per damunt de la mitjana nacional, amb un creixement del 3,4 %<\/strong>.<\/h3>\n\n\n\n<h3 class=\"wp-block-heading\"><strong>La taxa d\u2019activitat juvenil entre 20 i 24 anys arriba al 61 %, els j\u00f3vens ocupats sumen els 152.300 i dupliquen l\u2019increment percentual de la mitjana nacional, amb un augment del 15,6 %<\/strong>.<\/h3>\n\n\n\n<p class=\"wp-block-paragraph\">La vicepresidenta primera i consellera de Vivenda, Ocupaci\u00f3, Joventut i Igualtat, Susana Camarero, ha destacat que la Comunitat Valenciana ha aconseguit una xifra r\u00e8cord d\u2019ocupaci\u00f3, amb 2.495.800 persones ocupades, el nivell d\u2019ocupaci\u00f3 m\u00e9s elevat registrat per a un segon trimestre de tota la s\u00e8rie hist\u00f2rica, des que es registren dades en 2002, segons l\u2019Enquesta de poblaci\u00f3 activa (EPA) publicada este dimarts per l\u2019Institut Nacional d\u2019Estad\u00edstica.<\/p>\n\n\n\n<p class=\"wp-block-paragraph\">Camarero ha assenyalat que estes dades \u201cconfirmen la fortalesa del mercat laboral valenci\u00e0, que continua creant ocupaci\u00f3 amb intensitat, reduint l\u2019atur i sent capa\u00e7 d\u2019incorporar noves persones al mercat de treball\u201d.<\/p>\n\n\n\n<p class=\"wp-block-paragraph\">Aix\u00ed mateix, ha subratllat que \u201cla Comunitat Valenciana consolida una evoluci\u00f3 positiva, amb m\u00e9s persones treballant, menys desocupaci\u00f3 i un mercat laboral que continua generant oportunitats\u201d.<\/p>\n\n\n\n<p class=\"wp-block-paragraph\">Durant el segon trimestre de l\u2019any, l\u2019ocupaci\u00f3 ha augmentat en 34.100 persones respecte al trimestre anterior, la qual cosa suposa un increment de l\u20191,39 %, mentres que en termes interanuals la Comunitat Valenciana suma 82.200 persones ocupades m\u00e9s, un creixement del 3,41 %. Aix\u00f2 suposa m\u00e9s d\u2019un punt per damunt de la mitjana nacional, a on l\u2019ocupaci\u00f3 en l\u2019\u00faltim any ha crescut un 2,2 %, i situa la Comunitat Valenciana com a la segona autonomia a on m\u00e9s ha crescut l\u2019ocupaci\u00f3 en l\u2019\u00faltim any, nom\u00e9s per darrere d\u2019Andalusia (+3,8 %).<\/p>\n\n\n\n<p class=\"wp-block-paragraph\">A m\u00e9s, i encara que Andalusia lidera la creaci\u00f3 d\u2019ocupaci\u00f3 en termes interanuals, la Comunitat Valenciana combina un intens creixement de l\u2019ocupaci\u00f3 amb una reducci\u00f3 de l\u2019atur de 23.200 persones en el trimestre, mentres que a Andalusia la desocupaci\u00f3 va augmentar lleugerament a causa del fort increment de la poblaci\u00f3 activa. Aix\u00ed, l\u2019EPA reflectix que el nombre de persones parades se situa en 304.600, despr\u00e9s de reduir-se en 23.200 persones respecte al trimestre anterior (-7,07 %) i en 9.600 persones en comparaci\u00f3 amb el mateix per\u00edode de l\u2019any anterior (-3,04 %).<\/p>\n\n\n\n<p class=\"wp-block-paragraph\">A conseq\u00fc\u00e8ncia d\u2019esta evoluci\u00f3, la taxa d\u2019atur baixa fins al 10,88 %, consolida la tend\u00e8ncia descendent de la desocupaci\u00f3 en la Comunitat Valenciana i se situa com al millor registre per a un segon trimestre des d\u2019abans de la crisi financera, en 2008.<\/p>\n\n\n\n<p class=\"wp-block-paragraph\">La vicepresidenta ha destacat especialment que esta reducci\u00f3 de l\u2019atur es produ\u00efx al mateix temps que augmenta la poblaci\u00f3 activa, que arriba a 2.800.400 persones, amb 10.900 actius m\u00e9s que fa tres mesos i 72.600 m\u00e9s que fa un any.<\/p>\n\n\n\n<p class=\"wp-block-paragraph\">Quant a&nbsp; la poblaci\u00f3 juvenil, l\u2019EPA mostra una important incorporaci\u00f3 de j\u00f3vens al mercat laboral, amb una taxa d\u2019activitat que ascendix al 61 % en els j\u00f3vens d\u2019entre 20 i 24 anys, amb 192.100 j\u00f3vens enfront dels 175.800 en el trimestre anterior. Aix\u00f2 ha comportat, a m\u00e9s, un increment de 20.500 j\u00f3vens ocupats, que passen dels 131.800 del primer trimestre als 152.300 j\u00f3vens de 20 a 24 anys ocupats actualment. Amb aix\u00f2, la Comunitat Valenciana duplica l\u2019increment percentual de j\u00f3vens ocupats en el segon trimestre respecte de la mitjana nacional, i augmenta un 15,6 % enfront del 7,3 % de la mitjana nacional.<\/p>\n\n\n\n<p class=\"wp-block-paragraph\">A m\u00e9s, les dades reflectixen una taxa d\u2019atur en la Comunitat Valenciana que es redu\u00efx fins als 39.700 j\u00f3vens parats d\u2019entre 20 i 24 anys, enfront dels 42.000 en el trimestre anterior, la qual cosa suposa una reducci\u00f3 de la taxa d\u2019atur del 22 % al 20,7 %.<\/p>\n\n\n\n<p class=\"wp-block-paragraph\">Tamb\u00e9 s\u2019ha referit la vicepresidenta a la incorporaci\u00f3 de treballadors estrangers al mercat laboral de la Comunitat Valenciana, de manera que destaca \u201cel dinamisme del nostre mercat laboral i la capacitat d\u2019este territori per a continuar generant ocupaci\u00f3\u201d. En concret, ha especificat que les persones estrangeres representen el 15 % del total de persones actives, amb una taxa d\u2019activitat del 65,5 % i una taxa d\u2019ocupaci\u00f3 del 54,5 %. No obstant aix\u00f2, mantenen una taxa d\u2019atur (16,8 %) superior a la de la poblaci\u00f3 espanyola (9,1 %), la qual cosa evidencia la necessitat de refor\u00e7ar pol\u00edtiques d\u2019inserci\u00f3 laboral i millora de la qualificaci\u00f3.<\/p>\n\n\n\n<p class=\"wp-block-paragraph\"><strong>Evoluci\u00f3 per prov\u00edncies<\/strong><\/p>\n\n\n\n<p class=\"wp-block-paragraph\">Per prov\u00edncies, Alacant registra el comportament m\u00e9s din\u00e0mic del trimestre, amb 28.700 persones ocupades m\u00e9s respecte del trimestre anterior i un increment de l\u2019ocupaci\u00f3 del 4,08 %. Val\u00e8ncia suma 5.900 persones ocupades m\u00e9s (+0,38 %), mentres que Castell\u00f3 mant\u00e9 pr\u00e0cticament estable l\u2019ocupaci\u00f3.<\/p>\n\n\n\n<p class=\"wp-block-paragraph\">Quant a la&nbsp; desocupaci\u00f3, les tres prov\u00edncies registren una evoluci\u00f3 favorable, amb descensos tant en termes trimestrals com interanuals, i consoliden la millora general del mercat laboral valenci\u00e0.<\/p>\n\n\n\n<p class=\"wp-block-paragraph\">Per sector d\u2019activitat, l\u2019ocupaci\u00f3 ha augmentat en 24.800 persones (+5,8 %) en el sector ind\u00fastria, la qual cosa suposa la millor dada de tota la s\u00e8rie hist\u00f2rica, iniciada en 2008, i augmenta tamb\u00e9 en el sector construcci\u00f3, amb 15.500 m\u00e9s, la qual cosa suposa un increment del 8 %.<\/p>\n\n\n\n<p class=\"wp-block-paragraph\"><strong>Mercat laboral m\u00e9s s\u00f2lid<\/strong><\/p>\n\n\n\n<p class=\"wp-block-paragraph\">La vicepresidenta ha destacat que estos resultats \u201creforcen la confian\u00e7a en l\u2019evoluci\u00f3 de l\u2019economia valenciana i en l\u2019efic\u00e0cia de les pol\u00edtiques dirigides a afavorir l\u2019ocupaci\u00f3, la formaci\u00f3 i la inserci\u00f3 laboral\u201d.<\/p>\n\n\n\n<p class=\"wp-block-paragraph\">Aix\u00ed mateix, Camarero ha reiterat que el Consell continuar\u00e0 impulsant mesures per a millorar l\u2019ocupabilitat de les persones, refor\u00e7ar la formaci\u00f3 adaptada a les necessitats de les empreses i facilitar l\u2019acc\u00e9s a l\u2019\u00fas dels col\u00b7lectius amb m\u00e9s dificultats, amb l\u2019objectiu de continuar consolidant un mercat laboral m\u00e9s din\u00e0mic, inclusiu i amb m\u00e9s oportunitats per a tots.<\/p>\n","protected":false},"excerpt":{"rendered":"<div class=\"mh-excerpt\">Les pol\u00edtiques de la Generalitat continuen impulsant un mercat laboral m\u00e9s din\u00e0mic, amb m\u00e9s ocupaci\u00f3, menys atur i m\u00e9s connexi\u00f3 entre les persones treballadores i les empreses. La Comunitat Valenciana \u00e9s la segona autonomia a <a class=\"mh-excerpt-more\" href=\"https:\/\/tucomarca.whitekongsoftware.com\/ca\/camarero-destaca-que-la-comunitat-valenciana-aconseguix-un-record-docupacio-amb-prop-de-25-milions-de-persones-ocupades\/\" title=\"Camarero destaca que la Comunitat Valenciana aconseguix un r\u00e8cord d\u2019ocupaci\u00f3 amb prop de 2,5 milions de persones ocupades\">[+] <\/a><\/div>\n","protected":false},"author":13,"featured_media":244853,"comment_status":"closed","ping_status":"open","sticky":false,"template":"","format":"standard","meta":{"footnotes":""},"categories":[10898,10948,10894,10904,10947,10896],"tags":[11199,11140],"class_list":["post-308984","post","type-post","status-publish","format-standard","has-post-thumbnail","category-ventana-ca","category-infraestructuras-ca","category-la-comarca-ca","category-sin-categorizar-ca","category-politica","category-seccion-ca","tag-la-comunitat-ca","tag-politica-ca"],"_links":{"self":[{"href":"https:\/\/tucomarca.whitekongsoftware.com\/ca\/wp-json\/wp\/v2\/posts\/308984","targetHints":{"allow":["GET"]}}],"collection":[{"href":"https:\/\/tucomarca.whitekongsoftware.com\/ca\/wp-json\/wp\/v2\/posts"}],"about":[{"href":"https:\/\/tucomarca.whitekongsoftware.com\/ca\/wp-json\/wp\/v2\/types\/post"}],"author":[{"embeddable":true,"href":"https:\/\/tucomarca.whitekongsoftware.com\/ca\/wp-json\/wp\/v2\/users\/13"}],"replies":[{"embeddable":true,"href":"https:\/\/tucomarca.whitekongsoftware.com\/ca\/wp-json\/wp\/v2\/comments?post=308984"}],"version-history":[{"count":1,"href":"https:\/\/tucomarca.whitekongsoftware.com\/ca\/wp-json\/wp\/v2\/posts\/308984\/revisions"}],"predecessor-version":[{"id":308985,"href":"https:\/\/tucomarca.whitekongsoftware.com\/ca\/wp-json\/wp\/v2\/posts\/308984\/revisions\/308985"}],"wp:featuredmedia":[{"embeddable":true,"href":"https:\/\/tucomarca.whitekongsoftware.com\/ca\/wp-json\/wp\/v2\/media\/244853"}],"wp:attachment":[{"href":"https:\/\/tucomarca.whitekongsoftware.com\/ca\/wp-json\/wp\/v2\/media?parent=308984"}],"wp:term":[{"taxonomy":"category","embeddable":true,"href":"https:\/\/tucomarca.whitekongsoftware.com\/ca\/wp-json\/wp\/v2\/categories?post=308984"},{"taxonomy":"post_tag","embeddable":true,"href":"https:\/\/tucomarca.whitekongsoftware.com\/ca\/wp-json\/wp\/v2\/tags?post=308984"}],"curies":[{"name":"wp","href":"https:\/\/api.w.org\/{rel}","templated":true}]}}