{"id":308866,"date":"2026-07-27T10:15:00","date_gmt":"2026-07-27T08:15:00","guid":{"rendered":"https:\/\/www.tucomarca.com\/wordpress\/segunda\/?p=308866"},"modified":"2026-07-27T19:20:38","modified_gmt":"2026-07-27T17:20:38","slug":"setaigues-reconeix-el-talent-de-tres-joves-amb-els-premis-jovenes-promesas-2026","status":"publish","type":"post","link":"https:\/\/tucomarca.whitekongsoftware.com\/ca\/setaigues-reconeix-el-talent-de-tres-joves-amb-els-premis-jovenes-promesas-2026\/","title":{"rendered":"Setaig\u00fces reconeix el talent de tres joves amb els Premis &#8220;J\u00f3venes Promesas&#8221; 2026"},"content":{"rendered":"\n<p class=\"wp-block-paragraph\">L&#8217;Ajuntament de Setaig\u00fces ha celebrat una nova edici\u00f3 dels Premis &#8220;J\u00f3venes Promesas&#8221;, un reconeixement amb el qual el municipi posa en valor l&#8217;esfor\u00e7, la dedicaci\u00f3 i l&#8217;excel\u00b7l\u00e8ncia de joves seteaig\u00fcencs que destaquen per les seues traject\u00f2ries acad\u00e8miques i musicals.<\/p>\n\n\n\n<p class=\"wp-block-paragraph\">En esta edici\u00f3, les persones guardonades han sigut Naroa Banacloig Llopis, Andrea Requena Crisan i Carlos S\u00e1nchez Morell\u00e1, tres joves que, amb el seu comprom\u00eds i const\u00e0ncia, s&#8217;han convertit en un exemple per a la comunitat i en un motiu d&#8217;orgull per a la localitat.<\/p>\n\n\n\n<p class=\"wp-block-paragraph\">Durant l&#8217;acte, l&#8217;Ajuntament va destacar la import\u00e0ncia de donar suport i impulsar el talent de les noves generacions, reconeixent el treball realitzat pels premiats i animant-los a continuar desenvolupant els seus projectes personals i professionals. Des del Consistori els van traslladar els seus millors desitjos perqu\u00e8 el seu futur estiga ple de nous reptes, \u00e8xits i satisfaccions.<\/p>\n\n\n\n<p class=\"wp-block-paragraph\">La cerim\u00f2nia tamb\u00e9 va comptar amb la participaci\u00f3 d&#8217;Andr\u00e9s Castillo i de l&#8217;alumnat de les seues classes de Filosofia, la intervenci\u00f3 dels quals va aportar un component cultural i reflexiu a l&#8217;acte. L&#8217;Ajuntament va voler agrair expressament la seua col\u00b7laboraci\u00f3, destacant el comprom\u00eds d&#8217;este grup de ve\u00efns i ve\u00efnes amb l&#8217;aprenentatge, el pensament cr\u00edtic i l&#8217;amor pel coneixement.<\/p>\n\n\n\n<p class=\"wp-block-paragraph\">Amb el lliurament dels Premis &#8220;J\u00f3venes Promesas&#8221; 2026, Setaig\u00fces reafirma la seua aposta per recon\u00e9ixer el m\u00e8rit i l&#8217;esfor\u00e7 de la joventut, fomentant valors com la formaci\u00f3, la cultura i el desenvolupament del talent com a pilars del futur del municipi.<\/p>\n","protected":false},"excerpt":{"rendered":"<div class=\"mh-excerpt\">L&#8217;Ajuntament de Setaig\u00fces ha celebrat una nova edici\u00f3 dels Premis &#8220;J\u00f3venes Promesas&#8221;, un reconeixement amb el qual el municipi posa en valor l&#8217;esfor\u00e7, la dedicaci\u00f3 i l&#8217;excel\u00b7l\u00e8ncia de joves seteaig\u00fcencs que destaquen per les seues <a class=\"mh-excerpt-more\" href=\"https:\/\/tucomarca.whitekongsoftware.com\/ca\/setaigues-reconeix-el-talent-de-tres-joves-amb-els-premis-jovenes-promesas-2026\/\" title=\"Setaig\u00fces reconeix el talent de tres joves amb els Premis &#8220;J\u00f3venes Promesas&#8221; 2026\">[+] <\/a><\/div>\n","protected":false},"author":12,"featured_media":308864,"comment_status":"closed","ping_status":"open","sticky":false,"template":"","format":"standard","meta":{"footnotes":""},"categories":[10894,10912,11007,10947,10896,10979],"tags":[24706,10914,11157],"class_list":["post-308866","post","type-post","status-publish","format-standard","has-post-thumbnail","category-la-comarca-ca","category-la-hoya-ca","category-ocio-y-cultura-ca","category-politica","category-seccion-ca","category-siete-aguas-ca","tag-jovenes-promesas-2026","tag-la-hoya-de-bunol-chiva-ca","tag-siete-aguas-ca"],"_links":{"self":[{"href":"https:\/\/tucomarca.whitekongsoftware.com\/ca\/wp-json\/wp\/v2\/posts\/308866","targetHints":{"allow":["GET"]}}],"collection":[{"href":"https:\/\/tucomarca.whitekongsoftware.com\/ca\/wp-json\/wp\/v2\/posts"}],"about":[{"href":"https:\/\/tucomarca.whitekongsoftware.com\/ca\/wp-json\/wp\/v2\/types\/post"}],"author":[{"embeddable":true,"href":"https:\/\/tucomarca.whitekongsoftware.com\/ca\/wp-json\/wp\/v2\/users\/12"}],"replies":[{"embeddable":true,"href":"https:\/\/tucomarca.whitekongsoftware.com\/ca\/wp-json\/wp\/v2\/comments?post=308866"}],"version-history":[{"count":3,"href":"https:\/\/tucomarca.whitekongsoftware.com\/ca\/wp-json\/wp\/v2\/posts\/308866\/revisions"}],"predecessor-version":[{"id":308919,"href":"https:\/\/tucomarca.whitekongsoftware.com\/ca\/wp-json\/wp\/v2\/posts\/308866\/revisions\/308919"}],"wp:featuredmedia":[{"embeddable":true,"href":"https:\/\/tucomarca.whitekongsoftware.com\/ca\/wp-json\/wp\/v2\/media\/308864"}],"wp:attachment":[{"href":"https:\/\/tucomarca.whitekongsoftware.com\/ca\/wp-json\/wp\/v2\/media?parent=308866"}],"wp:term":[{"taxonomy":"category","embeddable":true,"href":"https:\/\/tucomarca.whitekongsoftware.com\/ca\/wp-json\/wp\/v2\/categories?post=308866"},{"taxonomy":"post_tag","embeddable":true,"href":"https:\/\/tucomarca.whitekongsoftware.com\/ca\/wp-json\/wp\/v2\/tags?post=308866"}],"curies":[{"name":"wp","href":"https:\/\/api.w.org\/{rel}","templated":true}]}}