{"id":308855,"date":"2026-07-27T11:45:00","date_gmt":"2026-07-27T09:45:00","guid":{"rendered":"https:\/\/www.tucomarca.com\/wordpress\/segunda\/?p=308855"},"modified":"2026-07-27T19:11:26","modified_gmt":"2026-07-27T17:11:26","slug":"el-pp-de-la-diputacio-de-valencia-demana-la-dimissio-doscar-puente-pel-deteriorament-dels-rodalia","status":"publish","type":"post","link":"https:\/\/tucomarca.whitekongsoftware.com\/ca\/el-pp-de-la-diputacio-de-valencia-demana-la-dimissio-doscar-puente-pel-deteriorament-dels-rodalia\/","title":{"rendered":"El PP de la Diputaci\u00f3 de Val\u00e8ncia demana la dimissi\u00f3 d&#8217;\u00d3scar Puente pel \u201cdeteriorament\u201d dels Rodalia"},"content":{"rendered":"\n<h3 class=\"wp-block-heading\">Mazzolari: \u201cLa degradaci\u00f3 del servici est\u00e0 provocant que nombrosos usuaris tornen al vehicle privat, la qual cosa agreuja els embossos, les emissions i els costos\u201d.<\/h3>\n\n\n<div class=\"wp-block-image\">\n<figure class=\"alignleft size-full is-resized\"><img loading=\"lazy\" decoding=\"async\" width=\"1424\" height=\"1600\" src=\"https:\/\/www.tucomarca.com\/wordpress\/segunda\/wp-content\/uploads\/2026\/07\/Mazzolari-PP.jpg\" alt=\"\" class=\"wp-image-308853\" style=\"aspect-ratio:0.8900033705194144;width:289px;height:auto\" srcset=\"https:\/\/tucomarca.whitekongsoftware.com\/wp-content\/uploads\/2026\/07\/Mazzolari-PP.jpg 1424w, https:\/\/tucomarca.whitekongsoftware.com\/wp-content\/uploads\/2026\/07\/Mazzolari-PP-339x381.jpg 339w, https:\/\/tucomarca.whitekongsoftware.com\/wp-content\/uploads\/2026\/07\/Mazzolari-PP-768x863.jpg 768w, https:\/\/tucomarca.whitekongsoftware.com\/wp-content\/uploads\/2026\/07\/Mazzolari-PP-1367x1536.jpg 1367w\" sizes=\"auto, (max-width: 1424px) 100vw, 1424px\" \/><\/figure>\n<\/div>\n\n\n<p class=\"wp-block-paragraph\">El Partit Popular en la Diputaci\u00f3 de Val\u00e8ncia ha proposat que la instituci\u00f3 provincial exigisca la dimissi\u00f3 del ministre de Transports, \u00d3scar Puente, pel \u201cdeteriorament i la falta de fiabilitat\u201d del servici de Rodalia a la prov\u00edncia de Val\u00e8ncia, aix\u00ed com per \u201cl&#8217;incompliment de les actuacions compromeses i l&#8217;abs\u00e8ncia de solucions suficients\u201d.<\/p>\n\n\n\n<p class=\"wp-block-paragraph\">Les dades de puntualitat corresponents al mes de maig de 2026 reflectixen que la xarxa de Rodalia de Val\u00e8ncia va acumular 14.469 minuts de demora, m\u00e9s de 240 hores. Mentres que 58 servicis van ser cancel\u00b7lats per complet.<\/p>\n\n\n\n<p class=\"wp-block-paragraph\">\u201cNo pot ser que la norma siguen els retards, les cancel\u00b7lacions, les avaries, les limitacions de velocitat, la falta d&#8217;informaci\u00f3 i les interrupcions del servici\u201d, ha lamentat la portaveu del PP en la Diputaci\u00f3, Reme Mazzolari., al mateix temps que ha advertit que \u201cla degradaci\u00f3 del servici est\u00e0 provocant que nombrosos usuaris abandonen el tren i tornen al vehicle privat, la qual cosa agreuja els embossos, les emissions i els costos personals i econ\u00f2mics\u201d.<\/p>\n\n\n\n<p class=\"wp-block-paragraph\">El Pla de Rodalia de la Comunitat Valenciana 2017-2025 va concloure sense que s&#8217;hagueren materialitzat moltes de les seues actuacions estrat\u00e8giques. La Generalitat Valenciana i la Cambra de Contractistes situen per davall del 50% el percentatge d&#8217;actuacions finalitzades. Entre les actuacions pendents destaquen el desdoblament de la l\u00ednia C1 entre Cullera i Gandia; la millora de la capacitat i la fiabilitat de la C2; la recuperaci\u00f3 completa, la modernitzaci\u00f3 i l&#8217;electrificaci\u00f3 de la C3; la reobertura i l&#8217;adequada integraci\u00f3 de la C5; la millora de la C6; l&#8217;eliminaci\u00f3 de punts cr\u00edtics; l&#8217;augment de les freq\u00fc\u00e8ncies i l&#8217;arribada de nous trens<\/p>\n\n\n\n<p class=\"wp-block-paragraph\">La iniciativa, que es debatr\u00e0 este dimarts, tamb\u00e9 insta el Govern d&#8217;Espanya a complir l&#8217;acord aprovat pel Congr\u00e9s dels Diputats el 26 de febrer de 2026 en el qual es va instar el Govern a aprovar, en un termini m\u00e0xim de sis mesos, un Pla d&#8217;Inversions 2026-2030 amb una dotaci\u00f3 m\u00ednima de 1.500 milions d&#8217;euros. De la mateixa manera, sol\u00b7licita al Ministeri una reuni\u00f3 urgent amb la Diputaci\u00f3 de Val\u00e8ncia i els alcaldes dels municipis afectats per a presentar el calendari d&#8217;inversions i respondre a les reivindicacions.<\/p>\n\n\n\n<p class=\"wp-block-paragraph\">\u201cLa Diputaci\u00f3 de Val\u00e8ncia, com a instituci\u00f3 representativa dels municipis de la prov\u00edncia, no pot estar al marge d&#8217;un problema que perjudica la cohesi\u00f3 territorial, la competitivitat i l&#8217;acc\u00e9s a l&#8217;ocupaci\u00f3, a l&#8217;educaci\u00f3 i als servicis p\u00fablics\u201d, ha def\u00e9s Reme Mazzolari.&nbsp;<\/p>\n\n\n\n<p class=\"wp-block-paragraph\">Esta moci\u00f3 s&#8217;emmarca en la campanya \u201cL&#8217;Espera infinita\u201d que el president del PP de la prov\u00edncia, Vicent Momp\u00f3, va presentar el passat 2 de juliol a Gandia. Amb esta iniciativa, que tamb\u00e9 inclou la presentaci\u00f3 de mocions en els municipis i altres accions reivindicatives, el PP tracta de revertir la situaci\u00f3 que \u201cpatixen milers de valencians\u201d i aconseguir un servici de Rodalia \u201cdigne, fiable i puntual\u201d.<\/p>\n","protected":false},"excerpt":{"rendered":"<div class=\"mh-excerpt\">Mazzolari: \u201cLa degradaci\u00f3 del servici est\u00e0 provocant que nombrosos usuaris tornen al vehicle privat, la qual cosa agreuja els embossos, les emissions i els costos\u201d. El Partit Popular en la Diputaci\u00f3 de Val\u00e8ncia ha proposat <a class=\"mh-excerpt-more\" href=\"https:\/\/tucomarca.whitekongsoftware.com\/ca\/el-pp-de-la-diputacio-de-valencia-demana-la-dimissio-doscar-puente-pel-deteriorament-dels-rodalia\/\" title=\"El PP de la Diputaci\u00f3 de Val\u00e8ncia demana la dimissi\u00f3 d&#8217;\u00d3scar Puente pel \u201cdeteriorament\u201d dels Rodalia\">[+] <\/a><\/div>\n","protected":false},"author":13,"featured_media":127316,"comment_status":"closed","ping_status":"open","sticky":false,"template":"","format":"standard","meta":{"footnotes":""},"categories":[10898,10948,10894,10904,10912,10947,10909,10896],"tags":[11199,21005,11140,10910],"class_list":["post-308855","post","type-post","status-publish","format-standard","has-post-thumbnail","category-ventana-ca","category-infraestructuras-ca","category-la-comarca-ca","category-sin-categorizar-ca","category-la-hoya-ca","category-politica","category-requena-utiel-ca","category-seccion-ca","tag-la-comunitat-ca","tag-la-hoya-de-bunol-chiva-5-ca","tag-politica-ca","tag-requena-utiel-ca"],"_links":{"self":[{"href":"https:\/\/tucomarca.whitekongsoftware.com\/ca\/wp-json\/wp\/v2\/posts\/308855","targetHints":{"allow":["GET"]}}],"collection":[{"href":"https:\/\/tucomarca.whitekongsoftware.com\/ca\/wp-json\/wp\/v2\/posts"}],"about":[{"href":"https:\/\/tucomarca.whitekongsoftware.com\/ca\/wp-json\/wp\/v2\/types\/post"}],"author":[{"embeddable":true,"href":"https:\/\/tucomarca.whitekongsoftware.com\/ca\/wp-json\/wp\/v2\/users\/13"}],"replies":[{"embeddable":true,"href":"https:\/\/tucomarca.whitekongsoftware.com\/ca\/wp-json\/wp\/v2\/comments?post=308855"}],"version-history":[{"count":2,"href":"https:\/\/tucomarca.whitekongsoftware.com\/ca\/wp-json\/wp\/v2\/posts\/308855\/revisions"}],"predecessor-version":[{"id":308901,"href":"https:\/\/tucomarca.whitekongsoftware.com\/ca\/wp-json\/wp\/v2\/posts\/308855\/revisions\/308901"}],"wp:featuredmedia":[{"embeddable":true,"href":"https:\/\/tucomarca.whitekongsoftware.com\/ca\/wp-json\/wp\/v2\/media\/127316"}],"wp:attachment":[{"href":"https:\/\/tucomarca.whitekongsoftware.com\/ca\/wp-json\/wp\/v2\/media?parent=308855"}],"wp:term":[{"taxonomy":"category","embeddable":true,"href":"https:\/\/tucomarca.whitekongsoftware.com\/ca\/wp-json\/wp\/v2\/categories?post=308855"},{"taxonomy":"post_tag","embeddable":true,"href":"https:\/\/tucomarca.whitekongsoftware.com\/ca\/wp-json\/wp\/v2\/tags?post=308855"}],"curies":[{"name":"wp","href":"https:\/\/api.w.org\/{rel}","templated":true}]}}