{"id":308846,"date":"2026-07-27T09:00:00","date_gmt":"2026-07-27T07:00:00","guid":{"rendered":"https:\/\/www.tucomarca.com\/wordpress\/segunda\/?p=308846"},"modified":"2026-07-27T18:53:17","modified_gmt":"2026-07-27T16:53:17","slug":"xest-obri-el-periode-de-matricula-de-les-escoles-esportives-municipals-per-a-la-temporada-2026-2027","status":"publish","type":"post","link":"https:\/\/tucomarca.whitekongsoftware.com\/ca\/xest-obri-el-periode-de-matricula-de-les-escoles-esportives-municipals-per-a-la-temporada-2026-2027\/","title":{"rendered":"Xest obri el per\u00edode de matr\u00edcula de les Escoles Esportives Municipals per a la temporada 2026-2027"},"content":{"rendered":"\n<h3 class=\"wp-block-heading\">L&#8217;Ajuntament de Xest ofereix una vintena de disciplines esportives per a totes les edats, i introdueix com a novetat la psicomotricitat i el multiesport.<\/h3>\n\n\n<div class=\"wp-block-image\">\n<figure class=\"alignleft size-full is-resized\"><img loading=\"lazy\" decoding=\"async\" width=\"668\" height=\"945\" src=\"https:\/\/www.tucomarca.com\/wordpress\/segunda\/wp-content\/uploads\/2026\/07\/cheste_escuelas_deportivas_municipales_02.png\" alt=\"\" class=\"wp-image-308841\" style=\"aspect-ratio:0.7068617724867725;width:458px;height:auto\" srcset=\"https:\/\/tucomarca.whitekongsoftware.com\/wp-content\/uploads\/2026\/07\/cheste_escuelas_deportivas_municipales_02.png 668w, https:\/\/tucomarca.whitekongsoftware.com\/wp-content\/uploads\/2026\/07\/cheste_escuelas_deportivas_municipales_02-269x381.png 269w\" sizes=\"auto, (max-width: 668px) 100vw, 668px\" \/><\/figure>\n<\/div>\n\n\n<p class=\"wp-block-paragraph\">L&#8217;Ajuntament de Xest ha obert el per\u00edode de matr\u00edcula de les Escoles Esportives Municipals corresponents a la temporada 2026-2027, una oferta que reuneix una vintena de disciplines dirigides a totes les franges d&#8217;edat, des dels m\u00e9s xicotets fins a les persones adultes.<\/p>\n\n\n\n<p class=\"wp-block-paragraph\">El programa inclou activitats com a ball modern, gimn\u00e0stica r\u00edtmica, atletisme, escacs, p\u00e0del, orientaci\u00f3, voley, karate, escalada, tenis, futbol, b\u00e0squet i frontenis, entre altres, amb la gran novetat de la psicomotricitat i el multiesport. Les classes es desenvoluparan en diferents instal\u00b7lacions municipals, com el Pavell\u00f3 Municipal, el Roc\u00f2drom, les pistes de tenis i p\u00e0del del poliesportiu, el camp de futbol de La Vinya, el CEIP Vicente Blasco Ib\u00e1\u00f1ez o el Parc de la Lomiquia, amb grups organitzats per edats per a adaptar cada activitat a les necessitats dels participants.<\/p>\n\n\n\n<p class=\"wp-block-paragraph\">La matr\u00edcula t\u00e9 un cost de 25 euros, al que se suma la quota trimestral de cada activitat, que en la majoria dels casos se situa en 45 euros, amb imports espec\u00edfics per a disciplines com a futbol, tenis o b\u00e0squet. L&#8217;Ajuntament mant\u00e9 a m\u00e9s una pol\u00edtica de bonificacions: un 25% de descompte per a persones amb diversitat funcional, un 10% per a fam\u00edlies nombroses, monoparentals o d&#8217;acolliment, i una reducci\u00f3 del 50% en la taxa del segon membre d&#8217;una mateixa unitat familiar inscrit, a m\u00e9s de la gratu\u00eftat per al tercer i quart membre. Aquests descomptes no s\u00f3n acumulables entre si.<\/p>\n\n\n\n<p class=\"wp-block-paragraph\">Les inscripcions es realitzen a trav\u00e9s de l&#8217;aplicaci\u00f3 ResaSports, on les fam\u00edlies han de registrar-se amb el seu correu electr\u00f2nic, verificar les seues dades i completar el proc\u00e9s d&#8217;inscripci\u00f3 en el curs triat des de l&#8217;apartat corresponent de l&#8217;app. Les consultes es poden formular a trav\u00e9s del correu doliva@ebone.es.<\/p>\n\n\n\n<p class=\"wp-block-paragraph\"><strong>Esport com a inversi\u00f3 en salut i conviv\u00e8ncia<\/strong><\/p>\n\n\n\n<p class=\"wp-block-paragraph\">El regidor d&#8217;Esports, Adri\u00e1n Tar\u00edn, ha destacat l&#8217;amplitud del cat\u00e0leg d&#8217;activitats que l&#8217;Ajuntament posa aquest curs a la disposici\u00f3 dels chestanos i chestanas: &#8220;tornem a oferir una programaci\u00f3 molt \u00e0mplia i variada, amb activitats per a totes les edats i tots els gustos, des de les escoles m\u00e9s orientades al joc i la psicomotricitat per als m\u00e9s xicotets fins a disciplines de tecnificaci\u00f3 o modalitats pensades espec\u00edficament per a persones adultes. Volem que qualsevol ve\u00ed o ve\u00efna de Xest, siga el que siga la seua edat, trobe a les nostres escoles esportives municipals una opci\u00f3 que s&#8217;adapte al que cerca&#8221;.<\/p>\n\n\n\n<p class=\"wp-block-paragraph\">Per part seua, l&#8217;alcalde de Xest, Jose Morell, ha subratllat l&#8217;aposta de l&#8217;Ajuntament per l&#8217;esport com a eina de salut i cohesi\u00f3 social: &#8220;per a aquest equip de govern l&#8217;esport \u00e9s molt m\u00e9s que una activitat d&#8217;oci: \u00e9s una inversi\u00f3 en la salut dels nostres ve\u00efns i ve\u00efnes i una manera de fomentar la conviv\u00e8ncia i els valors associats a l&#8217;esport des de les edats m\u00e9s primerenques. Amb aquestes escoles esportives municipals volem continuar construint un poble actiu, saludable i unit, on l&#8217;esport siga un punt de trobada entre totes i tots&#8221;.<\/p>\n","protected":false},"excerpt":{"rendered":"<div class=\"mh-excerpt\">L&#8217;Ajuntament de Xest ofereix una vintena de disciplines esportives per a totes les edats, i introdueix com a novetat la psicomotricitat i el multiesport. L&#8217;Ajuntament de Xest ha obert el per\u00edode de matr\u00edcula de les <a class=\"mh-excerpt-more\" href=\"https:\/\/tucomarca.whitekongsoftware.com\/ca\/xest-obri-el-periode-de-matricula-de-les-escoles-esportives-municipals-per-a-la-temporada-2026-2027\/\" title=\"Xest obri el per\u00edode de matr\u00edcula de les Escoles Esportives Municipals per a la temporada 2026-2027\">[+] <\/a><\/div>\n","protected":false},"author":13,"featured_media":308844,"comment_status":"closed","ping_status":"open","sticky":false,"template":"","format":"standard","meta":{"footnotes":""},"categories":[11019,11003,10894,10912,11009,10896,10974],"tags":[11071,11074,10914],"class_list":["post-308846","post","type-post","status-publish","format-standard","has-post-thumbnail","category-agenda-ca","category-sports","category-la-comarca-ca","category-la-hoya-ca","category-polideportivo-ca","category-seccion-ca","category-cheste-ca","tag-cheste","tag-deportes-ca","tag-la-hoya-de-bunol-chiva-ca"],"_links":{"self":[{"href":"https:\/\/tucomarca.whitekongsoftware.com\/ca\/wp-json\/wp\/v2\/posts\/308846","targetHints":{"allow":["GET"]}}],"collection":[{"href":"https:\/\/tucomarca.whitekongsoftware.com\/ca\/wp-json\/wp\/v2\/posts"}],"about":[{"href":"https:\/\/tucomarca.whitekongsoftware.com\/ca\/wp-json\/wp\/v2\/types\/post"}],"author":[{"embeddable":true,"href":"https:\/\/tucomarca.whitekongsoftware.com\/ca\/wp-json\/wp\/v2\/users\/13"}],"replies":[{"embeddable":true,"href":"https:\/\/tucomarca.whitekongsoftware.com\/ca\/wp-json\/wp\/v2\/comments?post=308846"}],"version-history":[{"count":1,"href":"https:\/\/tucomarca.whitekongsoftware.com\/ca\/wp-json\/wp\/v2\/posts\/308846\/revisions"}],"predecessor-version":[{"id":308848,"href":"https:\/\/tucomarca.whitekongsoftware.com\/ca\/wp-json\/wp\/v2\/posts\/308846\/revisions\/308848"}],"wp:featuredmedia":[{"embeddable":true,"href":"https:\/\/tucomarca.whitekongsoftware.com\/ca\/wp-json\/wp\/v2\/media\/308844"}],"wp:attachment":[{"href":"https:\/\/tucomarca.whitekongsoftware.com\/ca\/wp-json\/wp\/v2\/media?parent=308846"}],"wp:term":[{"taxonomy":"category","embeddable":true,"href":"https:\/\/tucomarca.whitekongsoftware.com\/ca\/wp-json\/wp\/v2\/categories?post=308846"},{"taxonomy":"post_tag","embeddable":true,"href":"https:\/\/tucomarca.whitekongsoftware.com\/ca\/wp-json\/wp\/v2\/tags?post=308846"}],"curies":[{"name":"wp","href":"https:\/\/api.w.org\/{rel}","templated":true}]}}