{"id":308837,"date":"2026-07-27T10:13:00","date_gmt":"2026-07-27T08:13:00","guid":{"rendered":"https:\/\/www.tucomarca.com\/wordpress\/segunda\/?p=308837"},"modified":"2026-07-27T19:43:33","modified_gmt":"2026-07-27T17:43:33","slug":"alboraig-honra-sant-jaume-amb-una-jornada-de-tradicio-devocio-i-ambient-festiu","status":"publish","type":"post","link":"https:\/\/tucomarca.whitekongsoftware.com\/ca\/alboraig-honra-sant-jaume-amb-una-jornada-de-tradicio-devocio-i-ambient-festiu\/","title":{"rendered":"Alboraig honra Sant Jaume amb una jornada de tradici\u00f3, devoci\u00f3 i ambient festiu"},"content":{"rendered":"\n<p class=\"wp-block-paragraph\">Alboraig va viure este dissabte una de les jornades m\u00e9s significatives de les seues Festes Patronals amb la celebraci\u00f3 del Dia de Sant Jaume, patr\u00f3 del municipi, una cita que va reunir ve\u00efns i visitants al voltant dels actes religiosos i festius programats per l\u2019Ajuntament.<\/p>\n\n\n\n<p class=\"wp-block-paragraph\">La jornada va comen\u00e7ar amb la solemne missa en honor a Sant Jaume, celebrada a la parr\u00f2quia de la localitat. L&#8217;acte va comptar amb la participaci\u00f3 de les Parr\u00f2quies d&#8217;Alborache, Macastre i Y\u00e1tova, aix\u00ed com de la Parr\u00f2quia de Santiago Ap\u00f3stol, el cor parroquial i diversos sacerdots que van concelebrar l&#8217;eucaristia. La celebraci\u00f3 va estar presidida per Salvador Gim\u00e9nez Valls, bisbe em\u00e8rit de Lleida, la pres\u00e8ncia del qual va conferir un car\u00e0cter especialment solemne a la festivitat.<\/p>\n\n\n\n<p class=\"wp-block-paragraph\">Ja a la vesprada, la imatge del patr\u00f3 va rec\u00f3rrer els carrers d&#8217;Alboraig en la tradicional process\u00f3, acompanyada per nombrosos ve\u00efns que van participar en una de les manifestacions de fe i d&#8217;arrelament m\u00e9s emblem\u00e0tiques del municipi. Durant el recorregut tamb\u00e9 va estar present Dubiel Ruiz, anterior rector d&#8217;Alborache, juntament amb representants de la corporaci\u00f3 municipal i altres autoritats.<\/p>\n\n\n\n<p class=\"wp-block-paragraph\">Un dels moments m\u00e9s destacats de la process\u00f3 va ser el protagonitzat pels Clavaris de Sant Jaume, que van portar les andes del patr\u00f3 durant tot el recorregut, mantenint viva una tradici\u00f3 profundament vinculada a les festes patronals.<\/p>\n\n\n\n<p class=\"wp-block-paragraph\">Despr\u00e9s dels actes religiosos, la programaci\u00f3 va continuar amb l&#8217;espectacle musical &#8220;AlegrIA&#8221;, que va congregar un nombr\u00f3s p\u00fablic gr\u00e0cies a una acurada posada en escena. La jornada va concloure amb la festa Go Party, que va allargar l&#8217;ambient de celebraci\u00f3 fins ben entrada la matinada.<\/p>\n\n\n\n<p class=\"wp-block-paragraph\">Des de l&#8217;Ajuntament d&#8217;Alborache han agra\u00eft la implicaci\u00f3 de totes les persones, col\u00b7lectius i entitats que han col\u00b7laborat en l&#8217;organitzaci\u00f3 dels actes, aix\u00ed com la participaci\u00f3 de ve\u00efns i visitants, destacant que el Dia de Sant Jaume ha tornat a convertir-se en una de les jornades m\u00e9s multitudin\u00e0ries i emotives de les Festes Patronals.<\/p>\n\n\n\n<figure class=\"wp-block-gallery has-nested-images columns-1 is-cropped wp-block-gallery-1 is-layout-flex wp-block-gallery-is-layout-flex\">\n<figure class=\"wp-block-image size-large\"><img loading=\"lazy\" decoding=\"async\" width=\"787\" height=\"531\" data-id=\"308830\" src=\"https:\/\/www.tucomarca.com\/wordpress\/segunda\/wp-content\/uploads\/2026\/07\/AlborachePatron26_4.jpg\" alt=\"\" class=\"wp-image-308830\" srcset=\"https:\/\/tucomarca.whitekongsoftware.com\/wp-content\/uploads\/2026\/07\/AlborachePatron26_4.jpg 787w, https:\/\/tucomarca.whitekongsoftware.com\/wp-content\/uploads\/2026\/07\/AlborachePatron26_4-565x381.jpg 565w, https:\/\/tucomarca.whitekongsoftware.com\/wp-content\/uploads\/2026\/07\/AlborachePatron26_4-768x518.jpg 768w\" sizes=\"auto, (max-width: 787px) 100vw, 787px\" \/><\/figure>\n\n\n\n<figure class=\"wp-block-image size-large\"><img loading=\"lazy\" decoding=\"async\" width=\"787\" height=\"531\" data-id=\"308832\" src=\"https:\/\/www.tucomarca.com\/wordpress\/segunda\/wp-content\/uploads\/2026\/07\/AlborachePatron26_5.jpg\" alt=\"\" class=\"wp-image-308832\" srcset=\"https:\/\/tucomarca.whitekongsoftware.com\/wp-content\/uploads\/2026\/07\/AlborachePatron26_5.jpg 787w, https:\/\/tucomarca.whitekongsoftware.com\/wp-content\/uploads\/2026\/07\/AlborachePatron26_5-565x381.jpg 565w, https:\/\/tucomarca.whitekongsoftware.com\/wp-content\/uploads\/2026\/07\/AlborachePatron26_5-768x518.jpg 768w\" sizes=\"auto, (max-width: 787px) 100vw, 787px\" \/><\/figure>\n\n\n\n<figure class=\"wp-block-image size-large\"><img loading=\"lazy\" decoding=\"async\" width=\"787\" height=\"531\" data-id=\"308828\" src=\"https:\/\/www.tucomarca.com\/wordpress\/segunda\/wp-content\/uploads\/2026\/07\/AlborachePatron26_2.jpg\" alt=\"\" class=\"wp-image-308828\" srcset=\"https:\/\/tucomarca.whitekongsoftware.com\/wp-content\/uploads\/2026\/07\/AlborachePatron26_2.jpg 787w, https:\/\/tucomarca.whitekongsoftware.com\/wp-content\/uploads\/2026\/07\/AlborachePatron26_2-565x381.jpg 565w, https:\/\/tucomarca.whitekongsoftware.com\/wp-content\/uploads\/2026\/07\/AlborachePatron26_2-768x518.jpg 768w\" sizes=\"auto, (max-width: 787px) 100vw, 787px\" \/><\/figure>\n\n\n\n<figure class=\"wp-block-image size-large\"><img loading=\"lazy\" decoding=\"async\" width=\"787\" height=\"531\" data-id=\"308834\" src=\"https:\/\/www.tucomarca.com\/wordpress\/segunda\/wp-content\/uploads\/2026\/07\/AlborachePatron26_6.jpg\" alt=\"\" class=\"wp-image-308834\" srcset=\"https:\/\/tucomarca.whitekongsoftware.com\/wp-content\/uploads\/2026\/07\/AlborachePatron26_6.jpg 787w, https:\/\/tucomarca.whitekongsoftware.com\/wp-content\/uploads\/2026\/07\/AlborachePatron26_6-565x381.jpg 565w, https:\/\/tucomarca.whitekongsoftware.com\/wp-content\/uploads\/2026\/07\/AlborachePatron26_6-768x518.jpg 768w\" sizes=\"auto, (max-width: 787px) 100vw, 787px\" \/><\/figure>\n<\/figure>\n","protected":false},"excerpt":{"rendered":"<div class=\"mh-excerpt\">Alboraig va viure este dissabte una de les jornades m\u00e9s significatives de les seues Festes Patronals amb la celebraci\u00f3 del Dia de Sant Jaume, patr\u00f3 del municipi, una cita que va reunir ve\u00efns i visitants <a class=\"mh-excerpt-more\" href=\"https:\/\/tucomarca.whitekongsoftware.com\/ca\/alboraig-honra-sant-jaume-amb-una-jornada-de-tradicio-devocio-i-ambient-festiu\/\" title=\"Alboraig honra Sant Jaume amb una jornada de tradici\u00f3, devoci\u00f3 i ambient festiu\">[+] <\/a><\/div>\n","protected":false},"author":12,"featured_media":308827,"comment_status":"closed","ping_status":"open","sticky":false,"template":"","format":"standard","meta":{"footnotes":""},"categories":[10973,10894,10912,11004,11007,11008,10896],"tags":[11224,10914,17570],"class_list":["post-308837","post","type-post","status-publish","format-standard","has-post-thumbnail","category-alborache-ca","category-la-comarca-ca","category-la-hoya-ca","category-la-semana-en-imagenes-ca","category-ocio-y-cultura-ca","category-pueblos-en-fiestas-ca","category-seccion-ca","tag-alborache-ca","tag-la-hoya-de-bunol-chiva-ca","tag-san-jaime-ca"],"_links":{"self":[{"href":"https:\/\/tucomarca.whitekongsoftware.com\/ca\/wp-json\/wp\/v2\/posts\/308837","targetHints":{"allow":["GET"]}}],"collection":[{"href":"https:\/\/tucomarca.whitekongsoftware.com\/ca\/wp-json\/wp\/v2\/posts"}],"about":[{"href":"https:\/\/tucomarca.whitekongsoftware.com\/ca\/wp-json\/wp\/v2\/types\/post"}],"author":[{"embeddable":true,"href":"https:\/\/tucomarca.whitekongsoftware.com\/ca\/wp-json\/wp\/v2\/users\/12"}],"replies":[{"embeddable":true,"href":"https:\/\/tucomarca.whitekongsoftware.com\/ca\/wp-json\/wp\/v2\/comments?post=308837"}],"version-history":[{"count":2,"href":"https:\/\/tucomarca.whitekongsoftware.com\/ca\/wp-json\/wp\/v2\/posts\/308837\/revisions"}],"predecessor-version":[{"id":308922,"href":"https:\/\/tucomarca.whitekongsoftware.com\/ca\/wp-json\/wp\/v2\/posts\/308837\/revisions\/308922"}],"wp:featuredmedia":[{"embeddable":true,"href":"https:\/\/tucomarca.whitekongsoftware.com\/ca\/wp-json\/wp\/v2\/media\/308827"}],"wp:attachment":[{"href":"https:\/\/tucomarca.whitekongsoftware.com\/ca\/wp-json\/wp\/v2\/media?parent=308837"}],"wp:term":[{"taxonomy":"category","embeddable":true,"href":"https:\/\/tucomarca.whitekongsoftware.com\/ca\/wp-json\/wp\/v2\/categories?post=308837"},{"taxonomy":"post_tag","embeddable":true,"href":"https:\/\/tucomarca.whitekongsoftware.com\/ca\/wp-json\/wp\/v2\/tags?post=308837"}],"curies":[{"name":"wp","href":"https:\/\/api.w.org\/{rel}","templated":true}]}}