{"id":308820,"date":"2026-07-27T10:00:00","date_gmt":"2026-07-27T08:00:00","guid":{"rendered":"https:\/\/www.tucomarca.com\/wordpress\/segunda\/?p=308820"},"modified":"2026-07-27T18:54:39","modified_gmt":"2026-07-27T16:54:39","slug":"alborache-acull-la-segona-edicio-del-curs-de-direccio-jose-maria-cervera-lloret","status":"publish","type":"post","link":"https:\/\/tucomarca.whitekongsoftware.com\/ca\/alborache-acull-la-segona-edicio-del-curs-de-direccio-jose-maria-cervera-lloret\/","title":{"rendered":"Alborache acull la segona edici\u00f3 del Curs de Direcci\u00f3 &#8216;Jos\u00e9 Mar\u00eda Cervera Lloret&#8217;"},"content":{"rendered":"\n<p class=\"wp-block-paragraph\">Alborache torna a convertir-se este estiu en punt de trobada per a directors d&#8217;orquestra i estudiants de direcci\u00f3 amb la celebraci\u00f3 del <strong>II Curs de Direcci\u00f3 &#8220;Jos\u00e9 Mar\u00eda Cervera Lloret&#8221; Vila d&#8217;Alborache<\/strong>, que tindr\u00e0 lloc del <strong>28 al 31 de juliol<\/strong>.<\/p>\n\n\n\n<p class=\"wp-block-paragraph\">El curs, que ret homenatge al prestigi\u00f3s director <strong>Jos\u00e9 Mar\u00eda Cervera Lloret<\/strong>, reunir\u00e0 durant quatre jornades alumnes interessats a perfeccionar la seua t\u00e8cnica de direcci\u00f3 sota la tutela de dos reconeguts professionals: <strong>Crist\u00f3bal Soler<\/strong> i <strong>Pascual Cabanes<\/strong>, que seran els encarregats d&#8217;impartir les sessions formatives.<\/p>\n\n\n\n<p class=\"wp-block-paragraph\">La iniciativa oferir\u00e0 un complet programa que combinar\u00e0 classes de t\u00e8cnica de direcci\u00f3, confer\u00e8ncies, sessions pr\u00e0ctiques amb orquestra de cambra i un concert final que ser\u00e0 enregistrat, permetent als participants posar en pr\u00e0ctica els coneixements adquirits al llarg del curs en un entorn professional.<\/p>\n\n\n\n<p class=\"wp-block-paragraph\">Pel que fa al repertori, els alumnes treballaran dues grans obres del repertori simf\u00f2nic internacional: la <strong>Simfonia n\u00fam. 2 de Jean Sibelius<\/strong> i la <strong>Simfonia n\u00fam. 5 de Piotr Ilitx Txaikovski<\/strong>, dues composicions de gran exig\u00e8ncia t\u00e8cnica i interpretativa.<\/p>\n\n\n\n<p class=\"wp-block-paragraph\">Amb esta segona edici\u00f3, Alborache consolida una proposta formativa que aposta per l&#8217;excel\u00b7l\u00e8ncia musical i per acostar al municipi joves directors i m\u00fasics procedents de diferents indrets, refor\u00e7ant aix\u00ed la seua vinculaci\u00f3 amb la formaci\u00f3 i la cultura musical.<\/p>\n\n\n\n<p class=\"wp-block-paragraph\">Les persones interessades a participar poden obtindre m\u00e9s informaci\u00f3 i formalitzar la seua inscripci\u00f3 a trav\u00e9s de l&#8217;organitzaci\u00f3 del curs.<\/p>\n","protected":false},"excerpt":{"rendered":"<div class=\"mh-excerpt\">Alborache torna a convertir-se este estiu en punt de trobada per a directors d&#8217;orquestra i estudiants de direcci\u00f3 amb la celebraci\u00f3 del II Curs de Direcci\u00f3 &#8220;Jos\u00e9 Mar\u00eda Cervera Lloret&#8221; Vila d&#8217;Alborache, que tindr\u00e0 lloc <a class=\"mh-excerpt-more\" href=\"https:\/\/tucomarca.whitekongsoftware.com\/ca\/alborache-acull-la-segona-edicio-del-curs-de-direccio-jose-maria-cervera-lloret\/\" title=\"Alborache acull la segona edici\u00f3 del Curs de Direcci\u00f3 &#8216;Jos\u00e9 Mar\u00eda Cervera Lloret&#8217;\">[+] <\/a><\/div>\n","protected":false},"author":12,"featured_media":308819,"comment_status":"closed","ping_status":"open","sticky":false,"template":"","format":"standard","meta":{"footnotes":""},"categories":[11019,10973,11005,10894,10912,11007,10896],"tags":[11224,14108,24704,10914],"class_list":["post-308820","post","type-post","status-publish","format-standard","has-post-thumbnail","category-agenda-ca","category-alborache-ca","category-canal-musica","category-la-comarca-ca","category-la-hoya-ca","category-ocio-y-cultura-ca","category-seccion-ca","tag-alborache-ca","tag-don-jose-maria-cervera-lloret-ca","tag-ii-curso-de-direccion","tag-la-hoya-de-bunol-chiva-ca"],"_links":{"self":[{"href":"https:\/\/tucomarca.whitekongsoftware.com\/ca\/wp-json\/wp\/v2\/posts\/308820","targetHints":{"allow":["GET"]}}],"collection":[{"href":"https:\/\/tucomarca.whitekongsoftware.com\/ca\/wp-json\/wp\/v2\/posts"}],"about":[{"href":"https:\/\/tucomarca.whitekongsoftware.com\/ca\/wp-json\/wp\/v2\/types\/post"}],"author":[{"embeddable":true,"href":"https:\/\/tucomarca.whitekongsoftware.com\/ca\/wp-json\/wp\/v2\/users\/12"}],"replies":[{"embeddable":true,"href":"https:\/\/tucomarca.whitekongsoftware.com\/ca\/wp-json\/wp\/v2\/comments?post=308820"}],"version-history":[{"count":3,"href":"https:\/\/tucomarca.whitekongsoftware.com\/ca\/wp-json\/wp\/v2\/posts\/308820\/revisions"}],"predecessor-version":[{"id":308871,"href":"https:\/\/tucomarca.whitekongsoftware.com\/ca\/wp-json\/wp\/v2\/posts\/308820\/revisions\/308871"}],"wp:featuredmedia":[{"embeddable":true,"href":"https:\/\/tucomarca.whitekongsoftware.com\/ca\/wp-json\/wp\/v2\/media\/308819"}],"wp:attachment":[{"href":"https:\/\/tucomarca.whitekongsoftware.com\/ca\/wp-json\/wp\/v2\/media?parent=308820"}],"wp:term":[{"taxonomy":"category","embeddable":true,"href":"https:\/\/tucomarca.whitekongsoftware.com\/ca\/wp-json\/wp\/v2\/categories?post=308820"},{"taxonomy":"post_tag","embeddable":true,"href":"https:\/\/tucomarca.whitekongsoftware.com\/ca\/wp-json\/wp\/v2\/tags?post=308820"}],"curies":[{"name":"wp","href":"https:\/\/api.w.org\/{rel}","templated":true}]}}