{"id":308698,"date":"2026-07-23T09:35:00","date_gmt":"2026-07-23T07:35:00","guid":{"rendered":"https:\/\/www.tucomarca.com\/wordpress\/segunda\/?p=308698"},"modified":"2026-07-23T18:04:11","modified_gmt":"2026-07-23T16:04:11","slug":"el-sopar-del-castell-reunira-veins-i-visitants-el-24-de-juliol-en-el-recinte-fortificat-de-bunyol","status":"publish","type":"post","link":"https:\/\/tucomarca.whitekongsoftware.com\/ca\/el-sopar-del-castell-reunira-veins-i-visitants-el-24-de-juliol-en-el-recinte-fortificat-de-bunyol\/","title":{"rendered":"El sopar del Castell reunir\u00e0 ve\u00efns i visitants el 24 de juliol en el recinte fortificat de Bunyol"},"content":{"rendered":"\n<h3 class=\"wp-block-heading\">L&#8217;Associaci\u00f3 de Ve\u00efns i Amics del Barri Antic de Bunyol organitza una nova edici\u00f3 d&#8217;aquesta cita estival, que inclour\u00e0 sopar de sobaquillo, discom\u00f3vil i sortejos en la Pla\u00e7a d&#8217;Armes del Castell.<\/h3>\n\n\n\n<p class=\"wp-block-paragraph\">L&#8217;Associaci\u00f3 de Ve\u00efns i Amics del Barri Antic de Bunyol, Amics del Castell, celebrar\u00e0 el pr\u00f2xim 24 de juliol una nova edici\u00f3 del tradicional Sopar del Castell, una trobada estival representativa del calendari social del municipi.<\/p>\n\n\n\n<p class=\"wp-block-paragraph\">La trobada tindr\u00e0 lloc a partir de les #22:00 hores en la Pla\u00e7a d&#8217;Armes del Castell de Bunyol, on ve\u00efns i visitants compartiran un sopar de sobaquillo en un entorn patrimonial emblem\u00e0tic. La vetlada es completar\u00e0 amb una discom\u00f3vil i diversos sortejos, en una proposta que busca fomentar la conviv\u00e8ncia i dinamitzar el centre hist\u00f2ric durant l&#8217;estiu.<\/p>\n\n\n\n<p class=\"wp-block-paragraph\">L&#8217;organitzaci\u00f3 havia posat a la venda els tiquets al preu de sis euros a trav\u00e9s de diferents punts habilitats, encara que el cartell informa que l&#8217;aforament ja est\u00e0 complet, la qual cosa confirma el bon acolliment de la convocat\u00f2ria.<\/p>\n\n\n\n<p class=\"wp-block-paragraph\">L&#8217;associaci\u00f3 mant\u00e9 oberta la possibilitat d&#8217;adquirir les \u00faltimes entrades que pogueren quedar disponibles la mateixa nit de l&#8217;esdeveniment en la Pla\u00e7a d&#8217;Armes, fins a esgotar exist\u00e8ncies.<\/p>\n\n\n\n<p class=\"wp-block-paragraph\">Amb aquesta iniciativa, Amics del Castell torna a apostar per la recuperaci\u00f3 i posada en valor del Barri Antic de Bunyol mitjan\u00e7ant activitats culturals i de conviv\u00e8ncia que cada estiu reuneixen un nombr\u00f3s p\u00fablic a l&#8217;entorn del castell.<\/p>\n","protected":false},"excerpt":{"rendered":"<div class=\"mh-excerpt\">L&#8217;Associaci\u00f3 de Ve\u00efns i Amics del Barri Antic de Bunyol organitza una nova edici\u00f3 d&#8217;aquesta cita estival, que inclour\u00e0 sopar de sobaquillo, discom\u00f3vil i sortejos en la Pla\u00e7a d&#8217;Armes del Castell. L&#8217;Associaci\u00f3 de Ve\u00efns i <a class=\"mh-excerpt-more\" href=\"https:\/\/tucomarca.whitekongsoftware.com\/ca\/el-sopar-del-castell-reunira-veins-i-visitants-el-24-de-juliol-en-el-recinte-fortificat-de-bunyol\/\" title=\"El sopar del Castell reunir\u00e0 ve\u00efns i visitants el 24 de juliol en el recinte fortificat de Bunyol\">[+] <\/a><\/div>\n","protected":false},"author":12,"featured_media":308696,"comment_status":"closed","ping_status":"open","sticky":false,"template":"","format":"standard","meta":{"footnotes":""},"categories":[11019,10911,10894,10912,11007,10896],"tags":[10913,24696,10914],"class_list":["post-308698","post","type-post","status-publish","format-standard","has-post-thumbnail","category-agenda-ca","category-bunol-ca","category-la-comarca-ca","category-la-hoya-ca","category-ocio-y-cultura-ca","category-seccion-ca","tag-bunol-ca","tag-cena-del-castillo","tag-la-hoya-de-bunol-chiva-ca"],"_links":{"self":[{"href":"https:\/\/tucomarca.whitekongsoftware.com\/ca\/wp-json\/wp\/v2\/posts\/308698","targetHints":{"allow":["GET"]}}],"collection":[{"href":"https:\/\/tucomarca.whitekongsoftware.com\/ca\/wp-json\/wp\/v2\/posts"}],"about":[{"href":"https:\/\/tucomarca.whitekongsoftware.com\/ca\/wp-json\/wp\/v2\/types\/post"}],"author":[{"embeddable":true,"href":"https:\/\/tucomarca.whitekongsoftware.com\/ca\/wp-json\/wp\/v2\/users\/12"}],"replies":[{"embeddable":true,"href":"https:\/\/tucomarca.whitekongsoftware.com\/ca\/wp-json\/wp\/v2\/comments?post=308698"}],"version-history":[{"count":4,"href":"https:\/\/tucomarca.whitekongsoftware.com\/ca\/wp-json\/wp\/v2\/posts\/308698\/revisions"}],"predecessor-version":[{"id":308726,"href":"https:\/\/tucomarca.whitekongsoftware.com\/ca\/wp-json\/wp\/v2\/posts\/308698\/revisions\/308726"}],"wp:featuredmedia":[{"embeddable":true,"href":"https:\/\/tucomarca.whitekongsoftware.com\/ca\/wp-json\/wp\/v2\/media\/308696"}],"wp:attachment":[{"href":"https:\/\/tucomarca.whitekongsoftware.com\/ca\/wp-json\/wp\/v2\/media?parent=308698"}],"wp:term":[{"taxonomy":"category","embeddable":true,"href":"https:\/\/tucomarca.whitekongsoftware.com\/ca\/wp-json\/wp\/v2\/categories?post=308698"},{"taxonomy":"post_tag","embeddable":true,"href":"https:\/\/tucomarca.whitekongsoftware.com\/ca\/wp-json\/wp\/v2\/tags?post=308698"}],"curies":[{"name":"wp","href":"https:\/\/api.w.org\/{rel}","templated":true}]}}