{"id":308673,"date":"2026-07-23T10:00:00","date_gmt":"2026-07-23T08:00:00","guid":{"rendered":"https:\/\/www.tucomarca.com\/wordpress\/segunda\/?p=308673"},"modified":"2026-07-23T14:20:00","modified_gmt":"2026-07-23T12:20:00","slug":"esquerra-unida-de-bunyol-qualifica-com-la-pitjor-biennal-de-musica-en-36-anys-i-ho-atribueix-a-la-nefasta-gestio-cultural-de-lactual-govern","status":"publish","type":"post","link":"https:\/\/tucomarca.whitekongsoftware.com\/ca\/esquerra-unida-de-bunyol-qualifica-com-la-pitjor-biennal-de-musica-en-36-anys-i-ho-atribueix-a-la-nefasta-gestio-cultural-de-lactual-govern\/","title":{"rendered":"Esquerra Unida de Bunyol qualifica com &#8220;la pitjor Biennal de M\u00fasica en 36 anys&#8221; i ho atribueix a &#8220;la nefasta gesti\u00f3 cultural&#8221; de l&#8217;actual govern"},"content":{"rendered":"\n<p class=\"wp-block-paragraph\">Esquerra Unida de Bunyol ha denunciat p\u00fablicament &#8220;la situaci\u00f3 de l&#8217;actual Biennal de M\u00fasica&#8221;, qualificant-la com &#8220;la pitjor edici\u00f3 dels \u00faltims 36 anys&#8221; i atribuint aquesta situaci\u00f3 a la gesti\u00f3 cultural de l&#8217;equip de govern.<\/p>\n\n\n\n<p class=\"wp-block-paragraph\">Des de la formaci\u00f3 consideren &#8220;que una Biennal amb el prestigi i la traject\u00f2ria hist\u00f2rica de la de Bunyol exigeix una cura, una planificaci\u00f3 i una implicaci\u00f3 que la regidora delegada de cultura i l&#8217;actual govern municipal de dretes no estan demostrant, b\u00e9 per falta de capacitat o per falta de voluntat&#8221;.<\/p>\n\n\n\n<p class=\"wp-block-paragraph\">En aquest sentit, subratllen &#8220;que fins i tot en els moments m\u00e9s dif\u00edcils de la crisi econ\u00f2mica, Bunyol va saber mantindre una oferta cultural d&#8217;alt nivell, digna de la seua traject\u00f2ria i prestigi&#8221;. Per aix\u00f2, consideren &#8220;especialment greu que, en l&#8217;actualitat, s&#8217;haja aconseguit un nivell tan baix, fins al punt de convertir aquesta edici\u00f3 en una burla a la hist\u00f2ria cultural del nostre poble&#8221;.<\/p>\n\n\n\n<p class=\"wp-block-paragraph\">Esquerra Unida recorda que la Biennal ha sigut &#8220;tradicionalment un aparador de primer nivell, on grans artistes, m\u00fasics locals i nostres dues societats musicals projectaven l&#8217;orgull i l&#8217;excel\u00b7l\u00e8ncia cultural de Bunyol&#8221;. No obstant aix\u00f2, lamenten &#8220;que hui eixe paper s&#8217;ha dilu\u00eft fins al punt de convertir aquest esdeveniment en un reflex de la deterioraci\u00f3 cultural del municipi&#8221;.<\/p>\n\n\n\n<p class=\"wp-block-paragraph\">Aix\u00ed mateix, critiquen la falta de promoci\u00f3 i comunicaci\u00f3: &#8220;No hi ha hagut una campanya de difusi\u00f3 adequada, la web oficial porta sense actualitzar-se des de 2022 i el municipi manca de qualsevol ambientaci\u00f3 o decoraci\u00f3 vinculada a l&#8217;esdeveniment&#8221;. \u00c9s clar que ells mateixos eren sabedors del poc nivell d&#8217;aquesta biennal per\u00f2 entenem que els artistes i la nostra societats es mereixen un respecte&#8221;. Per a la formaci\u00f3, aquests fets evidencien &#8220;una deixadesa inacceptable en la gesti\u00f3 cultural&#8221;<\/p>\n\n\n\n<p class=\"wp-block-paragraph\">L&#8217;organitzaci\u00f3 tamb\u00e9 ha volgut dirigir-se als participants: &#8220;Volem agrair l&#8217;esfor\u00e7 dels artistes i demanar disculpes per unes condicions que, en molts casos, han provocat una assist\u00e8ncia de p\u00fablic pr\u00e0cticament inexistent&#8221;. Igualment, han reconegut el treball de les societats musicals, &#8220;que continuen sent el verdader motor cultural de Bunyol malgrat la falta de suport institucional&#8221;.<\/p>\n\n\n\n<p class=\"wp-block-paragraph\">Finalment, Esquerra Unida ha assenyalat &#8220;que aquest nou frac\u00e0s en la gesti\u00f3 no pot repetir-se&#8221; i adverteix que Bunyol &#8220;est\u00e0 perdent aquells elements que ho feien diferencial, especialment en l&#8217;\u00e0mbit cultural&#8221;. En la seua opini\u00f3, &#8220;la pol\u00edtica cultural de la dreta est\u00e0 portant al municipi a una perillosa normalitzaci\u00f3 a la baixa, allunyant-lo del referent que sempre ha sigut&#8221;.<\/p>\n","protected":false},"excerpt":{"rendered":"<div class=\"mh-excerpt\">Esquerra Unida de Bunyol ha denunciat p\u00fablicament &#8220;la situaci\u00f3 de l&#8217;actual Biennal de M\u00fasica&#8221;, qualificant-la com &#8220;la pitjor edici\u00f3 dels \u00faltims 36 anys&#8221; i atribuint aquesta situaci\u00f3 a la gesti\u00f3 cultural de l&#8217;equip de govern. <a class=\"mh-excerpt-more\" href=\"https:\/\/tucomarca.whitekongsoftware.com\/ca\/esquerra-unida-de-bunyol-qualifica-com-la-pitjor-biennal-de-musica-en-36-anys-i-ho-atribueix-a-la-nefasta-gestio-cultural-de-lactual-govern\/\" title=\"Esquerra Unida de Bunyol qualifica com &#8220;la pitjor Biennal de M\u00fasica en 36 anys&#8221; i ho atribueix a &#8220;la nefasta gesti\u00f3 cultural&#8221; de l&#8217;actual govern\">[+] <\/a><\/div>\n","protected":false},"author":12,"featured_media":264724,"comment_status":"closed","ping_status":"open","sticky":false,"template":"","format":"standard","meta":{"footnotes":""},"categories":[10911,10948,10894,10912,10947,10896],"tags":[10913,24692,10914],"class_list":["post-308673","post","type-post","status-publish","format-standard","has-post-thumbnail","category-bunol-ca","category-infraestructuras-ca","category-la-comarca-ca","category-la-hoya-ca","category-politica","category-seccion-ca","tag-bunol-ca","tag-eu-de-bunol","tag-la-hoya-de-bunol-chiva-ca"],"_links":{"self":[{"href":"https:\/\/tucomarca.whitekongsoftware.com\/ca\/wp-json\/wp\/v2\/posts\/308673","targetHints":{"allow":["GET"]}}],"collection":[{"href":"https:\/\/tucomarca.whitekongsoftware.com\/ca\/wp-json\/wp\/v2\/posts"}],"about":[{"href":"https:\/\/tucomarca.whitekongsoftware.com\/ca\/wp-json\/wp\/v2\/types\/post"}],"author":[{"embeddable":true,"href":"https:\/\/tucomarca.whitekongsoftware.com\/ca\/wp-json\/wp\/v2\/users\/12"}],"replies":[{"embeddable":true,"href":"https:\/\/tucomarca.whitekongsoftware.com\/ca\/wp-json\/wp\/v2\/comments?post=308673"}],"version-history":[{"count":3,"href":"https:\/\/tucomarca.whitekongsoftware.com\/ca\/wp-json\/wp\/v2\/posts\/308673\/revisions"}],"predecessor-version":[{"id":308715,"href":"https:\/\/tucomarca.whitekongsoftware.com\/ca\/wp-json\/wp\/v2\/posts\/308673\/revisions\/308715"}],"wp:featuredmedia":[{"embeddable":true,"href":"https:\/\/tucomarca.whitekongsoftware.com\/ca\/wp-json\/wp\/v2\/media\/264724"}],"wp:attachment":[{"href":"https:\/\/tucomarca.whitekongsoftware.com\/ca\/wp-json\/wp\/v2\/media?parent=308673"}],"wp:term":[{"taxonomy":"category","embeddable":true,"href":"https:\/\/tucomarca.whitekongsoftware.com\/ca\/wp-json\/wp\/v2\/categories?post=308673"},{"taxonomy":"post_tag","embeddable":true,"href":"https:\/\/tucomarca.whitekongsoftware.com\/ca\/wp-json\/wp\/v2\/tags?post=308673"}],"curies":[{"name":"wp","href":"https:\/\/api.w.org\/{rel}","templated":true}]}}