{"id":308658,"date":"2026-07-23T09:00:00","date_gmt":"2026-07-23T07:00:00","guid":{"rendered":"https:\/\/www.tucomarca.com\/wordpress\/segunda\/?p=308658"},"modified":"2026-07-23T14:22:18","modified_gmt":"2026-07-23T12:22:18","slug":"lartistica-clausurara-la-xviii-biennal-de-musica-de-bunyol-amb-el-seu-tradicional-concert-a-lauditori-de-sant-lluis","status":"publish","type":"post","link":"https:\/\/tucomarca.whitekongsoftware.com\/ca\/lartistica-clausurara-la-xviii-biennal-de-musica-de-bunyol-amb-el-seu-tradicional-concert-a-lauditori-de-sant-lluis\/","title":{"rendered":"&#8220;L&#8217;Art\u00edstica&#8221; clausurar\u00e0 la XVIII Biennal de M\u00fasica de Bunyol amb el seu tradicional concert a l&#8217;Auditori de Sant Llu\u00eds"},"content":{"rendered":"\n<h3 class=\"wp-block-heading\">La Banda Simf\u00f2nica, dirigida per Josep Gil Gil, actuar\u00e0 el dissabte 25 de juliol, a les 22:30 hores, a l&#8217;Auditori Municipal de Sant Llu\u00eds per a tancar una nova edici\u00f3 de la Biennal de M\u00fasica de Bunyol.<\/h3>\n\n\n\n<p class=\"wp-block-paragraph\">La Societat Musical L&#8217;Art\u00edstica de Bunyol posar\u00e0 el fermall d&#8217;or a la XVIII Biennal de M\u00fasica de Bunyol amb el tradicional concert de clausura, una de les cites m\u00e9s esperades del calendari cultural de la localitat.<\/p>\n\n\n\n<p class=\"wp-block-paragraph\">La Banda Simf\u00f2nica de L&#8217;Art\u00edstica, sota la direcci\u00f3 del seu titular Josep Gil Gil, oferir\u00e0 aquest concert dissabte que ve 25 de juliol, a les 22:30 hores, a l&#8217;Auditori Municipal de Sant Llu\u00eds, escenari habitual de les grans nits musicals de l&#8217;estiu bu\u00f1olense.<\/p>\n\n\n\n<p class=\"wp-block-paragraph\">L&#8217;actuaci\u00f3 servir\u00e0 per a tancar una nova edici\u00f3 de la Biennal de M\u00fasica, consolidada com un dels esdeveniments culturals m\u00e9s destacats de Bunyol i un punt de trobada per als amants de la m\u00fasica de banda. La formaci\u00f3 tornar\u00e0 a mostrar l&#8217;alt nivell art\u00edstic que l&#8217;ha convertida en una de les societats musicals de refer\u00e8ncia dins i fora de la Comunitat Valenciana.<\/p>\n\n\n\n<p class=\"wp-block-paragraph\">El concert promet una vetlada plena d&#8217;emoci\u00f3 i qualitat interpretativa, posant el colof\u00f3 a diverses setmanes dedicades a la m\u00fasica i reafirmant el comprom\u00eds de L&#8217;Art\u00edstica amb la difusi\u00f3 de la cultura musical.<\/p>\n\n\n\n<p class=\"wp-block-paragraph\">El concert de clausura comen\u00e7ar\u00e0 a les 22:30 hores del dissabte 25 de juliol a l&#8217;Auditori Municipal de Sant Llu\u00eds i estar\u00e0 obert al p\u00fablic.<\/p>\n","protected":false},"excerpt":{"rendered":"<div class=\"mh-excerpt\">La Banda Simf\u00f2nica, dirigida per Josep Gil Gil, actuar\u00e0 el dissabte 25 de juliol, a les 22:30 hores, a l&#8217;Auditori Municipal de Sant Llu\u00eds per a tancar una nova edici\u00f3 de la Biennal de M\u00fasica <a class=\"mh-excerpt-more\" href=\"https:\/\/tucomarca.whitekongsoftware.com\/ca\/lartistica-clausurara-la-xviii-biennal-de-musica-de-bunyol-amb-el-seu-tradicional-concert-a-lauditori-de-sant-lluis\/\" title=\"&#8220;L&#8217;Art\u00edstica&#8221; clausurar\u00e0 la XVIII Biennal de M\u00fasica de Bunyol amb el seu tradicional concert a l&#8217;Auditori de Sant Llu\u00eds\">[+] <\/a><\/div>\n","protected":false},"author":12,"featured_media":308657,"comment_status":"closed","ping_status":"open","sticky":false,"template":"","format":"standard","meta":{"footnotes":""},"categories":[11019,10911,11005,10894,10912,11007,10896],"tags":[10913,10914,11154,24572],"class_list":["post-308658","post","type-post","status-publish","format-standard","has-post-thumbnail","category-agenda-ca","category-bunol-ca","category-canal-musica","category-la-comarca-ca","category-la-hoya-ca","category-ocio-y-cultura-ca","category-seccion-ca","tag-bunol-ca","tag-la-hoya-de-bunol-chiva-ca","tag-sm-la-artistica-de-bunol-ca","tag-xviii-bienal-de-musica-de-bunol"],"_links":{"self":[{"href":"https:\/\/tucomarca.whitekongsoftware.com\/ca\/wp-json\/wp\/v2\/posts\/308658","targetHints":{"allow":["GET"]}}],"collection":[{"href":"https:\/\/tucomarca.whitekongsoftware.com\/ca\/wp-json\/wp\/v2\/posts"}],"about":[{"href":"https:\/\/tucomarca.whitekongsoftware.com\/ca\/wp-json\/wp\/v2\/types\/post"}],"author":[{"embeddable":true,"href":"https:\/\/tucomarca.whitekongsoftware.com\/ca\/wp-json\/wp\/v2\/users\/12"}],"replies":[{"embeddable":true,"href":"https:\/\/tucomarca.whitekongsoftware.com\/ca\/wp-json\/wp\/v2\/comments?post=308658"}],"version-history":[{"count":5,"href":"https:\/\/tucomarca.whitekongsoftware.com\/ca\/wp-json\/wp\/v2\/posts\/308658\/revisions"}],"predecessor-version":[{"id":308718,"href":"https:\/\/tucomarca.whitekongsoftware.com\/ca\/wp-json\/wp\/v2\/posts\/308658\/revisions\/308718"}],"wp:featuredmedia":[{"embeddable":true,"href":"https:\/\/tucomarca.whitekongsoftware.com\/ca\/wp-json\/wp\/v2\/media\/308657"}],"wp:attachment":[{"href":"https:\/\/tucomarca.whitekongsoftware.com\/ca\/wp-json\/wp\/v2\/media?parent=308658"}],"wp:term":[{"taxonomy":"category","embeddable":true,"href":"https:\/\/tucomarca.whitekongsoftware.com\/ca\/wp-json\/wp\/v2\/categories?post=308658"},{"taxonomy":"post_tag","embeddable":true,"href":"https:\/\/tucomarca.whitekongsoftware.com\/ca\/wp-json\/wp\/v2\/tags?post=308658"}],"curies":[{"name":"wp","href":"https:\/\/api.w.org\/{rel}","templated":true}]}}