{"id":308602,"date":"2026-07-22T10:25:00","date_gmt":"2026-07-22T08:25:00","guid":{"rendered":"https:\/\/www.tucomarca.com\/wordpress\/segunda\/?p=308602"},"modified":"2026-07-22T21:42:28","modified_gmt":"2026-07-22T19:42:28","slug":"el-consorci-de-bombers-aprova-215-milions-per-a-adquirir-nous-vehicles-i-reforcar-mitjans-operatius","status":"publish","type":"post","link":"https:\/\/tucomarca.whitekongsoftware.com\/ca\/el-consorci-de-bombers-aprova-215-milions-per-a-adquirir-nous-vehicles-i-reforcar-mitjans-operatius\/","title":{"rendered":"El Consorci de Bombers aprova 2,15 milions per a adquirir nous vehicles i refor\u00e7ar mitjans operatius"},"content":{"rendered":"\n<h3 class=\"wp-block-heading\">La inversi\u00f3 permetr\u00e0 completar l&#8217;adquisici\u00f3 de set furgons de salvament i incorporar un cami\u00f3 amb grua per a la UREC, un Lloc de Comandament Avan\u00e7at transportable i dos vehicles lleugers de coordinaci\u00f3.<\/h3>\n\n\n\n<h3 class=\"wp-block-heading\">El suplement de cr\u00e8dit, aprovat en Assemblea General, garantix la continu\u00eftat de les comunicacions, el suport tecnol\u00f2gic i diferents actuacions de manteniment en infraestructures.<\/h3>\n\n\n\n<p class=\"wp-block-paragraph\">L&#8217;Assemblea General del Consorci Provincial de Bombers de Val\u00e8ncia ha aprovat este dimecres una modificaci\u00f3 pressupost\u00e0ria per import de 2.154.084,82 euros, destinada principalment a adquirir nous vehicles, aix\u00ed com refor\u00e7ar els recursos log\u00edstics i tecnol\u00f2gics de l&#8217;entitat. El suplement de cr\u00e8dit es finan\u00e7ar\u00e0 amb romanent l\u00edquid de tresoreria per a gastos generals i permetr\u00e0 atendre diferents necessitats considerades urgents i inajornables durant el present exercici.<\/p>\n\n\n\n<p class=\"wp-block-paragraph\">El president del Consorci, Avelino Mascarell, ha explicat que l&#8217;aprovaci\u00f3 d&#8217;este expedient \u201cens permet continuar refor\u00e7ant la capacitat de resposta del Consorci amb inversions molt concretes, pensades per a millorar l&#8217;operativitat, la coordinaci\u00f3 i la seguretat en les intervencions\u201d.<\/p>\n\n\n\n<p class=\"wp-block-paragraph\">\u201cEstem destinant els recursos disponibles a necessitats reals del servici. No parlem de gastos accessoris, sin\u00f3 de vehicles, ferramentes de coordinaci\u00f3, comunicacions i infraestructures que resulten essencials per a afrontar emerg\u00e8ncies cada vegada m\u00e9s complexes\u201d, ha destacat Mascarell.<\/p>\n\n\n\n<p class=\"wp-block-paragraph\"><strong>Nous vehicles i recursos log\u00edstics<\/strong><\/p>\n\n\n\n<p class=\"wp-block-paragraph\">El bloc principal de la modificaci\u00f3 pressupost\u00e0ria ascendix a 1.840.000 euros i es destinar\u00e0 a l&#8217;adquisici\u00f3 de nous vehicles i recursos log\u00edstics.<\/p>\n\n\n\n<p class=\"wp-block-paragraph\">En concret, el Consorci reserva 700.000 euros per a completar l&#8217;adquisici\u00f3 de set Furgons de Salvaments Varis \u2014FSV\u2014, vehicles de suport concebuts per a intervencions d&#8217;especial complexitat o per a aquelles actuacions que requerixen material espec\u00edfic no disponible habitualment en els vehicles de primera eixida.<\/p>\n\n\n\n<p class=\"wp-block-paragraph\">Altres 600.000 euros permetran adquirir un cami\u00f3 multilift equipat amb una grua multidisciplin\u00e0ria per a la Unitat de Rescat en Emerg\u00e8ncies i Cat\u00e0strofes \u2014UREC\u2014. Este vehicle estar\u00e0 destinat a intervencions davant esfondraments, moviments de terres, grans emerg\u00e8ncies i altres escenaris que requerisquen el transport i maneig de material pesat o especialitzat.<\/p>\n\n\n\n<p class=\"wp-block-paragraph\">La modificaci\u00f3 inclou igualment 300.000 euros per a un contenidor transportable de Lloc de Comandament Avan\u00e7at \u2014PMA\u2014, que permetr\u00e0 desplegar sobre el terreny un centre operatiu des del qual coordinar els recursos mobilitzats en emerg\u00e8ncies de gran magnitud.<\/p>\n\n\n\n<p class=\"wp-block-paragraph\">Aix\u00ed mateix, es destinen 240.000 euros a la compra de dos furgons lleugers de Lloc Avan\u00e7at, amb un cost estimat de 120.000 euros per unitat, que facilitaran una resposta r\u00e0pida i la coordinaci\u00f3 inicial de les intervencions m\u00e9s rellevants.<\/p>\n\n\n\n<p class=\"wp-block-paragraph\">Mascarell ha assenyalat que estos recursos \u201cpermetran adaptar la resposta del Consorci a les caracter\u00edstiques de cada emerg\u00e8ncia, mobilitzant des dels primers moments els mitjans de comandament, coordinaci\u00f3 i suport t\u00e8cnic que resulten necessaris\u201d.<\/p>\n\n\n\n<p class=\"wp-block-paragraph\"><strong>Comunicacions, tecnologia i infraestructures<\/strong><\/p>\n\n\n\n<p class=\"wp-block-paragraph\">El suplement de cr\u00e8dit contempla tamb\u00e9 85.910 euros per a la reparaci\u00f3 i el manteniment d&#8217;edificis. Esta quantitat permetr\u00e0 atendre la certificaci\u00f3 final i la liquidaci\u00f3 d&#8217;excessos de les obres dels circuits de descontaminaci\u00f3, aix\u00ed com altres actuacions relacionades amb la substituci\u00f3 de fusteria exterior al parc de bombers de Paterna.<\/p>\n\n\n\n<p class=\"wp-block-paragraph\">En mat\u00e8ria de comunicacions, es consignen 111.023,07 euros per a servicis de telecomunicacions i 17.151,75 euros per a comunicacions inform\u00e0tiques. L&#8217;objectiu \u00e9s garantir durant tot 2026 la continu\u00eftat de contractes essencials, com la telefonia principal i de suport i les comunicacions dels diferents parcs del Consorci.<\/p>\n\n\n\n<p class=\"wp-block-paragraph\">Finalment, s&#8217;incorporen 100.000 euros per a refor\u00e7ar el suport extern del Servici de Tecnologies de la Informaci\u00f3 i les Comunicacions \u2014SERTIC\u2014, amb la finalitat d&#8217;assegurar la disponibilitat i continu\u00eftat de les infraestructures tecnol\u00f2giques de l&#8217;entitat davant la reducci\u00f3 temporal de recursos humans provocada per jubilacions i baixes prolongades.<\/p>\n\n\n\n<p class=\"wp-block-paragraph\">\u201cTan important com incorporar nous vehicles \u00e9s garantir que tots els sistemes que sostenen la resposta operativa funcionen sense interrupcions. Amb esta modificaci\u00f3 protegim el present del servici i, al mateix temps, continuem preparant al Consorci per a respondre amb majors garanties davant qualsevol emerg\u00e8ncia\u201d, ha concl\u00f2s Avelino Mascarell.<\/p>\n","protected":false},"excerpt":{"rendered":"<div class=\"mh-excerpt\">La inversi\u00f3 permetr\u00e0 completar l&#8217;adquisici\u00f3 de set furgons de salvament i incorporar un cami\u00f3 amb grua per a la UREC, un Lloc de Comandament Avan\u00e7at transportable i dos vehicles lleugers de coordinaci\u00f3. El suplement de <a class=\"mh-excerpt-more\" href=\"https:\/\/tucomarca.whitekongsoftware.com\/ca\/el-consorci-de-bombers-aprova-215-milions-per-a-adquirir-nous-vehicles-i-reforcar-mitjans-operatius\/\" title=\"El Consorci de Bombers aprova 2,15 milions per a adquirir nous vehicles i refor\u00e7ar mitjans operatius\">[+] <\/a><\/div>\n","protected":false},"author":12,"featured_media":308601,"comment_status":"closed","ping_status":"open","sticky":false,"template":"","format":"standard","meta":{"footnotes":""},"categories":[10898,10948,10894,10904,10903,10947,10896,10897],"tags":[12834,11246],"class_list":["post-308602","post","type-post","status-publish","format-standard","has-post-thumbnail","category-ventana-ca","category-infraestructuras-ca","category-la-comarca-ca","category-sin-categorizar-ca","category-medio-ambiente-la-comarca-ca","category-politica","category-seccion-ca","category-sucesos-la-comarca-ca","tag-consorcio-provincial-de-bomberos-de-valencia-ca","tag-diputacio-de-valencia-ca"],"_links":{"self":[{"href":"https:\/\/tucomarca.whitekongsoftware.com\/ca\/wp-json\/wp\/v2\/posts\/308602","targetHints":{"allow":["GET"]}}],"collection":[{"href":"https:\/\/tucomarca.whitekongsoftware.com\/ca\/wp-json\/wp\/v2\/posts"}],"about":[{"href":"https:\/\/tucomarca.whitekongsoftware.com\/ca\/wp-json\/wp\/v2\/types\/post"}],"author":[{"embeddable":true,"href":"https:\/\/tucomarca.whitekongsoftware.com\/ca\/wp-json\/wp\/v2\/users\/12"}],"replies":[{"embeddable":true,"href":"https:\/\/tucomarca.whitekongsoftware.com\/ca\/wp-json\/wp\/v2\/comments?post=308602"}],"version-history":[{"count":2,"href":"https:\/\/tucomarca.whitekongsoftware.com\/ca\/wp-json\/wp\/v2\/posts\/308602\/revisions"}],"predecessor-version":[{"id":308648,"href":"https:\/\/tucomarca.whitekongsoftware.com\/ca\/wp-json\/wp\/v2\/posts\/308602\/revisions\/308648"}],"wp:featuredmedia":[{"embeddable":true,"href":"https:\/\/tucomarca.whitekongsoftware.com\/ca\/wp-json\/wp\/v2\/media\/308601"}],"wp:attachment":[{"href":"https:\/\/tucomarca.whitekongsoftware.com\/ca\/wp-json\/wp\/v2\/media?parent=308602"}],"wp:term":[{"taxonomy":"category","embeddable":true,"href":"https:\/\/tucomarca.whitekongsoftware.com\/ca\/wp-json\/wp\/v2\/categories?post=308602"},{"taxonomy":"post_tag","embeddable":true,"href":"https:\/\/tucomarca.whitekongsoftware.com\/ca\/wp-json\/wp\/v2\/tags?post=308602"}],"curies":[{"name":"wp","href":"https:\/\/api.w.org\/{rel}","templated":true}]}}