{"id":308594,"date":"2026-07-22T08:30:00","date_gmt":"2026-07-22T06:30:00","guid":{"rendered":"https:\/\/www.tucomarca.com\/wordpress\/segunda\/?p=308594"},"modified":"2026-07-22T21:32:53","modified_gmt":"2026-07-22T19:32:53","slug":"sagunt-a-escena-acull-les-propostes-musicals-de-coque-malla-sandra-monfort-i-estrella-morente","status":"publish","type":"post","link":"https:\/\/tucomarca.whitekongsoftware.com\/ca\/sagunt-a-escena-acull-les-propostes-musicals-de-coque-malla-sandra-monfort-i-estrella-morente\/","title":{"rendered":"Sagunt a Escena acull les propostes musicals de Coque Malla, Sandra Monfort i Estrella Morente"},"content":{"rendered":"\n<h3 class=\"wp-block-heading\"><strong>La programaci\u00f3 del festival inclou la pe\u00e7a participativa\u00a0<em>Bailarina a la carta<\/em>, de la companyia valenciana La Siamesa<\/strong>.<\/h3>\n\n\n\n<p class=\"wp-block-paragraph\">La m\u00fasica assumir\u00e0 un paper protagonista i vertebrador en la programaci\u00f3 de la 43a edici\u00f3 de Sagunt a Escena, festival organitzat per la Conselleria d\u2019Educaci\u00f3, Cultura i Universitats a trav\u00e9s de l\u2019Institut Valenci\u00e0 de Cultura (IVC), en col\u00b7laboraci\u00f3 amb la Diputaci\u00f3 de Val\u00e8ncia i l\u2019Ajuntament de Sagunt.<\/p>\n\n\n\n<p class=\"wp-block-paragraph\">El certamen reunir\u00e0 sobre l\u2019escenari del Teatre Rom\u00e0 artistes com Coque Malla, Sandra Monfort i Estrella Morente, a m\u00e9s d\u2019incloure propostes musicals en els espais urbans de l\u2019\u2018Off Rom\u00e0\u2019.<\/p>\n\n\n\n<p class=\"wp-block-paragraph\">La directora de Sagunt a Escena, Mar\u00eda Jos\u00e9 Mora, ha explicat que la m\u00fasica \u201ctravessa bona part de la programaci\u00f3, amb una oferta heterog\u00e8nia que connecta les arrels valencianes i el flamenc amb la cr\u00edtica social del teatre musical europeu i la frescor de les arts vives\u201d.<\/p>\n\n\n\n<p class=\"wp-block-paragraph\"><strong>Teatre musical<\/strong><\/p>\n\n\n\n<p class=\"wp-block-paragraph\">El 8 d\u2019agost, el Teatre Rom\u00e0 acollir\u00e0 la representaci\u00f3 de&nbsp;<em>La \u00f3pera de los tres centavos<\/em>, la c\u00e8lebre obra de Bertolt Brecht que protagonitzar\u00e0 l\u2019antic l\u00edder dels Ronaldos, Coque Malla.&nbsp;<\/p>\n\n\n\n<p class=\"wp-block-paragraph\">El muntatge, que compta amb la direcci\u00f3 musical de Miguel Malla i la direcci\u00f3 esc\u00e8nica de Mario Vega, oferix una nova versi\u00f3 en castell\u00e0 de la pe\u00e7a estrenada a Berl\u00edn en 1928. La producci\u00f3 trasllada l\u2019acci\u00f3 al Londres d\u2019entreguerres per a abordar q\u00fcestions com la corrupci\u00f3, la desigualtat social i els abusos de poder.<\/p>\n\n\n\n<p class=\"wp-block-paragraph\"><strong>Aproximacions contempor\u00e0nies al folklore valenci\u00e0 i al flamenc&nbsp;<\/strong><\/p>\n\n\n\n<p class=\"wp-block-paragraph\">L\u2019artista valenciana Sandra Monfort actuar\u00e0 el 15 d\u2019agost en el Teatre Rom\u00e0 amb&nbsp;<em>Terra de guapes<\/em>, una proposta esc\u00e8nica que combina m\u00fasica,&nbsp;<em>performance&nbsp;<\/em>i dansa en directe.<\/p>\n\n\n\n<p class=\"wp-block-paragraph\">L\u2019espectacle planteja una aproximaci\u00f3 lliure i actual al folklore valenci\u00e0 i tra\u00e7a un recorregut simb\u00f2lic per can\u00e7ons com malaguenyes, cants de batre, la dansa de la Moma, la Muixeranga d\u2019Algemes\u00ed, el ball del Vetlatori i el Misteri d\u2019Elx.<\/p>\n\n\n\n<p class=\"wp-block-paragraph\">A m\u00e9s, l\u2019oferta musical del festival comptar\u00e0 amb la pres\u00e8ncia d\u2019Estrella Morente, que oferir\u00e0 un concert en el Teatre Rom\u00e0 el 22 d\u2019agost.<\/p>\n\n\n\n<p class=\"wp-block-paragraph\">La&nbsp;<em>cantaora&nbsp;<\/em>granadina presentar\u00e0 una proposta vinculada al flamenc, g\u00e8nere en el qual s\u2019ha consolidat com una de les veus m\u00e9s reconegudes, amb col\u00b7laboracions amb artistes internacionals de la talla de Bj\u00f6rk o el tema principal de la pel\u00b7l\u00edcula&nbsp;<em>Volver<\/em>, de Pedro Almod\u00f3var.<\/p>\n\n\n\n<p class=\"wp-block-paragraph\"><strong>Improvisaci\u00f3 ballada en l\u2019\u2018Off Rom\u00e0\u2019<\/strong><\/p>\n\n\n\n<p class=\"wp-block-paragraph\">La programaci\u00f3 de l\u2019\u2018Off Rom\u00e0\u2019, que integra espectacles gratu\u00efts en carrers, places i espais p\u00fablics de la localitat, tamb\u00e9 incorpora propostes vinculades a la m\u00fasica i la dansa.<\/p>\n\n\n\n<p class=\"wp-block-paragraph\">Entre estes figura&nbsp;<em>Bailarina a la carta<\/em>, de la companyia La Siamesa, que celebra vint anys de traject\u00f2ria. La pe\u00e7a es podr\u00e0 vore el 6 d\u2019agost en la pla\u00e7a de Moss\u00e9n Vicent Gil Tamarit.<\/p>\n\n\n\n<p class=\"wp-block-paragraph\">La proposta, creada per l\u2019artista saguntina \u00c1ngela Verdugo, convida el p\u00fablic a seleccionar les can\u00e7ons que formaran part d\u2019una llista de reproducci\u00f3 sobre la qual es constru\u00efx una improvisaci\u00f3 coreogr\u00e0fica en directe.Entre ellas figura \u2018Bailarina a la carta\u2019, de la compa\u00f1\u00eda La Siamesa, que celebra veinte a\u00f1os de trayectoria. La pieza podr\u00e1 verse el 6 de agosto en la plaza de Moss\u00e9n Vicent Gil Tamarit.<\/p>\n\n\n\n<p class=\"wp-block-paragraph\">La propuesta, creada por la artista saguntina \u00c1ngela Verdugo, invita al p\u00fablico a seleccionar las canciones que formar\u00e1n parte de una lista de reproducci\u00f3n sobre la que se construye una improvisaci\u00f3n coreogr\u00e1fica en directo.&nbsp;<\/p>\n","protected":false},"excerpt":{"rendered":"<div class=\"mh-excerpt\">La programaci\u00f3 del festival inclou la pe\u00e7a participativa\u00a0Bailarina a la carta, de la companyia valenciana La Siamesa. La m\u00fasica assumir\u00e0 un paper protagonista i vertebrador en la programaci\u00f3 de la 43a edici\u00f3 de Sagunt a <a class=\"mh-excerpt-more\" href=\"https:\/\/tucomarca.whitekongsoftware.com\/ca\/sagunt-a-escena-acull-les-propostes-musicals-de-coque-malla-sandra-monfort-i-estrella-morente\/\" title=\"Sagunt a Escena acull les propostes musicals de Coque Malla, Sandra Monfort i Estrella Morente\">[+] <\/a><\/div>\n","protected":false},"author":13,"featured_media":308592,"comment_status":"closed","ping_status":"open","sticky":false,"template":"","format":"standard","meta":{"footnotes":""},"categories":[11019,11005,10898,10894,10904,11007,10896],"tags":[11199,15856,21067],"class_list":["post-308594","post","type-post","status-publish","format-standard","has-post-thumbnail","category-agenda-ca","category-canal-musica","category-ventana-ca","category-la-comarca-ca","category-sin-categorizar-ca","category-ocio-y-cultura-ca","category-seccion-ca","tag-la-comunitat-ca","tag-ocio-y-cultura-ca","tag-sagunt-a-escena-ca"],"_links":{"self":[{"href":"https:\/\/tucomarca.whitekongsoftware.com\/ca\/wp-json\/wp\/v2\/posts\/308594","targetHints":{"allow":["GET"]}}],"collection":[{"href":"https:\/\/tucomarca.whitekongsoftware.com\/ca\/wp-json\/wp\/v2\/posts"}],"about":[{"href":"https:\/\/tucomarca.whitekongsoftware.com\/ca\/wp-json\/wp\/v2\/types\/post"}],"author":[{"embeddable":true,"href":"https:\/\/tucomarca.whitekongsoftware.com\/ca\/wp-json\/wp\/v2\/users\/13"}],"replies":[{"embeddable":true,"href":"https:\/\/tucomarca.whitekongsoftware.com\/ca\/wp-json\/wp\/v2\/comments?post=308594"}],"version-history":[{"count":1,"href":"https:\/\/tucomarca.whitekongsoftware.com\/ca\/wp-json\/wp\/v2\/posts\/308594\/revisions"}],"predecessor-version":[{"id":308595,"href":"https:\/\/tucomarca.whitekongsoftware.com\/ca\/wp-json\/wp\/v2\/posts\/308594\/revisions\/308595"}],"wp:featuredmedia":[{"embeddable":true,"href":"https:\/\/tucomarca.whitekongsoftware.com\/ca\/wp-json\/wp\/v2\/media\/308592"}],"wp:attachment":[{"href":"https:\/\/tucomarca.whitekongsoftware.com\/ca\/wp-json\/wp\/v2\/media?parent=308594"}],"wp:term":[{"taxonomy":"category","embeddable":true,"href":"https:\/\/tucomarca.whitekongsoftware.com\/ca\/wp-json\/wp\/v2\/categories?post=308594"},{"taxonomy":"post_tag","embeddable":true,"href":"https:\/\/tucomarca.whitekongsoftware.com\/ca\/wp-json\/wp\/v2\/tags?post=308594"}],"curies":[{"name":"wp","href":"https:\/\/api.w.org\/{rel}","templated":true}]}}