{"id":308589,"date":"2026-07-22T09:50:00","date_gmt":"2026-07-22T07:50:00","guid":{"rendered":"https:\/\/www.tucomarca.com\/wordpress\/segunda\/?p=308589"},"modified":"2026-07-22T21:37:10","modified_gmt":"2026-07-22T19:37:10","slug":"el-primer-cap-de-setmana-del-julio-chestano-2026-se-salda-amb-una-participacio-de-record","status":"publish","type":"post","link":"https:\/\/tucomarca.whitekongsoftware.com\/ca\/el-primer-cap-de-setmana-del-julio-chestano-2026-se-salda-amb-una-participacio-de-record\/","title":{"rendered":"El primer cap de setmana del Julio Chestano 2026 se salda amb una participaci\u00f3 de r\u00e8cord"},"content":{"rendered":"\n<h3 class=\"wp-block-heading\">Aquesta setmana tornen el cinema d&#8217;estiu i els festejos taurins com a principals arguments festius.<\/h3>\n\n\n\n<p class=\"wp-block-paragraph\">M\u00e9s de 1.300 persones inscrites van fer del primer cap de setmana del Juliol Chestano un esdeveniment festiu dels quals fan hist\u00f2ria. &#8220;Els sopars de la pla\u00e7a mai havien tingut una resposta tan massiva per part de la ciutadania chestana&#8221;, apunta l&#8217;alcalde de Xest, Jos\u00e9 Morell, que destaca &#8220;el car\u00e0cter popular d&#8217;aquesta edici\u00f3 del Juliol Chestano, una oportunitat perqu\u00e8 els ve\u00efns i ve\u00efnes es retroben a trav\u00e9s d&#8217;una celebraci\u00f3 compartida de marcat car\u00e0cter familiar\u201d.<\/p>\n\n\n\n<p class=\"wp-block-paragraph\">El regidor de Festes, \u00d3scar Gald\u00f3n, fa una valoraci\u00f3 &#8220;molt positiva&#8221; d&#8217;aquest primer cap de setmana de festes: &#8220;tots els actes que hem programat han comptat amb una gran aflu\u00e8ncia de p\u00fablic, la qual cosa demostra una vegada m\u00e9s les ganes que tenen els nostres ve\u00efns i ve\u00efnes de gaudir de les nostres festes&#8221;. El regidor destaca especialment els sopars de la Pla\u00e7a de la 2a Rep\u00fablica, amb aforament complet i &#8220;al voltant de 1.300 persones inscrites&#8221;, aix\u00ed com els espectacles del divendres i el dissabte, &#8220;dues propostes diferents, per\u00f2 totes dues d&#8217;una gran qualitat&#8221;. &#8220;Intent sempre que, en aquests sopars, puguem oferir espectacles de qualitat, perqu\u00e8 considere que s\u00f3n unes de les nits amb major aflu\u00e8ncia de p\u00fablic de tot el calendari festiu de Xest i mereixen una programaci\u00f3 a l&#8217;altura&#8221;, apunta Gald\u00f3n.<\/p>\n\n\n\n<p class=\"wp-block-paragraph\">L&#8217;edil subratlla tamb\u00e9 el bon acolliment de la Disc Xou, la novetat d&#8217;enguany pensada per als m\u00e9s xicotets, &#8220;una proposta que va tindre un gran acolliment&#8221;, aix\u00ed com de la III Festa de l&#8217;Aigua, que &#8220;va tornar a reunir molts joves que van gaudir molt\u00edssim d&#8217;aquesta activitat&#8221;. Sobre la Disc M\u00f2bil del dissabte, Gald\u00f3n assenyala que &#8220;any rere any continua creixent i comptant amb una major aflu\u00e8ncia de p\u00fablic&#8221;, i posa en valor que &#8220;durant tota la nit no es va registrar cap incid\u00e8ncia, alguna cosa que demostra que l&#8217;organitzaci\u00f3 i la planificaci\u00f3 de l&#8217;esdeveniment estan funcionant molt b\u00e9&#8221;. &#8220;Estic molt satisfet amb el resultat d&#8217;aquest primer cap de setmana del Juliol Chestano&#8221;, conclou el regidor, que agraeix la implicaci\u00f3 de la plantilla municipal, Policia Local, i a totes les persones que fan possible que les nostres festes es desenvolupen amb seguretat i normalitat&#8221;.<\/p>\n\n\n\n<p class=\"wp-block-paragraph\">Les festes van arrancar el divendres 17 de juliol amb el Disc Aqua Xou, una festa d&#8217;aigua i m\u00fasica pensada per als m\u00e9s xicotets que va omplir la Pla\u00e7a Doctor Cajal. A la nit, la Pla\u00e7a de la 2a Rep\u00fablica va acollir el primer sopar popular, amb repartiment de sagnia i bingo a c\u00e0rrec de la Falla Barri de l&#8217;Alegria i l&#8217;espectacle Tribut a Mecano, sota la denominaci\u00f3 &#8220;Descans dominical\u201d.<\/p>\n\n\n\n<p class=\"wp-block-paragraph\">El dissabte 18 la programaci\u00f3 es va intensificar. Al mat\u00ed, la III Festa Aqu\u00e0tica va omplir l&#8217;avinguda Don Vicente Navarro d&#8217;unflables i jocs d&#8217;aigua per a tota la fam\u00edlia. A la nit, va tindre lloc un nou sopar popular en la Pla\u00e7a de la 2a Rep\u00fablica, amb sagnia i bingo a c\u00e0rrec de la Falla Ind\u00fastria i Comer\u00e7 i l&#8217;espectacle M\u00e0gics 80. La jornada es va tancar de matinada amb la Macrodiscom\u00f3vil Kenesis en el p\u00e0rquing del camp de futbol.<\/p>\n\n\n\n<p class=\"wp-block-paragraph\">Finalment, el diumenge 19 la m\u00fasica es va combinar amb un moment hist\u00f2ric: la final del Mundial, la retransmissi\u00f3 en pantalla del qual gegant va posar a la disposici\u00f3 dels ve\u00efns i ve\u00efnes l&#8217;Ajuntament. Com a avantsala, el Trio Som Acord va oferir una vetlada musical en la qual, tal com va destacar Jos\u00e9 Morell, &#8220;se sol dir que el futbol \u00e9s el llenguatge universal. Probablement \u00e9s cert. Per\u00f2 aquesta nit comprovarem que la m\u00fasica parla un idioma encara m\u00e9s antic i que no necessita traducci\u00f3&#8221;. Una actuaci\u00f3 que va tindre, a m\u00e9s, un significat molt especial per a Xest. Tal com va recordar Morell, &#8220;entre els seus integrants es troba Elena Alarc\u00f3n, una m\u00fasica a la qual sentim molt nostra. Hui, d&#8217;alguna manera, saldem un xicotet deute pendent\u201d.<\/p>\n\n\n\n<p class=\"wp-block-paragraph\"><strong>Aquesta setmana, les festes no donen treva<\/strong><\/p>\n\n\n\n<p class=\"wp-block-paragraph\">El cinema d&#8217;estiu torna a la Pla\u00e7a Doctor Cajal el dimecres 22 i el dijous 23, amb dos t\u00edtols d&#8217;estrena recent: &#8220;Odi l&#8217;estiu&#8221; obrir\u00e0 el cicle el dimecres, i &#8220;La gran escapada&#8221; prendr\u00e0 el relleu el dijous. Totes dues sessions comen\u00e7aran a les #22:00 hores.<\/p>\n\n\n\n<p class=\"wp-block-paragraph\">El divendres 24 arranca el cap\u00edtol taur\u00ed de les festes. A les #19:30 h, el carrer Xiva viur\u00e0 la Entr\u00e0 i Prova de la ramaderia Fernando Machancoses, a la qual seguir\u00e0 una desfilada de penyes al ritme d&#8217;una xaranga pels carrers del poble; s&#8217;anima als pe\u00f1istas a participar abillats amb els seus vestits. La jornada taurina es tancar\u00e0 a les #23:30 h amb vaques i bou embolado de la ramaderia David Alfaro.<\/p>\n\n\n\n<p class=\"wp-block-paragraph\">El dissabte 25, la festa matina: a les #08:00 h, la ramaderia H\u00e9ctor L\u00f3pez protagonitzar\u00e0 el Bou en Corda (\u00fanicament el segon recorregut), i a les #09:30 h arribar\u00e0 una nova Entr\u00e0 i Prova, aquesta vegada de la ramaderia Gns. Navarro Morell. Tant aquesta cita del dissabte com la del divendres \u2014Entr\u00e0, Prova i bou embolado\u2014 tindran com a escenari el carrer Xiva. Ja a la vesprada, a les #17:00 h, el carrer Escorxador i l&#8217;entorn de l&#8217;arbre de l&#8217;estaci\u00f3 acolliran la tradicional Festa dels Esmorzars.de los Almuerzos.<\/p>\n\n\n\n<figure class=\"wp-block-gallery has-nested-images columns-default is-cropped wp-block-gallery-1 is-layout-flex wp-block-gallery-is-layout-flex\">\n<figure class=\"wp-block-image size-large\"><img loading=\"lazy\" decoding=\"async\" width=\"787\" height=\"512\" data-id=\"308584\" src=\"https:\/\/www.tucomarca.com\/wordpress\/segunda\/wp-content\/uploads\/2026\/07\/julio_chestano_06.jpeg\" alt=\"\" class=\"wp-image-308584\" srcset=\"https:\/\/tucomarca.whitekongsoftware.com\/wp-content\/uploads\/2026\/07\/julio_chestano_06.jpeg 787w, https:\/\/tucomarca.whitekongsoftware.com\/wp-content\/uploads\/2026\/07\/julio_chestano_06-586x381.jpeg 586w, https:\/\/tucomarca.whitekongsoftware.com\/wp-content\/uploads\/2026\/07\/julio_chestano_06-768x500.jpeg 768w\" sizes=\"auto, (max-width: 787px) 100vw, 787px\" \/><\/figure>\n\n\n\n<figure class=\"wp-block-image size-large\"><img loading=\"lazy\" decoding=\"async\" width=\"787\" height=\"512\" data-id=\"308588\" src=\"https:\/\/www.tucomarca.com\/wordpress\/segunda\/wp-content\/uploads\/2026\/07\/julio_chestano_07.jpeg\" alt=\"\" class=\"wp-image-308588\" srcset=\"https:\/\/tucomarca.whitekongsoftware.com\/wp-content\/uploads\/2026\/07\/julio_chestano_07.jpeg 787w, https:\/\/tucomarca.whitekongsoftware.com\/wp-content\/uploads\/2026\/07\/julio_chestano_07-586x381.jpeg 586w, https:\/\/tucomarca.whitekongsoftware.com\/wp-content\/uploads\/2026\/07\/julio_chestano_07-768x500.jpeg 768w\" sizes=\"auto, (max-width: 787px) 100vw, 787px\" \/><\/figure>\n<\/figure>\n","protected":false},"excerpt":{"rendered":"<div class=\"mh-excerpt\">Aquesta setmana tornen el cinema d&#8217;estiu i els festejos taurins com a principals arguments festius. M\u00e9s de 1.300 persones inscrites van fer del primer cap de setmana del Juliol Chestano un esdeveniment festiu dels quals <a class=\"mh-excerpt-more\" href=\"https:\/\/tucomarca.whitekongsoftware.com\/ca\/el-primer-cap-de-setmana-del-julio-chestano-2026-se-salda-amb-una-participacio-de-record\/\" title=\"El primer cap de setmana del Julio Chestano 2026 se salda amb una participaci\u00f3 de r\u00e8cord\">[+] <\/a><\/div>\n","protected":false},"author":12,"featured_media":308586,"comment_status":"closed","ping_status":"open","sticky":false,"template":"","format":"gallery","meta":{"footnotes":""},"categories":[10894,10912,11004,11007,11008,10896,10974],"tags":[11071,22752,10914],"class_list":["post-308589","post","type-post","status-publish","format-gallery","has-post-thumbnail","category-la-comarca-ca","category-la-hoya-ca","category-la-semana-en-imagenes-ca","category-ocio-y-cultura-ca","category-pueblos-en-fiestas-ca","category-seccion-ca","category-cheste-ca","tag-cheste","tag-julio-chestano-ca","tag-la-hoya-de-bunol-chiva-ca","post_format-post-format-gallery"],"_links":{"self":[{"href":"https:\/\/tucomarca.whitekongsoftware.com\/ca\/wp-json\/wp\/v2\/posts\/308589","targetHints":{"allow":["GET"]}}],"collection":[{"href":"https:\/\/tucomarca.whitekongsoftware.com\/ca\/wp-json\/wp\/v2\/posts"}],"about":[{"href":"https:\/\/tucomarca.whitekongsoftware.com\/ca\/wp-json\/wp\/v2\/types\/post"}],"author":[{"embeddable":true,"href":"https:\/\/tucomarca.whitekongsoftware.com\/ca\/wp-json\/wp\/v2\/users\/12"}],"replies":[{"embeddable":true,"href":"https:\/\/tucomarca.whitekongsoftware.com\/ca\/wp-json\/wp\/v2\/comments?post=308589"}],"version-history":[{"count":2,"href":"https:\/\/tucomarca.whitekongsoftware.com\/ca\/wp-json\/wp\/v2\/posts\/308589\/revisions"}],"predecessor-version":[{"id":308644,"href":"https:\/\/tucomarca.whitekongsoftware.com\/ca\/wp-json\/wp\/v2\/posts\/308589\/revisions\/308644"}],"wp:featuredmedia":[{"embeddable":true,"href":"https:\/\/tucomarca.whitekongsoftware.com\/ca\/wp-json\/wp\/v2\/media\/308586"}],"wp:attachment":[{"href":"https:\/\/tucomarca.whitekongsoftware.com\/ca\/wp-json\/wp\/v2\/media?parent=308589"}],"wp:term":[{"taxonomy":"category","embeddable":true,"href":"https:\/\/tucomarca.whitekongsoftware.com\/ca\/wp-json\/wp\/v2\/categories?post=308589"},{"taxonomy":"post_tag","embeddable":true,"href":"https:\/\/tucomarca.whitekongsoftware.com\/ca\/wp-json\/wp\/v2\/tags?post=308589"}],"curies":[{"name":"wp","href":"https:\/\/api.w.org\/{rel}","templated":true}]}}