{"id":308581,"date":"2026-07-22T10:30:00","date_gmt":"2026-07-22T08:30:00","guid":{"rendered":"https:\/\/www.tucomarca.com\/wordpress\/segunda\/?p=308581"},"modified":"2026-07-22T21:30:37","modified_gmt":"2026-07-22T19:30:37","slug":"perez-llorca-anuncia-la-institucionalitzacio-del-16-de-setembre-com-a-dia-de-les-victimes-del-terrorisme-en-la-comunitat-valenciana","status":"publish","type":"post","link":"https:\/\/tucomarca.whitekongsoftware.com\/ca\/perez-llorca-anuncia-la-institucionalitzacio-del-16-de-setembre-com-a-dia-de-les-victimes-del-terrorisme-en-la-comunitat-valenciana\/","title":{"rendered":"P\u00e9rez Llorca anuncia la institucionalitzaci\u00f3 del 16 de setembre com a \u2018Dia de les V\u00edctimes del Terrorisme en la Comunitat Valenciana\u2019"},"content":{"rendered":"\n<h3 class=\"wp-block-heading\"><strong>El president es reunix amb representants de l\u2019Associaci\u00f3 de V\u00edctimes Terrorisme Comunitat Valenciana, la Fundaci\u00f3 Manuel Broseta i l\u2019Associaci\u00f3 Cossos i Forces de Seguretat V\u00edctimes del Terrorisme<\/strong>.<\/h3>\n\n\n\n<h3 class=\"wp-block-heading\"><strong>Assegura que som la tercera autonomia d\u2019Espanya que declara un dia auton\u00f2mic propi destinat a l\u2019homenatge i record de les v\u00edctimes del terrorisme<\/strong>.<\/h3>\n\n\n\n<p class=\"wp-block-paragraph\">El president de la Generalitat, Juanfran P\u00e9rez Llorca, ha anunciat que el Consell declarar\u00e0 el 16 de setembre com a \u2018Dia de les V\u00edctimes del Terrorisme en la Comunitat Valenciana\u2019, ja que s\u2019ha acceptat una de les principals reivindicacions que han fet les associacions de v\u00edctimes.<\/p>\n\n\n\n<p class=\"wp-block-paragraph\">Aix\u00ed ho ha manifestat durant l\u2019audi\u00e8ncia que ha mantingut amb representants de l\u2019Associaci\u00f3 de V\u00edctimes Terrorisme Comunitat Valenciana (AVTCV), amb la Fundaci\u00f3 Manuel Broseta i de l\u2019Associaci\u00f3 Cossos i Forces de Seguretat V\u00edctimes del Terrorisme (ACFSEVT) en la qual ha estat acompanyat per la consellera de Just\u00edcia, Transpar\u00e8ncia i Participaci\u00f3, Nuria Mart\u00ednez.&nbsp;<\/p>\n\n\n\n<p class=\"wp-block-paragraph\">Aix\u00ed mateix, ha precisat que amb esta iniciativa la Comunitat Valenciana \u00e9s la tercera autonomia d\u2019Espanya que declara un dia propi destinat a l\u2019homenatge i record de les v\u00edctimes del terrorisme, igual que fan el Pa\u00eds Basc i la Comunitat de Madrid.<\/p>\n\n\n\n<p class=\"wp-block-paragraph\">En este sentit, ha concretat que l\u2019elecci\u00f3 del 16 de setembre t\u00e9 un significat simb\u00f2lic, perqu\u00e8 coincidix amb l\u2019aniversari de l\u2019atemptat perpetrat per ETA a Mutxamel en 1991, l\u2019acci\u00f3 terrorista amb m\u00e9s v\u00edctimes mortals comesa en la Comunitat Valenciana.<\/p>\n\n\n\n<p class=\"wp-block-paragraph\">A m\u00e9s, ha mostrat el suport \u201ctotal i absolut\u201d del Consell a totes les v\u00edctimes del terrorisme, ja que, segons ha ressaltat, \u201cs\u00f3n un referent \u00e8tic i un far moral per a tots els ciutadans de la Comunitat Valenciana\u201d.<\/p>\n","protected":false},"excerpt":{"rendered":"<div class=\"mh-excerpt\">El president es reunix amb representants de l\u2019Associaci\u00f3 de V\u00edctimes Terrorisme Comunitat Valenciana, la Fundaci\u00f3 Manuel Broseta i l\u2019Associaci\u00f3 Cossos i Forces de Seguretat V\u00edctimes del Terrorisme. Assegura que som la tercera autonomia d\u2019Espanya que <a class=\"mh-excerpt-more\" href=\"https:\/\/tucomarca.whitekongsoftware.com\/ca\/perez-llorca-anuncia-la-institucionalitzacio-del-16-de-setembre-com-a-dia-de-les-victimes-del-terrorisme-en-la-comunitat-valenciana\/\" title=\"P\u00e9rez Llorca anuncia la institucionalitzaci\u00f3 del 16 de setembre com a \u2018Dia de les V\u00edctimes del Terrorisme en la Comunitat Valenciana\u2019\">[+] <\/a><\/div>\n","protected":false},"author":13,"featured_media":308579,"comment_status":"closed","ping_status":"open","sticky":false,"template":"","format":"standard","meta":{"footnotes":""},"categories":[10898,10948,10894,10904,10947,10896],"tags":[23466,11199,11140],"class_list":["post-308581","post","type-post","status-publish","format-standard","has-post-thumbnail","category-ventana-ca","category-infraestructuras-ca","category-la-comarca-ca","category-sin-categorizar-ca","category-politica","category-seccion-ca","tag-juanfran-perez-llorca-ca","tag-la-comunitat-ca","tag-politica-ca"],"_links":{"self":[{"href":"https:\/\/tucomarca.whitekongsoftware.com\/ca\/wp-json\/wp\/v2\/posts\/308581","targetHints":{"allow":["GET"]}}],"collection":[{"href":"https:\/\/tucomarca.whitekongsoftware.com\/ca\/wp-json\/wp\/v2\/posts"}],"about":[{"href":"https:\/\/tucomarca.whitekongsoftware.com\/ca\/wp-json\/wp\/v2\/types\/post"}],"author":[{"embeddable":true,"href":"https:\/\/tucomarca.whitekongsoftware.com\/ca\/wp-json\/wp\/v2\/users\/13"}],"replies":[{"embeddable":true,"href":"https:\/\/tucomarca.whitekongsoftware.com\/ca\/wp-json\/wp\/v2\/comments?post=308581"}],"version-history":[{"count":2,"href":"https:\/\/tucomarca.whitekongsoftware.com\/ca\/wp-json\/wp\/v2\/posts\/308581\/revisions"}],"predecessor-version":[{"id":308641,"href":"https:\/\/tucomarca.whitekongsoftware.com\/ca\/wp-json\/wp\/v2\/posts\/308581\/revisions\/308641"}],"wp:featuredmedia":[{"embeddable":true,"href":"https:\/\/tucomarca.whitekongsoftware.com\/ca\/wp-json\/wp\/v2\/media\/308579"}],"wp:attachment":[{"href":"https:\/\/tucomarca.whitekongsoftware.com\/ca\/wp-json\/wp\/v2\/media?parent=308581"}],"wp:term":[{"taxonomy":"category","embeddable":true,"href":"https:\/\/tucomarca.whitekongsoftware.com\/ca\/wp-json\/wp\/v2\/categories?post=308581"},{"taxonomy":"post_tag","embeddable":true,"href":"https:\/\/tucomarca.whitekongsoftware.com\/ca\/wp-json\/wp\/v2\/tags?post=308581"}],"curies":[{"name":"wp","href":"https:\/\/api.w.org\/{rel}","templated":true}]}}