{"id":308560,"date":"2026-07-22T10:10:00","date_gmt":"2026-07-22T08:10:00","guid":{"rendered":"https:\/\/www.tucomarca.com\/wordpress\/segunda\/?p=308560"},"modified":"2026-07-22T21:22:37","modified_gmt":"2026-07-22T19:22:37","slug":"la-diputacio-impulsa-una-experiencia-pilot-amb-polseres-dalerta-termica-per-a-reforcar-la-proteccio-del-seu-personal","status":"publish","type":"post","link":"https:\/\/tucomarca.whitekongsoftware.com\/ca\/la-diputacio-impulsa-una-experiencia-pilot-amb-polseres-dalerta-termica-per-a-reforcar-la-proteccio-del-seu-personal\/","title":{"rendered":"La Diputaci\u00f3 impulsa una experi\u00e8ncia pilot amb polseres d&#8217;alerta t\u00e8rmica per a refor\u00e7ar la protecci\u00f3 del seu personal"},"content":{"rendered":"\n<h3 class=\"wp-block-heading\">La participaci\u00f3 tindr\u00e0 car\u00e0cter voluntari conforme a criteris preventius i sanitaris i es dirigir\u00e0 priorit\u00e0riament a persones que, per les caracter\u00edstiques del seu lloc o conforme a criteris preventius, puguen requerir una protecci\u00f3 refor\u00e7ada enfront de la calor.<\/h3>\n\n\n\n<h3 class=\"wp-block-heading\">Reme Mazzolari: \u201cvolem comprovar si esta nova tecnologia pot ajudar-nos a detectar amb antelaci\u00f3 una situaci\u00f3 de risc per temperatures elevades i actuar abans que s&#8217;agreuge\u201d.<\/h3>\n\n\n\n<p class=\"wp-block-paragraph\">La Diputaci\u00f3 de Val\u00e8ncia ha iniciat els treballs per a posar en marxa durant la present campanya d&#8217;estiu una experi\u00e8ncia pilot amb polseres o bandes port\u00e0tils d&#8217;alerta enfront de l&#8217;estr\u00e9s t\u00e8rmic. La iniciativa es planteja en un context de temperatures persistentment elevades i d&#8217;avisos per calor en diferents zones de la prov\u00edncia de Val\u00e8ncia.<\/p>\n\n\n\n<p class=\"wp-block-paragraph\">El projecte permetr\u00e0 comprovar si estes polseres poden ajudar a la detecci\u00f3 preco\u00e7 assenyales que l&#8217;organisme est\u00e0 acusant les altes temperatures. Si advertixen d&#8217;una possible situaci\u00f3 de risc, emetran una alerta perqu\u00e8 la persona puga detindre l&#8217;activitat, descansar en un lloc fresc, hidratar-se i seguir les mesures preventives previstes en cada cas.<\/p>\n\n\n\n<p class=\"wp-block-paragraph\">La vicepresidenta segona i responsable de l&#8217;\u00e0rea de Personal, Reme Mazzolari, ha explicat que el prop\u00f2sit de l&#8217;experi\u00e8ncia \u00e9s \u201cincorporar una ferramenta addicional a totes les mesures que ja s&#8217;estan aplicant per a protegir la plantilla durant els episodis d&#8217;altes temperatures\u201d.<\/p>\n\n\n\n<p class=\"wp-block-paragraph\">\u201cVolem comprovar si esta tecnologia pot ajudar-nos a detectar amb antelaci\u00f3 una situaci\u00f3 d&#8217;estr\u00e9s t\u00e8rmic i actuar abans que s&#8217;agreuge. En mat\u00e8ria de prevenci\u00f3 hem de continuar avan\u00e7ant, avaluar noves solucions i posar sempre la salut de les persones en el centre\u201d, ha assenyalat Mazzolari.<\/p>\n\n\n\n<p class=\"wp-block-paragraph\"><strong>Una participaci\u00f3 volunt\u00e0ria i amb finalitat exclusivament preventiva<\/strong><\/p>\n\n\n\n<p class=\"wp-block-paragraph\">La prova es portar\u00e0 a terme inicialment amb una quantitat limitada de dispositius i la participaci\u00f3 tindr\u00e0 car\u00e0cter voluntari. Es dirigir\u00e0 priorit\u00e0riament al personal que, per les caracter\u00edstiques de les tasques que desenvolupa o conforme als criteris establits pel Servici de Prevenci\u00f3 de Riscos Laborals, puga requerir una protecci\u00f3 refor\u00e7ada enfront de les altes temperatures.<\/p>\n\n\n\n<p class=\"wp-block-paragraph\">La posada en marxa es canalitzar\u00e0 a trav\u00e9s este servici i dels \u00f2rgans de participaci\u00f3 corresponents. El projecte incorporar\u00e0 des del seu disseny les garanties necess\u00e0ries en mat\u00e8ria de privacitat i protecci\u00f3 de dades: la informaci\u00f3 es limitar\u00e0 a l&#8217;estrictament necess\u00e0ria per a la finalitat preventiva, ser\u00e0 tractada de manera confidencial i no podr\u00e0 utilitzar-se per a avaluar el rendiment laboral ni amb finalitats disciplinaris.<\/p>\n\n\n\n<p class=\"wp-block-paragraph\"><strong>Una mesura complement\u00e0ria<\/strong><\/p>\n\n\n\n<p class=\"wp-block-paragraph\">L&#8217;experi\u00e8ncia pilot s&#8217;incorpora al conjunt de protocols i actuacions que la Diputaci\u00f3 mant\u00e9 enfront del risc derivat de les altes temperatures. Entre les mesures preventives ja aplicades es troben l&#8217;adaptaci\u00f3 d&#8217;horaris, l&#8217;aclimataci\u00f3 progressiva del personal, la disponibilitat d&#8217;aigua i espais climatitzats, l&#8217;\u00fas de roba i elements de protecci\u00f3 adequats, la formaci\u00f3 espec\u00edfica i la vigil\u00e0ncia de la salut.<\/p>\n\n\n\n<p class=\"wp-block-paragraph\">Les polseres seran, per tant, una ferramenta complement\u00e0ria experimental i no substituiran les mesures organitzatives, col\u00b7lectives i individuals actualment vigents ni el protocol espec\u00edfic aplicable als treballs a l&#8217;aire lliure enfront d&#8217;altes temperatures.<\/p>\n\n\n\n<p class=\"wp-block-paragraph\">Una vegada conclosa la prova, el Servici de Prevenci\u00f3 de Riscos Laborals analitzar\u00e0 el seu funcionament, la seua utilitat preventiva i la seua adaptaci\u00f3 als diferents entorns laborals. Si els resultats s\u00f3n favorables, qualsevol possible ampliaci\u00f3 o implantaci\u00f3 estable de la mesura s&#8217;abordar\u00e0 pr\u00e8viament al Comit\u00e9 de Seguretat i Salut.<\/p>\n","protected":false},"excerpt":{"rendered":"<div class=\"mh-excerpt\">La participaci\u00f3 tindr\u00e0 car\u00e0cter voluntari conforme a criteris preventius i sanitaris i es dirigir\u00e0 priorit\u00e0riament a persones que, per les caracter\u00edstiques del seu lloc o conforme a criteris preventius, puguen requerir una protecci\u00f3 refor\u00e7ada enfront <a class=\"mh-excerpt-more\" href=\"https:\/\/tucomarca.whitekongsoftware.com\/ca\/la-diputacio-impulsa-una-experiencia-pilot-amb-polseres-dalerta-termica-per-a-reforcar-la-proteccio-del-seu-personal\/\" title=\"La Diputaci\u00f3 impulsa una experi\u00e8ncia pilot amb polseres d&#8217;alerta t\u00e8rmica per a refor\u00e7ar la protecci\u00f3 del seu personal\">[+] <\/a><\/div>\n","protected":false},"author":12,"featured_media":298876,"comment_status":"closed","ping_status":"open","sticky":false,"template":"","format":"standard","meta":{"footnotes":""},"categories":[10898,10948,10894,10904,10947,10896],"tags":[11246,24682],"class_list":["post-308560","post","type-post","status-publish","format-standard","has-post-thumbnail","category-ventana-ca","category-infraestructuras-ca","category-la-comarca-ca","category-sin-categorizar-ca","category-politica","category-seccion-ca","tag-diputacio-de-valencia-ca","tag-pulseras-de-alerta-termica"],"_links":{"self":[{"href":"https:\/\/tucomarca.whitekongsoftware.com\/ca\/wp-json\/wp\/v2\/posts\/308560","targetHints":{"allow":["GET"]}}],"collection":[{"href":"https:\/\/tucomarca.whitekongsoftware.com\/ca\/wp-json\/wp\/v2\/posts"}],"about":[{"href":"https:\/\/tucomarca.whitekongsoftware.com\/ca\/wp-json\/wp\/v2\/types\/post"}],"author":[{"embeddable":true,"href":"https:\/\/tucomarca.whitekongsoftware.com\/ca\/wp-json\/wp\/v2\/users\/12"}],"replies":[{"embeddable":true,"href":"https:\/\/tucomarca.whitekongsoftware.com\/ca\/wp-json\/wp\/v2\/comments?post=308560"}],"version-history":[{"count":3,"href":"https:\/\/tucomarca.whitekongsoftware.com\/ca\/wp-json\/wp\/v2\/posts\/308560\/revisions"}],"predecessor-version":[{"id":308632,"href":"https:\/\/tucomarca.whitekongsoftware.com\/ca\/wp-json\/wp\/v2\/posts\/308560\/revisions\/308632"}],"wp:featuredmedia":[{"embeddable":true,"href":"https:\/\/tucomarca.whitekongsoftware.com\/ca\/wp-json\/wp\/v2\/media\/298876"}],"wp:attachment":[{"href":"https:\/\/tucomarca.whitekongsoftware.com\/ca\/wp-json\/wp\/v2\/media?parent=308560"}],"wp:term":[{"taxonomy":"category","embeddable":true,"href":"https:\/\/tucomarca.whitekongsoftware.com\/ca\/wp-json\/wp\/v2\/categories?post=308560"},{"taxonomy":"post_tag","embeddable":true,"href":"https:\/\/tucomarca.whitekongsoftware.com\/ca\/wp-json\/wp\/v2\/tags?post=308560"}],"curies":[{"name":"wp","href":"https:\/\/api.w.org\/{rel}","templated":true}]}}