{"id":308486,"date":"2026-07-21T10:20:00","date_gmt":"2026-07-21T08:20:00","guid":{"rendered":"https:\/\/www.tucomarca.com\/wordpress\/segunda\/?p=308486"},"modified":"2026-07-21T21:35:52","modified_gmt":"2026-07-21T19:35:52","slug":"ava-asaja-alerta-duna-paralisi-comercial-del-raim-valencia-a-un-mes-de-la-verema","status":"publish","type":"post","link":"https:\/\/tucomarca.whitekongsoftware.com\/ca\/ava-asaja-alerta-duna-paralisi-comercial-del-raim-valencia-a-un-mes-de-la-verema\/","title":{"rendered":"AVA-Asaja alerta d&#8217;una par\u00e0lisi comercial del ra\u00efm valenci\u00e0 a un mes de la verema"},"content":{"rendered":"\n<h3 class=\"wp-block-heading\">Les guerres, els aranzels de Trump, els acords amb pa\u00efsos tercers i l&#8217;oferta de vi franc\u00e9s a preus rebentats amarguen les perspectives dels viticultors.<\/h3>\n\n\n\n<p class=\"wp-block-paragraph\">Alerta roja en les files del sector vitivin\u00edcola a tan sols un mes que comencen les labors de la verema. L&#8217;Associaci\u00f3 Valenciana d&#8217;Agricultors (AVA-ASAJA) adverteix de \u201cuna greu par\u00e0lisi comercial del ra\u00efm que est\u00e0 alentint les operacions, prolongant l&#8217;acumulaci\u00f3 d&#8217;estocs de la campanya passada en els cellers, frenant les exportacions a destins internacionals i, en definitiva, afonant la rendibilitat dels viticultors\u201d.&nbsp;<\/p>\n\n\n\n<p class=\"wp-block-paragraph\">AVA-ASAJA atribueix com a principals causes d&#8217;aquesta crisi vitivin\u00edcola a les dificultats que travessen els fluxos comercials derivats dels conflictes b\u00e8l\u00b7lics a Ucra\u00efna i Orient Mitj\u00e0; els aranzels imposats per Donald Trump; i l&#8217;entrada massiva d&#8217;importacions procedents de pa\u00efsos tercers, en condicions de compet\u00e8ncia deslleial, que fomenten els acords comercials signats per la Uni\u00f3 Europea.&nbsp;<\/p>\n\n\n\n<p class=\"wp-block-paragraph\">El problema que troba el sector vitivin\u00edcola europeu per a col\u00b7locar els seus vins \u00e9s de tal magnitud que, per primera vegada, cellers valencians s&#8217;estan enfrontant no sols a importacions de pa\u00efsos tercers m\u00e9s barates -per no complir els mateixos est\u00e0ndards de seguretat aliment\u00e0ria i sostenibilitat que s\u00ed que s&#8217;exigeixen als vins europeus- sin\u00f3 fins i tot a l&#8217;oferta de vi franc\u00e9s a preus rebentats, per davall dels costos de producci\u00f3 a Espanya.&nbsp;<\/p>\n\n\n\n<p class=\"wp-block-paragraph\">Els baixos preus en origen afecten especialment el ra\u00efm per a vins negres, com ve succeint en els \u00faltims anys a causa de les noves tend\u00e8ncies dels consumidors. No obstant aix\u00f2, tamb\u00e9 cau la rendibilitat del ra\u00efm per a vins blancs i, fins i tot, per a l&#8217;elaboraci\u00f3 de cava en el terme de Requena. No en va, les cotitzacions que els grans cellers van oferir en l&#8217;\u00faltima campanya als productors requenenses de ra\u00efm per a cava van ser la meitat d&#8217;un any arrere, al\u00b7legant una recuperaci\u00f3 de la collita a Catalunya que no va ser tal a causa dels atacs de malalties f\u00fangiques.&nbsp;<\/p>\n\n\n\n<p class=\"wp-block-paragraph\">AVA-ASAJA reivindica a les administracions una s\u00e8rie d&#8217;iniciatives decidides per a reactivar el consum, ajustar l&#8217;oferta i demanda i recuperar la rendibilitat dels viticultors.&nbsp;<\/p>\n\n\n\n<p class=\"wp-block-paragraph\">Posar en marxa el \u2018Paquet del Vi\u2019 aprovat per les autoritats europees<\/p>\n\n\n\n<p class=\"wp-block-paragraph\">Ajudes a l&#8217;arrancada de vinyes, amb finan\u00e7ament p\u00fablic, per a reduir de manera estructural l&#8217;exc\u00e9s de producci\u00f3 i equilibrar l&#8217;oferta i la demanda. A m\u00e9s, planteja que els productors puguen tornar a plantar eixes superf\u00edcies despr\u00e9s d&#8217;un per\u00edode determinat si el mercat millora.<\/p>\n\n\n\n<p class=\"wp-block-paragraph\">Mantindre i fins i tot refor\u00e7ar el pressupost per al sector del vi dins de la PAC, de manera que tots els viticultors europeus disposen d&#8217;un nivell similar de suport i no depenguen \u00fanicament de les decisions pressupost\u00e0ries de cada Estat membre. tamb\u00e9 reclama al Govern espanyol un esfor\u00e7 financer comparable al realitzat per Fran\u00e7a.<\/p>\n\n\n\n<p class=\"wp-block-paragraph\">Mesures per a regular la producci\u00f3, com la verema en verd, restriccions temporals de rendiments o mecanismes que permeten adaptar la producci\u00f3 a la demanda del mercat.<\/p>\n\n\n\n<p class=\"wp-block-paragraph\">Compliment rigor\u00f3s de la llei de cadena aliment\u00e0ria que prohibeix la venda a p\u00e8rdues.&nbsp;<\/p>\n\n\n\n<p class=\"wp-block-paragraph\">Habilitar una destil\u00b7laci\u00f3 de crisi, amb finan\u00e7ament p\u00fablic suficient, per a retirar del mercat parteix dels excedents de vi, reduir els estocs acumulats en els cellers i contribuir a recuperar l&#8217;equilibri entre l&#8217;oferta i la demanda.<\/p>\n\n\n\n<p class=\"wp-block-paragraph\">Impuls a la promoci\u00f3 i al enoturismo, amb l&#8217;objectiu d&#8217;augmentar el consum i obrir nous mercats per al vi espanyol.<\/p>\n","protected":false},"excerpt":{"rendered":"<div class=\"mh-excerpt\">Les guerres, els aranzels de Trump, els acords amb pa\u00efsos tercers i l&#8217;oferta de vi franc\u00e9s a preus rebentats amarguen les perspectives dels viticultors. Alerta roja en les files del sector vitivin\u00edcola a tan sols <a class=\"mh-excerpt-more\" href=\"https:\/\/tucomarca.whitekongsoftware.com\/ca\/ava-asaja-alerta-duna-paralisi-comercial-del-raim-valencia-a-un-mes-de-la-verema\/\" title=\"AVA-Asaja alerta d&#8217;una par\u00e0lisi comercial del ra\u00efm valenci\u00e0 a un mes de la verema\">[+] <\/a><\/div>\n","protected":false},"author":13,"featured_media":308484,"comment_status":"closed","ping_status":"open","sticky":false,"template":"","format":"standard","meta":{"footnotes":""},"categories":[10905,11006,10898,10977,10948,10894,10904,10912,10903,10908,10909,10896,11059,10974],"tags":[11309,11924,11199],"class_list":["post-308486","post","type-post","status-publish","format-standard","has-post-thumbnail","category-agricultura-la-comarca-ca","category-canal-vinos","category-ventana-ca","category-godelleta-ca","category-infraestructuras-ca","category-la-comarca-ca","category-sin-categorizar-ca","category-la-hoya-ca","category-medio-ambiente-la-comarca-ca","category-requena-ca","category-requena-utiel-ca","category-seccion-ca","category-utiel-ca","category-cheste-ca","tag-agricultura-ca","tag-ava-asaja-ca","tag-la-comunitat-ca"],"_links":{"self":[{"href":"https:\/\/tucomarca.whitekongsoftware.com\/ca\/wp-json\/wp\/v2\/posts\/308486","targetHints":{"allow":["GET"]}}],"collection":[{"href":"https:\/\/tucomarca.whitekongsoftware.com\/ca\/wp-json\/wp\/v2\/posts"}],"about":[{"href":"https:\/\/tucomarca.whitekongsoftware.com\/ca\/wp-json\/wp\/v2\/types\/post"}],"author":[{"embeddable":true,"href":"https:\/\/tucomarca.whitekongsoftware.com\/ca\/wp-json\/wp\/v2\/users\/13"}],"replies":[{"embeddable":true,"href":"https:\/\/tucomarca.whitekongsoftware.com\/ca\/wp-json\/wp\/v2\/comments?post=308486"}],"version-history":[{"count":2,"href":"https:\/\/tucomarca.whitekongsoftware.com\/ca\/wp-json\/wp\/v2\/posts\/308486\/revisions"}],"predecessor-version":[{"id":308517,"href":"https:\/\/tucomarca.whitekongsoftware.com\/ca\/wp-json\/wp\/v2\/posts\/308486\/revisions\/308517"}],"wp:featuredmedia":[{"embeddable":true,"href":"https:\/\/tucomarca.whitekongsoftware.com\/ca\/wp-json\/wp\/v2\/media\/308484"}],"wp:attachment":[{"href":"https:\/\/tucomarca.whitekongsoftware.com\/ca\/wp-json\/wp\/v2\/media?parent=308486"}],"wp:term":[{"taxonomy":"category","embeddable":true,"href":"https:\/\/tucomarca.whitekongsoftware.com\/ca\/wp-json\/wp\/v2\/categories?post=308486"},{"taxonomy":"post_tag","embeddable":true,"href":"https:\/\/tucomarca.whitekongsoftware.com\/ca\/wp-json\/wp\/v2\/tags?post=308486"}],"curies":[{"name":"wp","href":"https:\/\/api.w.org\/{rel}","templated":true}]}}