{"id":308473,"date":"2026-07-21T10:30:00","date_gmt":"2026-07-21T08:30:00","guid":{"rendered":"https:\/\/www.tucomarca.com\/wordpress\/segunda\/?p=308473"},"modified":"2026-07-21T20:52:43","modified_gmt":"2026-07-21T18:52:43","slug":"lajuntament-de-xest-felicita-la-lira-pel-seu-primer-premi-en-el-certamen-internacional-de-bandes-de-valencia","status":"publish","type":"post","link":"https:\/\/tucomarca.whitekongsoftware.com\/ca\/lajuntament-de-xest-felicita-la-lira-pel-seu-primer-premi-en-el-certamen-internacional-de-bandes-de-valencia\/","title":{"rendered":"L&#8217;Ajuntament de Xest felicita &#8220;La Lira&#8221; pel seu primer premi en el Certamen Internacional de Bandes de Val\u00e8ncia"},"content":{"rendered":"\n<p class=\"wp-block-paragraph\">L&#8217;Ajuntament de Xest transmet la seua felicitaci\u00f3 a la Banda Simf\u00f2nica La Lira de Xest pel primer premi de la Secci\u00f3 Segona del Certamen Internacional de Bandes de M\u00fasica Ciutat de Val\u00e8ncia, l&#8217;actuaci\u00f3 de la qual va tindre lloc divendres passat 17 de juliol en el Palau de la M\u00fasica de Val\u00e8ncia, amb un total de 210 punts. Despr\u00e9s d&#8217;aquesta. La banda va ser rebuda en la localitat pels ve\u00efns i ve\u00efnes en reconeixement a l&#8217;excel\u00b7lent resultat collit.<\/p>\n\n\n\n<figure class=\"wp-block-image size-full\"><img loading=\"lazy\" decoding=\"async\" width=\"787\" height=\"531\" src=\"https:\/\/www.tucomarca.com\/wordpress\/segunda\/wp-content\/uploads\/2026\/07\/CIBM26_@antonioportilloo_011_170726.jpg\" alt=\"\" class=\"wp-image-308468\" srcset=\"https:\/\/tucomarca.whitekongsoftware.com\/wp-content\/uploads\/2026\/07\/CIBM26_@antonioportilloo_011_170726.jpg 787w, https:\/\/tucomarca.whitekongsoftware.com\/wp-content\/uploads\/2026\/07\/CIBM26_@antonioportilloo_011_170726-565x381.jpg 565w, https:\/\/tucomarca.whitekongsoftware.com\/wp-content\/uploads\/2026\/07\/CIBM26_@antonioportilloo_011_170726-768x518.jpg 768w\" sizes=\"auto, (max-width: 787px) 100vw, 787px\" \/><\/figure>\n\n\n\n<p class=\"wp-block-paragraph\">Dirigida per Javier Engu\u00eddanos, La Lira va obrir la seua actuaci\u00f3 amb l&#8217;obra lliure \u201cIsabel Catal\u00e1 Fort\u201d, composta pel chestano i m\u00fasic de la pr\u00f2pia banda Gustavo L\u00f3pez Aceituna. A continuaci\u00f3, va interpretar l&#8217;obra obligada, \u201cLlegendes del Bosc\u201d, d&#8217;Enrique C\u00e1rcel Villalba, qui va ser present durant la interpretaci\u00f3. La Lira va posar el fermall final a la seua hist\u00f2rica actuaci\u00f3 amb l&#8217;obra lliure de David R. Gillingham \u201cCantus Laetus\u201d.<\/p>\n\n\n\n<p class=\"wp-block-paragraph\">La Lira va ser acompanyada per centenars de chestanos i chestanas gr\u00e0cies als autobusos habilitats per l&#8217;Ajuntament de Xest, que va estar representat pel seu alcalde, Jose Morell, i per la tinenta d&#8217;alcalde i regidora de Cultura, M\u00aa \u00c1ngeles Llorente.<\/p>\n\n\n\n<p class=\"wp-block-paragraph\">Per a Jose Morell, \u201cLa Lira ha tornat a demostrar que est\u00e0 entre les grans bandes. Aquest premi no \u00e9s fruit de la casualitat, sin\u00f3 del treball constant, de l&#8217;ambici\u00f3 musical i d&#8217;una manera d&#8217;entendre la m\u00fasica en la qual sempre es marquen nous reptes\u201d. Per a l&#8217;alcalde de Xest, \u201cLa Lira ha demostrat que les grans metes nom\u00e9s s&#8217;aconsegueixen jugant en equip, escoltant-se i donant el millor de cadascun al servei d&#8217;un projecte col\u00b7lectiu\u201d.<\/p>\n\n\n\n<p class=\"wp-block-paragraph\">Morell va voler felicitar \u201cespecialment el seu director, Javier Engu\u00eddanos, el lideratge del qual, exig\u00e8ncia i capacitat per a traure el millor de la banda \u00e9s el motor i inspiraci\u00f3\u201d. A m\u00e9s, va fer extensiu el seu reconeixement \u201ca tota l&#8217;Associaci\u00f3, a les fam\u00edlies i a l&#8217;afici\u00f3, que va omplir el Palau de la M\u00fasica i va tornar a demostrar que Xest viu la seua banda amb un orgull immens. Des de l&#8217;Ajuntament continuarem fent costat a una instituci\u00f3 que representa el millor del nostre poble i que torna a portar el nom de Xest pel cap alt alt\u201d.<\/p>\n\n\n\n<p class=\"wp-block-paragraph\">Per part seua, M\u00aa \u00c1ngeles Llorente, va voler destacar l&#8217;alt\u00edssim nivell mostrat en l&#8217;escenari: \u201cla banda ha oferit un concert de qualitat excepcional, abordant una obra lliure de gran complexitat. Vull traslladar les meues felicitacions m\u00e9s sinceres a tots i totes les m\u00fasiques, aix\u00ed com al seu director, Javier Engu\u00eddanos Morato, per haver portat a l&#8217;agrupaci\u00f3 a aquesta cota d&#8217;excel\u00b7l\u00e8ncia\u201d.<\/p>\n\n\n\n<p class=\"wp-block-paragraph\">Aix\u00ed mateix, l&#8217;edil va fer extensible el seu reconeixement al conjunt de l&#8217;entitat i va reiterar el suport institucional, traslladant la seua enhorabona \u201ca tota l&#8217;Associaci\u00f3 per aquest resultat que premia l&#8217;esfor\u00e7 realitzat. Sens dubte, aix\u00f2 ser\u00e0 un esper\u00f3 per a seguir avant amb m\u00e9s for\u00e7a. Moltes gr\u00e0cies; sabeu que podeu comptar amb nosaltres\u201d.<\/p>\n\n\n\n<p class=\"wp-block-paragraph\"><strong>Sobre \u00abLlegendes del Bosc\u00bb, d&#8217;Enrique C\u00e1rcel Villalba<\/strong><\/p>\n\n\n\n<p class=\"wp-block-paragraph\">L&#8217;obra Llegendes del Bosc, d&#8217;Enrique C\u00e1rcel Villalba, s&#8217;estructura en tres temps que articulen un viatge musical a trav\u00e9s d&#8217;un entorn replet de vida i m\u00e0gia, en el qual se succeeixen tres hist\u00f2ries distintes. El primer moviment, \u00abEl despertar de les \u00e0nimes\u00bb (Adagi-Errant-Adagi), posseeix un car\u00e0cter legato que posa a prova la sonoritat i l&#8217;equilibri de la banda mitjan\u00e7ant un acurat treball de matisos i plans sonors; la seua m\u00fasica evoca l&#8217;alba d&#8217;un nou dia en un bosc misteri\u00f3s. A continuaci\u00f3, el segon temps, \u00abCriatures fant\u00e0stiques\u00bb (Allegro-Moderato-Allegro), adopta un aire lleuger i \u00e0gil en combinar staccato i legato en una mateixa frase, retratant amb dinamisme la desfilada d&#8217;un singular conjunt d&#8217;\u00e9ssers pel fullatge.<\/p>\n\n\n\n<p class=\"wp-block-paragraph\">Finalment, el tercer moviment, \u00abEl regne ocult\u00bb (Allegro Moderato-Adagi-Allegro-Errant-Adagi), condueix a la resoluci\u00f3 de l&#8217;obra en representar el descobriment d&#8217;una civilitzaci\u00f3 oculta en les entranyes del bosc. Aquesta secci\u00f3 evoluciona des d&#8217;una obertura expressiva i horitzontal \u2014protagonitzada per emotives melodies a solo\u2014 cap a un car\u00e0cter molt m\u00e9s accentuat i vertical, per a culminar de manera org\u00e0nica en la reexposici\u00f3 del primer moviment i una coda final.<\/p>\n\n\n\n<p class=\"wp-block-paragraph\"><strong>Palmar\u00e9s de la Secci\u00f3 Segona<\/strong><\/p>\n\n\n\n<p class=\"wp-block-paragraph\">El palmar\u00e9s de la secci\u00f3 segona va quedar conformat d&#8217;aquesta manera: Primer Premi i Menci\u00f3 d&#8217;honor: Societat Musical Santa Cecilia de Xelva (Val\u00e8ncia), amb 215,5 punts. Primer Premi: Banda de M\u00fasica La Lira de Xest (Val\u00e8ncia), amb 210 punts; Studenten Harmonie Orkest Twente (Pa\u00efsos Baixos), amb 207 punts; i Associaci\u00f3 Banda Simf\u00f2nica de Reus (Tarragona), amb 201 punts. El segon Premi va correspondre a la Va unir Musical de Paiporta (Val\u00e8ncia), amb 183 punts, i Societat Musical de Ceheg\u00edn (M\u00farcia), amb 177,5 punts.<\/p>\n","protected":false},"excerpt":{"rendered":"<div class=\"mh-excerpt\">L&#8217;Ajuntament de Xest transmet la seua felicitaci\u00f3 a la Banda Simf\u00f2nica La Lira de Xest pel primer premi de la Secci\u00f3 Segona del Certamen Internacional de Bandes de M\u00fasica Ciutat de Val\u00e8ncia, l&#8217;actuaci\u00f3 de la <a class=\"mh-excerpt-more\" href=\"https:\/\/tucomarca.whitekongsoftware.com\/ca\/lajuntament-de-xest-felicita-la-lira-pel-seu-primer-premi-en-el-certamen-internacional-de-bandes-de-valencia\/\" title=\"L&#8217;Ajuntament de Xest felicita &#8220;La Lira&#8221; pel seu primer premi en el Certamen Internacional de Bandes de Val\u00e8ncia\">[+] <\/a><\/div>\n","protected":false},"author":12,"featured_media":308467,"comment_status":"closed","ping_status":"open","sticky":false,"template":"","format":"image","meta":{"footnotes":""},"categories":[11005,10898,10894,10912,11007,10896,10974],"tags":[17504,11071,10914],"class_list":["post-308473","post","type-post","status-publish","format-image","has-post-thumbnail","category-canal-musica","category-ventana-ca","category-la-comarca-ca","category-la-hoya-ca","category-ocio-y-cultura-ca","category-seccion-ca","category-cheste-ca","tag-am-la-lira-de-cheste-ca","tag-cheste","tag-la-hoya-de-bunol-chiva-ca","post_format-post-format-image"],"_links":{"self":[{"href":"https:\/\/tucomarca.whitekongsoftware.com\/ca\/wp-json\/wp\/v2\/posts\/308473","targetHints":{"allow":["GET"]}}],"collection":[{"href":"https:\/\/tucomarca.whitekongsoftware.com\/ca\/wp-json\/wp\/v2\/posts"}],"about":[{"href":"https:\/\/tucomarca.whitekongsoftware.com\/ca\/wp-json\/wp\/v2\/types\/post"}],"author":[{"embeddable":true,"href":"https:\/\/tucomarca.whitekongsoftware.com\/ca\/wp-json\/wp\/v2\/users\/12"}],"replies":[{"embeddable":true,"href":"https:\/\/tucomarca.whitekongsoftware.com\/ca\/wp-json\/wp\/v2\/comments?post=308473"}],"version-history":[{"count":2,"href":"https:\/\/tucomarca.whitekongsoftware.com\/ca\/wp-json\/wp\/v2\/posts\/308473\/revisions"}],"predecessor-version":[{"id":308487,"href":"https:\/\/tucomarca.whitekongsoftware.com\/ca\/wp-json\/wp\/v2\/posts\/308473\/revisions\/308487"}],"wp:featuredmedia":[{"embeddable":true,"href":"https:\/\/tucomarca.whitekongsoftware.com\/ca\/wp-json\/wp\/v2\/media\/308467"}],"wp:attachment":[{"href":"https:\/\/tucomarca.whitekongsoftware.com\/ca\/wp-json\/wp\/v2\/media?parent=308473"}],"wp:term":[{"taxonomy":"category","embeddable":true,"href":"https:\/\/tucomarca.whitekongsoftware.com\/ca\/wp-json\/wp\/v2\/categories?post=308473"},{"taxonomy":"post_tag","embeddable":true,"href":"https:\/\/tucomarca.whitekongsoftware.com\/ca\/wp-json\/wp\/v2\/tags?post=308473"}],"curies":[{"name":"wp","href":"https:\/\/api.w.org\/{rel}","templated":true}]}}