{"id":308445,"date":"2026-07-21T10:00:00","date_gmt":"2026-07-21T08:00:00","guid":{"rendered":"https:\/\/www.tucomarca.com\/wordpress\/segunda\/?p=308445"},"modified":"2026-07-21T20:49:09","modified_gmt":"2026-07-21T18:49:09","slug":"lartistica-big-band-plena-de-ritme-lauditori-de-sant-lluis-dins-de-la-biennal-de-musica-de-bunyol","status":"publish","type":"post","link":"https:\/\/tucomarca.whitekongsoftware.com\/ca\/lartistica-big-band-plena-de-ritme-lauditori-de-sant-lluis-dins-de-la-biennal-de-musica-de-bunyol\/","title":{"rendered":"L&#8217;Art\u00edstica Big Band plena de ritme l&#8217;Auditori de Sant Llu\u00eds dins de la Biennal de M\u00fasica de Bunyol"},"content":{"rendered":"\n<p class=\"wp-block-paragraph\">La XVIII Biennal de M\u00fasica de Bunyol va continuar amb una nova cita a l&#8217;Auditori de Sant Llu\u00eds, on la La Art\u00edstica big band va oferir un concert marcat per la varietat d&#8217;estils i un repertori acuradament seleccionat pel seu director, Kako Rubio.<\/p>\n\n\n\n<p class=\"wp-block-paragraph\">El p\u00fablic va gaudir d&#8217;una actuaci\u00f3 en la qual va destacar la interpretaci\u00f3 d&#8217;I Concentrate on You, amb Paco Criado com a solista de tromb\u00f3, protagonitzant un dels moments m\u00e9s aplaudits de la vetlada gr\u00e0cies a la seua interpretaci\u00f3 de la melodia principal.<\/p>\n\n\n\n<p class=\"wp-block-paragraph\">Un altre dels instants m\u00e9s especials de la nit va ser l&#8217;estrena de Let\u2019s See, una composici\u00f3 de l&#8217;autora establida a Bunyol Isabel Latorre. L&#8217;obra pren com a inspiraci\u00f3 el tema popular La Suissa Valenciana, una pe\u00e7a profundament lligada a Bunyol i al seu entorn, la qual cosa va fer que el p\u00fablic connectara des del primer moment amb la proposta musical, demostrant con\u00e9ixer perfectament la melodia en la qual es basa la composici\u00f3.<\/p>\n\n\n\n<figure class=\"wp-block-gallery has-nested-images columns-2 is-cropped wp-block-gallery-1 is-layout-flex wp-block-gallery-is-layout-flex\">\n<figure class=\"wp-block-image size-large\"><img loading=\"lazy\" decoding=\"async\" width=\"2048\" height=\"1152\" data-id=\"308441\" src=\"https:\/\/www.tucomarca.com\/wordpress\/segunda\/wp-content\/uploads\/2026\/07\/BienalArtisticaBigBand5.jpg\" alt=\"\" class=\"wp-image-308441\" srcset=\"https:\/\/tucomarca.whitekongsoftware.com\/wp-content\/uploads\/2026\/07\/BienalArtisticaBigBand5.jpg 2048w, https:\/\/tucomarca.whitekongsoftware.com\/wp-content\/uploads\/2026\/07\/BienalArtisticaBigBand5-678x381.jpg 678w, https:\/\/tucomarca.whitekongsoftware.com\/wp-content\/uploads\/2026\/07\/BienalArtisticaBigBand5-768x432.jpg 768w, https:\/\/tucomarca.whitekongsoftware.com\/wp-content\/uploads\/2026\/07\/BienalArtisticaBigBand5-1536x864.jpg 1536w\" sizes=\"auto, (max-width: 2048px) 100vw, 2048px\" \/><\/figure>\n\n\n\n<figure class=\"wp-block-image size-large\"><img loading=\"lazy\" decoding=\"async\" width=\"2048\" height=\"1152\" data-id=\"308435\" src=\"https:\/\/www.tucomarca.com\/wordpress\/segunda\/wp-content\/uploads\/2026\/07\/BienalArtisticaBigBand1.jpg\" alt=\"\" class=\"wp-image-308435\" srcset=\"https:\/\/tucomarca.whitekongsoftware.com\/wp-content\/uploads\/2026\/07\/BienalArtisticaBigBand1.jpg 2048w, https:\/\/tucomarca.whitekongsoftware.com\/wp-content\/uploads\/2026\/07\/BienalArtisticaBigBand1-678x381.jpg 678w, https:\/\/tucomarca.whitekongsoftware.com\/wp-content\/uploads\/2026\/07\/BienalArtisticaBigBand1-768x432.jpg 768w, https:\/\/tucomarca.whitekongsoftware.com\/wp-content\/uploads\/2026\/07\/BienalArtisticaBigBand1-1536x864.jpg 1536w\" sizes=\"auto, (max-width: 2048px) 100vw, 2048px\" \/><\/figure>\n\n\n\n<figure class=\"wp-block-image size-full\"><img loading=\"lazy\" decoding=\"async\" width=\"2048\" height=\"1152\" data-id=\"308437\" src=\"https:\/\/www.tucomarca.com\/wordpress\/segunda\/wp-content\/uploads\/2026\/07\/BienalArtisticaBigBand2.jpg\" alt=\"\" class=\"wp-image-308437\" srcset=\"https:\/\/tucomarca.whitekongsoftware.com\/wp-content\/uploads\/2026\/07\/BienalArtisticaBigBand2.jpg 2048w, https:\/\/tucomarca.whitekongsoftware.com\/wp-content\/uploads\/2026\/07\/BienalArtisticaBigBand2-678x381.jpg 678w, https:\/\/tucomarca.whitekongsoftware.com\/wp-content\/uploads\/2026\/07\/BienalArtisticaBigBand2-768x432.jpg 768w, https:\/\/tucomarca.whitekongsoftware.com\/wp-content\/uploads\/2026\/07\/BienalArtisticaBigBand2-1536x864.jpg 1536w\" sizes=\"auto, (max-width: 2048px) 100vw, 2048px\" \/><\/figure>\n<\/figure>\n","protected":false},"excerpt":{"rendered":"<div class=\"mh-excerpt\">La XVIII Biennal de M\u00fasica de Bunyol va continuar amb una nova cita a l&#8217;Auditori de Sant Llu\u00eds, on la La Art\u00edstica big band va oferir un concert marcat per la varietat d&#8217;estils i un <a class=\"mh-excerpt-more\" href=\"https:\/\/tucomarca.whitekongsoftware.com\/ca\/lartistica-big-band-plena-de-ritme-lauditori-de-sant-lluis-dins-de-la-biennal-de-musica-de-bunyol\/\" title=\"L&#8217;Art\u00edstica Big Band plena de ritme l&#8217;Auditori de Sant Llu\u00eds dins de la Biennal de M\u00fasica de Bunyol\">[+] <\/a><\/div>\n","protected":false},"author":12,"featured_media":308440,"comment_status":"closed","ping_status":"open","sticky":false,"template":"","format":"gallery","meta":{"footnotes":""},"categories":[10911,11005,10894,10912,11007,10896],"tags":[10913,19321,10914,24572],"class_list":["post-308445","post","type-post","status-publish","format-gallery","has-post-thumbnail","category-bunol-ca","category-canal-musica","category-la-comarca-ca","category-la-hoya-ca","category-ocio-y-cultura-ca","category-seccion-ca","tag-bunol-ca","tag-la-artistica-big-band-ca","tag-la-hoya-de-bunol-chiva-ca","tag-xviii-bienal-de-musica-de-bunol","post_format-post-format-gallery"],"_links":{"self":[{"href":"https:\/\/tucomarca.whitekongsoftware.com\/ca\/wp-json\/wp\/v2\/posts\/308445","targetHints":{"allow":["GET"]}}],"collection":[{"href":"https:\/\/tucomarca.whitekongsoftware.com\/ca\/wp-json\/wp\/v2\/posts"}],"about":[{"href":"https:\/\/tucomarca.whitekongsoftware.com\/ca\/wp-json\/wp\/v2\/types\/post"}],"author":[{"embeddable":true,"href":"https:\/\/tucomarca.whitekongsoftware.com\/ca\/wp-json\/wp\/v2\/users\/12"}],"replies":[{"embeddable":true,"href":"https:\/\/tucomarca.whitekongsoftware.com\/ca\/wp-json\/wp\/v2\/comments?post=308445"}],"version-history":[{"count":1,"href":"https:\/\/tucomarca.whitekongsoftware.com\/ca\/wp-json\/wp\/v2\/posts\/308445\/revisions"}],"predecessor-version":[{"id":308446,"href":"https:\/\/tucomarca.whitekongsoftware.com\/ca\/wp-json\/wp\/v2\/posts\/308445\/revisions\/308446"}],"wp:featuredmedia":[{"embeddable":true,"href":"https:\/\/tucomarca.whitekongsoftware.com\/ca\/wp-json\/wp\/v2\/media\/308440"}],"wp:attachment":[{"href":"https:\/\/tucomarca.whitekongsoftware.com\/ca\/wp-json\/wp\/v2\/media?parent=308445"}],"wp:term":[{"taxonomy":"category","embeddable":true,"href":"https:\/\/tucomarca.whitekongsoftware.com\/ca\/wp-json\/wp\/v2\/categories?post=308445"},{"taxonomy":"post_tag","embeddable":true,"href":"https:\/\/tucomarca.whitekongsoftware.com\/ca\/wp-json\/wp\/v2\/tags?post=308445"}],"curies":[{"name":"wp","href":"https:\/\/api.w.org\/{rel}","templated":true}]}}