{"id":308369,"date":"2026-07-20T11:00:00","date_gmt":"2026-07-20T09:00:00","guid":{"rendered":"https:\/\/www.tucomarca.com\/wordpress\/segunda\/?p=308369"},"modified":"2026-07-20T15:10:45","modified_gmt":"2026-07-20T13:10:45","slug":"martinez-mus-remarca-que-la-nova-planta-de-residus-voluminosos-de-guadassuar-sera-la-major-despanya-i-un-referent-en-economia-circular","status":"publish","type":"post","link":"https:\/\/tucomarca.whitekongsoftware.com\/ca\/martinez-mus-remarca-que-la-nova-planta-de-residus-voluminosos-de-guadassuar-sera-la-major-despanya-i-un-referent-en-economia-circular\/","title":{"rendered":"Mart\u00ednez Mus remarca que la nova planta de residus voluminosos de Guadassuar ser\u00e0 la major d&#8217;Espanya i un referent en economia circular"},"content":{"rendered":"\n<h3 class=\"wp-block-heading\">El vicepresident visita la finalitzaci\u00f3 de les obres de la primera fase d&#8217;una instal\u00b7laci\u00f3 que ha suposat una inversi\u00f3 de m\u00e9s de 12 milions d&#8217;euros i incorpora millores de seguretat enfront d&#8217;incendis.<\/h3>\n\n\n\n<h3 class=\"wp-block-heading\">El centre augmentar\u00e0 la capacitat de tractament de mobles, matalassos i estris, aix\u00ed com de recuperar materials i reduir els residus que acaben en l&#8217;abocador.<\/h3>\n\n\n\n<p class=\"wp-block-paragraph\">El vicepresident tercer i conseller de Medi Ambient, Infraestructures, Territori i de la Recuperaci\u00f3, Vicente Mart\u00ednez Mus, ha visitat el nou Centre de Tractament de Residus Voluminosos de Guadassuar una vegada han finalitzat les obres de la primera fase d&#8217;una infraestructura que, segons ha destacat, &#8220;situa a la Comunitat Valenciana a l&#8217;avantguarda de l&#8217;economia circular i de la recuperaci\u00f3 de materials&#8221; a l&#8217;\u00e9sser la major planta d&#8217;aquestes caracter\u00edstiques d&#8217;Espanya.<\/p>\n\n\n\n<p class=\"wp-block-paragraph\">Durant la visita, en la qual ha estat acompanyat pel president de la Diputaci\u00f3 de Val\u00e8ncia, Vicent Momp\u00f3; el president del Consorci Ribera i Valldigna, Vicente Estuch, i representants dels 51 municipis consorciats, Mart\u00ednez Mus ha assenyalat que &#8220;invertim per a enterrar menys i recuperar m\u00e9s&#8221;, al mateix temps que ha subratllat que aquesta actuaci\u00f3 reflecteix &#8220;el canvi de model que impulsa la Generalitat per a aprofitar al m\u00e0xim els recursos abans que acaben en un abocador&#8221;.<\/p>\n\n\n\n<p class=\"wp-block-paragraph\">La nova instal\u00b7laci\u00f3, situada en el Complex de Valoritzaci\u00f3 de Residus de Guadassuar, ocupa 9.000 metres quadrats i permetr\u00e0 incrementar la capacitat de tractament de mobles, estris i matalassos procedents de la xarxa d&#8217;ecoparcs i dels serveis municipals de recollida. A m\u00e9s de millorar la recuperaci\u00f3 de subproductes mitjan\u00e7ant maquin\u00e0ria especialitzada d&#8217;\u00faltima generaci\u00f3, incorpora processos per a recuperar residus complets i afavorir la seua reutilitzaci\u00f3.<\/p>\n\n\n\n<p class=\"wp-block-paragraph\">Els residus voluminosos representen ja al voltant de l&#8217;11% dels residus dom\u00e8stics, per la qual cosa, segons ha assenyalat Mart\u00ednez Mus, &#8220;ja no parlem d&#8217;una fracci\u00f3 residual, sin\u00f3 d&#8217;un flux estrat\u00e8gic per a avan\u00e7ar cap a una economia m\u00e9s circular&#8221;. El conseller ha explicat que les previsions inicials apuntaven a menys de 2.000 tones anuals, mentre que en l&#8217;actualitat es gestionen prop de 17.000 tones, &#8220;una realitat que feia necess\u00e0ria una infraestructura adaptada a les necessitats actuals&#8221;.<\/p>\n\n\n\n<p class=\"wp-block-paragraph\">Aix\u00ed mateix, l&#8217;actuaci\u00f3 incorpora nous boxs de seguretat destinats a a\u00efllar i tractar els residus amb major risc d&#8217;incendi, especialment bateries de liti i altres materials perillosos, refor\u00e7ant la protecci\u00f3 de les instal\u00b7lacions i millorant la seguretat de tot el proc\u00e9s de tractament.<\/p>\n\n\n\n<p class=\"wp-block-paragraph\">Amb aquesta actuaci\u00f3, el vicepresident ha incidit en qu\u00e8 els residus \u201cdeixen de ser un problema per a convertir-se en una oportunitat&#8221;, ja que la nova planta permetr\u00e0 separar materials com a fusta, t\u00e8xtils, espumes, metalls i pl\u00e0stics per a donar-los una segona vida, reduint el consum de recursos naturals i les emissions associades.<\/p>\n\n\n\n<p class=\"wp-block-paragraph\">El centre ha suposat una inversi\u00f3 de 12.176.587 euros, finan\u00e7ada en un 77% per la Generalitat mitjan\u00e7ant fons europeus Next Generation EU. Aix\u00ed mateix, Mart\u00ednez Mus ha avan\u00e7at que ja est\u00e0 en marxa una segona fase, dotada amb una inversi\u00f3 addicional de 5,8 milions d&#8217;euros que finalitzar\u00e0 a la fi d&#8217;any, quan es podr\u00e0 ja posar en marxa el conjunt de les noves instal\u00b7lacions.<\/p>\n\n\n\n<p class=\"wp-block-paragraph\">En aquest sentit, Mart\u00ednez Mus ha afirmat que &#8220;la Comunitat Valenciana demostra que \u00e9s possible liderar la gesti\u00f3 de residus des de la innovaci\u00f3, l&#8217;efici\u00e8ncia i la sostenibilitat&#8221;, i ha destacat que les inversions impulsades per la Generalitat permeten consolidar infraestructures capaces d&#8217;incrementar la recuperaci\u00f3 de materials i avan\u00e7ar cap a un model d&#8217;economia circular.<\/p>\n\n\n\n<p class=\"wp-block-paragraph\"><strong>Complex de refer\u00e8ncia<\/strong><\/p>\n\n\n\n<p class=\"wp-block-paragraph\">Amb aquesta ampliaci\u00f3, el Complex de Valoritzaci\u00f3 de Residus de Guadassuar aconsegueix una superf\u00edcie de 83.400 metres quadrats i es consolida com una de les majors instal\u00b7lacions de gesti\u00f3, valoritzaci\u00f3 i preparaci\u00f3 per a la reutilitzaci\u00f3 de residus d&#8217;Espanya.<\/p>\n\n\n\n<p class=\"wp-block-paragraph\">El complex integra un ecoparc educatiu, una planta de tractament amb passarel\u00b7la per a visites, una instal\u00b7laci\u00f3 de compostatge de la fracci\u00f3 org\u00e0nica arreplegada selectivament, un abocador restaurat ambientalment i el nou centre de tractament de residus voluminosos, refor\u00e7ant el comprom\u00eds del Consorci Ribera i Valldigna amb un model de gesti\u00f3 basat en l&#8217;economia circular i el m\u00e0xim aprofitament dels recursos.<\/p>\n\n\n\n<p class=\"wp-block-paragraph\">El president de la Diputaci\u00f3 de Val\u00e8ncia, Vicent Momp\u00f3, ha destacat que la nova infraestructura \u201cpermetr\u00e0 millorar la gesti\u00f3 d&#8217;una fracci\u00f3 que ja representa l&#8217;11% dels residus dom\u00e8stics tractats en el Complex de Valoritzaci\u00f3 de Guadassuar\u201d. Aix\u00ed mateix, ha assenyalat que el nou centre incrementar\u00e0 la recuperaci\u00f3 i la preparaci\u00f3 per a la reutilitzaci\u00f3 d&#8217;aquests materials.<\/p>\n\n\n\n<p class=\"wp-block-paragraph\">Per part seua, el president del Consorci Ribera i Valldigna, Vicent Estruch, ha explicat que la nova planta donar\u00e0 resposta al tractament de les prop de \u201c17.000 tones anuals\u201d de residus voluminosos que gestiona el Consorci i avan\u00e7ar \u201ccap als objectius de recuperaci\u00f3 fixats per la Uni\u00f3 Europea\u201d.<\/p>\n","protected":false},"excerpt":{"rendered":"<div class=\"mh-excerpt\">El vicepresident visita la finalitzaci\u00f3 de les obres de la primera fase d&#8217;una instal\u00b7laci\u00f3 que ha suposat una inversi\u00f3 de m\u00e9s de 12 milions d&#8217;euros i incorpora millores de seguretat enfront d&#8217;incendis. El centre augmentar\u00e0 <a class=\"mh-excerpt-more\" href=\"https:\/\/tucomarca.whitekongsoftware.com\/ca\/martinez-mus-remarca-que-la-nova-planta-de-residus-voluminosos-de-guadassuar-sera-la-major-despanya-i-un-referent-en-economia-circular\/\" title=\"Mart\u00ednez Mus remarca que la nova planta de residus voluminosos de Guadassuar ser\u00e0 la major d&#8217;Espanya i un referent en economia circular\">[+] <\/a><\/div>\n","protected":false},"author":13,"featured_media":308367,"comment_status":"closed","ping_status":"open","sticky":false,"template":"","format":"standard","meta":{"footnotes":""},"categories":[10898,10994,10948,10894,10904,10902,10903,10947,10896],"tags":[11342,12903,11199,11077],"class_list":["post-308369","post","type-post","status-publish","format-standard","has-post-thumbnail","category-ventana-ca","category-guadassuar-ca","category-infraestructuras-ca","category-la-comarca-ca","category-sin-categorizar-ca","category-la-ribera-ca","category-medio-ambiente-la-comarca-ca","category-politica","category-seccion-ca","tag-guadassuar-ca","tag-infraestructuras-ca","tag-la-comunitat-ca","tag-la-ribera-alta-ca"],"_links":{"self":[{"href":"https:\/\/tucomarca.whitekongsoftware.com\/ca\/wp-json\/wp\/v2\/posts\/308369","targetHints":{"allow":["GET"]}}],"collection":[{"href":"https:\/\/tucomarca.whitekongsoftware.com\/ca\/wp-json\/wp\/v2\/posts"}],"about":[{"href":"https:\/\/tucomarca.whitekongsoftware.com\/ca\/wp-json\/wp\/v2\/types\/post"}],"author":[{"embeddable":true,"href":"https:\/\/tucomarca.whitekongsoftware.com\/ca\/wp-json\/wp\/v2\/users\/13"}],"replies":[{"embeddable":true,"href":"https:\/\/tucomarca.whitekongsoftware.com\/ca\/wp-json\/wp\/v2\/comments?post=308369"}],"version-history":[{"count":1,"href":"https:\/\/tucomarca.whitekongsoftware.com\/ca\/wp-json\/wp\/v2\/posts\/308369\/revisions"}],"predecessor-version":[{"id":308376,"href":"https:\/\/tucomarca.whitekongsoftware.com\/ca\/wp-json\/wp\/v2\/posts\/308369\/revisions\/308376"}],"wp:featuredmedia":[{"embeddable":true,"href":"https:\/\/tucomarca.whitekongsoftware.com\/ca\/wp-json\/wp\/v2\/media\/308367"}],"wp:attachment":[{"href":"https:\/\/tucomarca.whitekongsoftware.com\/ca\/wp-json\/wp\/v2\/media?parent=308369"}],"wp:term":[{"taxonomy":"category","embeddable":true,"href":"https:\/\/tucomarca.whitekongsoftware.com\/ca\/wp-json\/wp\/v2\/categories?post=308369"},{"taxonomy":"post_tag","embeddable":true,"href":"https:\/\/tucomarca.whitekongsoftware.com\/ca\/wp-json\/wp\/v2\/tags?post=308369"}],"curies":[{"name":"wp","href":"https:\/\/api.w.org\/{rel}","templated":true}]}}