{"id":308358,"date":"2026-07-20T11:30:00","date_gmt":"2026-07-20T09:30:00","guid":{"rendered":"https:\/\/www.tucomarca.com\/wordpress\/segunda\/?p=308358"},"modified":"2026-07-20T15:41:31","modified_gmt":"2026-07-20T13:41:31","slug":"el-seprona-intensifica-els-seus-esforcos-contra-els-incendis-forestals","status":"publish","type":"post","link":"https:\/\/tucomarca.whitekongsoftware.com\/ca\/el-seprona-intensifica-els-seus-esforcos-contra-els-incendis-forestals\/","title":{"rendered":"El Seprona intensifica els seus esfor\u00e7os contra els incendis forestals"},"content":{"rendered":"\n<h3 class=\"wp-block-heading\">Un total d&#8217;18 termes municipals de cinc comarques valencianes han comptat amb la pres\u00e8ncia dels agents en una de les setmanes m\u00e9s cr\u00edtiques de l&#8217;any.<\/h3>\n\n\n\n<p class=\"wp-block-paragraph\">La Gu\u00e0rdia Civil ha desenvolupat les primeres jornades de prevenci\u00f3 d&#8217;incendis forestals en 18 termes municipals de diferents comarques de Val\u00e8ncia (Canal de Navarr\u00e9s, Vall de Cofrents, la Costanera, Vall d\u2019Albaida i la Ribera Alta).&nbsp;<\/p>\n\n\n\n<p class=\"wp-block-paragraph\">La setmana del 6 al 10 de juliol, els agents del Seprona van desenvolupar la primera jornada de prevenci\u00f3 d&#8217;incendis forestals en termes municipals pertanyents a cinc comarques amb l&#8217;objectiu d&#8217;evitar l&#8217;aparici\u00f3 de possibles incendis en una de les setmanes m\u00e9s cr\u00edtiques a causa de la declaraci\u00f3 per part de la Generalitat Valenciana del nivell de preemerg\u00e8ncia 3 del Pla Especial enfront del Risc d&#8217;Incendis Forestals de la Comunitat Valenciana.&nbsp;<\/p>\n\n\n\n<p class=\"wp-block-paragraph\">La declaraci\u00f3 d&#8217;aquest nivell de preemerg\u00e8ncia 3 suposa una s\u00e8rie de prohibicions d&#8217;obligat compliment en terrenys forestals, entre les quals cal destacar: prohibici\u00f3 de tr\u00e0nsit de persones per senderes i camp a trav\u00e9s, suspensi\u00f3 d&#8217;obres i treballs en terrenys forestals o voltants o la prohibici\u00f3 d&#8217;encendre qualsevol tipus de foc en terrenys forestals i en la zona d&#8217;influ\u00e8ncia forestal (500 metres).&nbsp;<\/p>\n\n\n\n<p class=\"wp-block-paragraph\">Els agents han realitzat un total de 11.286 quil\u00f2metres amb motocicleta en els 18 termes municipals, amb una mitjana de 500 quil\u00f2metres de vigil\u00e0ncia en massa forestal per cada agent en el transcurs de les jornades.&nbsp;<\/p>\n\n\n\n<p class=\"wp-block-paragraph\">A m\u00e9s, es va consolidar la cooperaci\u00f3 entre les administracions locals dels diferents municipis i el Seprona i es va aconseguir l&#8217;objectiu: zero incendis forestals en una de les setmanes m\u00e9s cr\u00edtiques de l&#8217;any.&nbsp;<\/p>\n\n\n\n<p class=\"wp-block-paragraph\">La investigaci\u00f3 ha sigut duta a terme per agents del Servei de Protecci\u00f3 de la Naturalesa de la Comand\u00e0ncia de Val\u00e8ncia.<\/p>\n","protected":false},"excerpt":{"rendered":"<div class=\"mh-excerpt\">Un total d&#8217;18 termes municipals de cinc comarques valencianes han comptat amb la pres\u00e8ncia dels agents en una de les setmanes m\u00e9s cr\u00edtiques de l&#8217;any. La Gu\u00e0rdia Civil ha desenvolupat les primeres jornades de prevenci\u00f3 <a class=\"mh-excerpt-more\" href=\"https:\/\/tucomarca.whitekongsoftware.com\/ca\/el-seprona-intensifica-els-seus-esforcos-contra-els-incendis-forestals\/\" title=\"El Seprona intensifica els seus esfor\u00e7os contra els incendis forestals\">[+] <\/a><\/div>\n","protected":false},"author":13,"featured_media":279026,"comment_status":"closed","ping_status":"open","sticky":false,"template":"","format":"standard","meta":{"footnotes":""},"categories":[10898,10948,10894,10904,10903,10896,10897],"tags":[11199,12166],"class_list":["post-308358","post","type-post","status-publish","format-standard","has-post-thumbnail","category-ventana-ca","category-infraestructuras-ca","category-la-comarca-ca","category-sin-categorizar-ca","category-medio-ambiente-la-comarca-ca","category-seccion-ca","category-sucesos-la-comarca-ca","tag-la-comunitat-ca","tag-medio-ambiente-ca"],"_links":{"self":[{"href":"https:\/\/tucomarca.whitekongsoftware.com\/ca\/wp-json\/wp\/v2\/posts\/308358","targetHints":{"allow":["GET"]}}],"collection":[{"href":"https:\/\/tucomarca.whitekongsoftware.com\/ca\/wp-json\/wp\/v2\/posts"}],"about":[{"href":"https:\/\/tucomarca.whitekongsoftware.com\/ca\/wp-json\/wp\/v2\/types\/post"}],"author":[{"embeddable":true,"href":"https:\/\/tucomarca.whitekongsoftware.com\/ca\/wp-json\/wp\/v2\/users\/13"}],"replies":[{"embeddable":true,"href":"https:\/\/tucomarca.whitekongsoftware.com\/ca\/wp-json\/wp\/v2\/comments?post=308358"}],"version-history":[{"count":2,"href":"https:\/\/tucomarca.whitekongsoftware.com\/ca\/wp-json\/wp\/v2\/posts\/308358\/revisions"}],"predecessor-version":[{"id":308394,"href":"https:\/\/tucomarca.whitekongsoftware.com\/ca\/wp-json\/wp\/v2\/posts\/308358\/revisions\/308394"}],"wp:featuredmedia":[{"embeddable":true,"href":"https:\/\/tucomarca.whitekongsoftware.com\/ca\/wp-json\/wp\/v2\/media\/279026"}],"wp:attachment":[{"href":"https:\/\/tucomarca.whitekongsoftware.com\/ca\/wp-json\/wp\/v2\/media?parent=308358"}],"wp:term":[{"taxonomy":"category","embeddable":true,"href":"https:\/\/tucomarca.whitekongsoftware.com\/ca\/wp-json\/wp\/v2\/categories?post=308358"},{"taxonomy":"post_tag","embeddable":true,"href":"https:\/\/tucomarca.whitekongsoftware.com\/ca\/wp-json\/wp\/v2\/tags?post=308358"}],"curies":[{"name":"wp","href":"https:\/\/api.w.org\/{rel}","templated":true}]}}