{"id":308351,"date":"2026-07-18T10:00:00","date_gmt":"2026-07-18T08:00:00","guid":{"rendered":"https:\/\/www.tucomarca.com\/wordpress\/segunda\/?p=308351"},"modified":"2026-07-20T13:32:48","modified_gmt":"2026-07-20T11:32:48","slug":"la-generalitat-registra-16-139-matricules-per-a-participar-en-les-proves-dels-nivells-b2-c1-i-c2-de-la-junta-qualificadora-de-coneixements-de-valencia-en-2026","status":"publish","type":"post","link":"https:\/\/tucomarca.whitekongsoftware.com\/ca\/la-generalitat-registra-16-139-matricules-per-a-participar-en-les-proves-dels-nivells-b2-c1-i-c2-de-la-junta-qualificadora-de-coneixements-de-valencia-en-2026\/","title":{"rendered":"La Generalitat registra 16.139 matr\u00edcules per a participar en les proves dels nivells B2, C1 i C2 de la Junta Qualificadora de Coneixements de Valenci\u00e0 en 2026"},"content":{"rendered":"\n<h3 class=\"wp-block-heading\">Les xifres mostren la demanda existent en els nivells avan\u00e7ats i reforcen el paper de la JQCV com a organisme de refer\u00e8ncia per a l\u2019acreditaci\u00f3 oficial de la compet\u00e8ncia ling\u00fc\u00edstica en valenci\u00e0.<\/h3>\n\n\n\n<h3 class=\"wp-block-heading\">El 83 % de les persones participants en les proves de Llenguatges Espec\u00edfics han obtingut la qualificaci\u00f3 d\u2019apte.<\/h3>\n\n\n\n<p class=\"wp-block-paragraph\">La Vicepresid\u00e8ncia Segona i Conselleria de Presid\u00e8ncia ha registrat un total de 16.139 matr\u00edcules per a participar en les proves per a l\u2019obtenci\u00f3 del certificat dels nivells B2, C1 i C2 organitzades per la Junta Qualificadora de Coneixents de Valenci\u00e0 (JQCV) en el marc de la convocat\u00f2ria de l\u2019any 2026.<br><br>Del total, el C1 concentra el nombre m\u00e9s alt d\u2019inscripcions, amb 8.445 matr\u00edcules; el seguix el C2, amb 6.081, i el B2, amb 1.613 persones inscrites per a participar en les proves.<br><br>El director general de Pol\u00edtica Ling\u00fc\u00edstica, Vicent Satorres, ha destacat que estes xifres \u201cevidencien la demanda existent en els nivells avan\u00e7ats de coneixements de valenci\u00e0 i reforcen el paper de la JQCV com a organisme de refer\u00e8ncia per a l\u2019acreditaci\u00f3 oficial de la compet\u00e8ncia ling\u00fc\u00edstica\u201d.<\/p>\n\n\n\n<p class=\"wp-block-paragraph\">Les proves es realitzaran en dos jornades: els ex\u00e0mens de la part escrita tindran &nbsp;lloc el 3 d&#8217;octubre, a les 9:00 hores per al nivell C1 i &nbsp;a les 16:00 hores per als nivells B2 i C2. En estes proves s&#8217;avaluaran les \u00e0rees de comprensi\u00f3 oral, comprensi\u00f3 escrita, estructures ling\u00fc\u00edstiques i expressi\u00f3 i interacci\u00f3 escrites.<br><br>La segona jornada de les proves es realitzar\u00e0 el dia 24 d&#8217;octubre les dels nivell B2 i C2 i el 17 d\u2019octubre les del C1, en horari de mat\u00ed o vesprada segons la seu. En esta s&#8217;avaluar\u00e0 l&#8217;\u00e0rea d&#8217;expressi\u00f3 i interacci\u00f3 orals. Els aspirants podran consultar l&#8217;hora de convocat\u00f2ria per a realitzar l&#8217;\u00e0rea d&#8217;expressi\u00f3 i interacci\u00f3 orals en la web de la JQCV amb anterioritat a la prova.<br><br>Les proves es faran en 24 localitats de la Comunitat Valenciana: Alacant, Alcoi, Alzira, Benidorm, Bu\u00f1ol, Borriana, Castell\u00f3 de la Plana, D\u00e9nia, Elda, Elx, Gandia, Ll\u00edria, Ontinyent, Orihuela, Paterna, Sagunt, Segorbe, Sueca, Torrent, Val\u00e8ncia, la Vall d&#8217;Uix\u00f3, Villena, Vinar\u00f2s i X\u00e0tiva.<br><br><strong>62,5% de participaci\u00f3 en les proves espec\u00edfiques<\/strong><br><br>Per altra banda, la Generalitat ha registrat una participaci\u00f3 del 62,50 % en les proves de llenguatges espec\u00edfics organitzades per la Junta Qualificadora de Coneixements de Valenci\u00e0 (JQCV), amb 130 persones presentades de les 208 matriculades. D\u2019este total, 107 persones (el 83 %) han obtingut la qualificaci\u00f3 d\u2019apte.<br><br>Les dades mostren una participaci\u00f3 especialment elevada en la prova de mitjans de comunicaci\u00f3, a la qual s\u2019han presentat 19 de les 27 persones matriculades, un 70,37 %. En correcci\u00f3 de textos han fet la prova 18 de les 28 persones inscrites, un 64,29 %, mentres que en llenguatge administratiu s\u2019han presentat 93 de les 153 matriculades, un 60,78 %.<br><br>Vicent Satorres ha assenyalat que estos resultats reflectixen l\u2019inter\u00e9s per acreditar compet\u00e8ncies vinculades a l\u2019\u00fas professional del valenci\u00e0 en \u00e0mbits com l\u2019administraci\u00f3, la correcci\u00f3 ling\u00fc\u00edstica i els mitjans de comunicaci\u00f3.<\/p>\n\n\n\n<p class=\"wp-block-paragraph\">La Direcci\u00f3 General de Pol\u00edtica Ling\u00fc\u00edstica continuar\u00e0 treballant per a garantir unes proves rigoroses, transparents i adaptades al Marc europeu com\u00fa de refer\u00e8ncia per a les lleng\u00fces, i per a facilitar a la ciutadania l\u2019acc\u00e9s a la certificaci\u00f3 oficial del valenci\u00e0.<\/p>\n","protected":false},"excerpt":{"rendered":"<div class=\"mh-excerpt\">Les xifres mostren la demanda existent en els nivells avan\u00e7ats i reforcen el paper de la JQCV com a organisme de refer\u00e8ncia per a l\u2019acreditaci\u00f3 oficial de la compet\u00e8ncia ling\u00fc\u00edstica en valenci\u00e0. El 83 % <a class=\"mh-excerpt-more\" href=\"https:\/\/tucomarca.whitekongsoftware.com\/ca\/la-generalitat-registra-16-139-matricules-per-a-participar-en-les-proves-dels-nivells-b2-c1-i-c2-de-la-junta-qualificadora-de-coneixements-de-valencia-en-2026\/\" title=\"La Generalitat registra 16.139 matr\u00edcules per a participar en les proves dels nivells B2, C1 i C2 de la Junta Qualificadora de Coneixements de Valenci\u00e0 en 2026\">[+] <\/a><\/div>\n","protected":false},"author":13,"featured_media":304749,"comment_status":"closed","ping_status":"open","sticky":false,"template":"","format":"standard","meta":{"footnotes":""},"categories":[10898,10948,10894,10904,10947,10896],"tags":[12114,24680,11199],"class_list":["post-308351","post","type-post","status-publish","format-standard","has-post-thumbnail","category-ventana-ca","category-infraestructuras-ca","category-la-comarca-ca","category-sin-categorizar-ca","category-politica","category-seccion-ca","tag-educacion-ca","tag-idiomas","tag-la-comunitat-ca"],"_links":{"self":[{"href":"https:\/\/tucomarca.whitekongsoftware.com\/ca\/wp-json\/wp\/v2\/posts\/308351","targetHints":{"allow":["GET"]}}],"collection":[{"href":"https:\/\/tucomarca.whitekongsoftware.com\/ca\/wp-json\/wp\/v2\/posts"}],"about":[{"href":"https:\/\/tucomarca.whitekongsoftware.com\/ca\/wp-json\/wp\/v2\/types\/post"}],"author":[{"embeddable":true,"href":"https:\/\/tucomarca.whitekongsoftware.com\/ca\/wp-json\/wp\/v2\/users\/13"}],"replies":[{"embeddable":true,"href":"https:\/\/tucomarca.whitekongsoftware.com\/ca\/wp-json\/wp\/v2\/comments?post=308351"}],"version-history":[{"count":1,"href":"https:\/\/tucomarca.whitekongsoftware.com\/ca\/wp-json\/wp\/v2\/posts\/308351\/revisions"}],"predecessor-version":[{"id":308354,"href":"https:\/\/tucomarca.whitekongsoftware.com\/ca\/wp-json\/wp\/v2\/posts\/308351\/revisions\/308354"}],"wp:featuredmedia":[{"embeddable":true,"href":"https:\/\/tucomarca.whitekongsoftware.com\/ca\/wp-json\/wp\/v2\/media\/304749"}],"wp:attachment":[{"href":"https:\/\/tucomarca.whitekongsoftware.com\/ca\/wp-json\/wp\/v2\/media?parent=308351"}],"wp:term":[{"taxonomy":"category","embeddable":true,"href":"https:\/\/tucomarca.whitekongsoftware.com\/ca\/wp-json\/wp\/v2\/categories?post=308351"},{"taxonomy":"post_tag","embeddable":true,"href":"https:\/\/tucomarca.whitekongsoftware.com\/ca\/wp-json\/wp\/v2\/tags?post=308351"}],"curies":[{"name":"wp","href":"https:\/\/api.w.org\/{rel}","templated":true}]}}