{"id":308323,"date":"2026-07-18T13:15:00","date_gmt":"2026-07-18T11:15:00","guid":{"rendered":"https:\/\/www.tucomarca.com\/wordpress\/segunda\/?p=308323"},"modified":"2026-07-20T13:36:51","modified_gmt":"2026-07-20T11:36:51","slug":"la-generalitat-mostra-el-seu-suport-a-la-seleccio-espanyola-de-futbol-amb-la-illuminacio-del-palau-i-de-la-xarxa-publica-de-transport-amb-els-colors-de-la-bandera-despanya","status":"publish","type":"post","link":"https:\/\/tucomarca.whitekongsoftware.com\/ca\/la-generalitat-mostra-el-seu-suport-a-la-seleccio-espanyola-de-futbol-amb-la-illuminacio-del-palau-i-de-la-xarxa-publica-de-transport-amb-els-colors-de-la-bandera-despanya\/","title":{"rendered":"La Generalitat mostra el seu suport a la selecci\u00f3 espanyola de futbol amb la il\u00b7luminaci\u00f3 del Palau i de la xarxa p\u00fablica de transport amb els colors de la bandera d&#8217;Espanya"},"content":{"rendered":"\n<h3 class=\"wp-block-heading\">Les principals estacions de Metrovalencia i del TRAM d\u2019Alacant se sumen a aquesta iniciativa, que romandr\u00e0 activa durant les nits del divendres, dissabte i diumenge.<\/h3>\n\n\n\n<p class=\"wp-block-paragraph\">La Generalitat il\u00b7luminar\u00e0 aquest cap de setmana el Palau amb els colors de la bandera d&#8217;Espanya per a mostrar el seu suport a la selecci\u00f3 espanyola de futbol amb motiu de la final del Mundial 2026, que es disputa als Estats Units.<\/p>\n\n\n\n<p class=\"wp-block-paragraph\">Amb aquesta iniciativa, el Consell vol compartir amb la ciutadania la il\u00b7lusi\u00f3 generada per la selecci\u00f3 de f\u00fabol i traslladar-li els seus millors desitjos davant una de les cites esportives m\u00e9s importants del panorama internacional.<\/p>\n\n\n\n<p class=\"wp-block-paragraph\">La il\u00b7luminaci\u00f3 especial del Palau es concentrar\u00e0 en la part superior de les seues dues torrasses hist\u00f2rics. Aix\u00ed, la Torre Nova, que dona a la pla\u00e7a de Manises, i la Torre Vella, visible des de la pla\u00e7a de la Verge, lluiran una composici\u00f3 de llums en roig, groc i roig que reproduir\u00e0 la bandera espanyola per a animar als jugadors de la selecci\u00f3 que disputen la final mundialista.<\/p>\n\n\n\n<p class=\"wp-block-paragraph\">La iniciativa s&#8217;estendr\u00e0 aix\u00ed mateix a les principals estacions de Metrovalencia i del TRAM d\u2019Alacant, que tamb\u00e9 s&#8217;il\u00b7luminaran amb els colors de la bandera durant tot el cap de setmana.<\/p>\n\n\n\n<p class=\"wp-block-paragraph\">D&#8217;aquesta manera, espais emblem\u00e0tics de la Generalitat i de la xarxa p\u00fablica de transport se sumen a una acci\u00f3 simb\u00f2lica que permetr\u00e0 visibilitzar el suport de la Comunitat Valenciana a l&#8217;equip espanyol.<\/p>\n\n\n\n<p class=\"wp-block-paragraph\">Amb aquesta actuaci\u00f3, la Generalitat posa de manifest el seu comprom\u00eds amb la promoci\u00f3 dels valors associats a l&#8217;esport, com l&#8217;esfor\u00e7, la superaci\u00f3, el treball en equip i la conviv\u00e8ncia, al mateix temps que se suma al sentiment de suport i orgull compartit per milers d&#8217;aficionats que seguiran la final de la Copa Mundial de Futbol.<\/p>\n\n\n\n<figure class=\"wp-block-gallery has-nested-images columns-default is-cropped wp-block-gallery-1 is-layout-flex wp-block-gallery-is-layout-flex\">\n<figure class=\"wp-block-image size-large\"><img loading=\"lazy\" decoding=\"async\" width=\"567\" height=\"390\" data-id=\"308318\" src=\"https:\/\/www.tucomarca.com\/wordpress\/segunda\/wp-content\/uploads\/2026\/07\/GVA_IluminacionCampeones02.jpeg\" alt=\"\" class=\"wp-image-308318\" srcset=\"https:\/\/tucomarca.whitekongsoftware.com\/wp-content\/uploads\/2026\/07\/GVA_IluminacionCampeones02.jpeg 567w, https:\/\/tucomarca.whitekongsoftware.com\/wp-content\/uploads\/2026\/07\/GVA_IluminacionCampeones02-554x381.jpeg 554w\" sizes=\"auto, (max-width: 567px) 100vw, 567px\" \/><\/figure>\n\n\n\n<figure class=\"wp-block-image size-large\"><img loading=\"lazy\" decoding=\"async\" width=\"1600\" height=\"1200\" data-id=\"308316\" src=\"https:\/\/www.tucomarca.com\/wordpress\/segunda\/wp-content\/uploads\/2026\/07\/GVA_IluminacionCampeones01.jpeg\" alt=\"\" class=\"wp-image-308316\" srcset=\"https:\/\/tucomarca.whitekongsoftware.com\/wp-content\/uploads\/2026\/07\/GVA_IluminacionCampeones01.jpeg 1600w, https:\/\/tucomarca.whitekongsoftware.com\/wp-content\/uploads\/2026\/07\/GVA_IluminacionCampeones01-508x381.jpeg 508w, https:\/\/tucomarca.whitekongsoftware.com\/wp-content\/uploads\/2026\/07\/GVA_IluminacionCampeones01-326x245.jpeg 326w, https:\/\/tucomarca.whitekongsoftware.com\/wp-content\/uploads\/2026\/07\/GVA_IluminacionCampeones01-768x576.jpeg 768w, https:\/\/tucomarca.whitekongsoftware.com\/wp-content\/uploads\/2026\/07\/GVA_IluminacionCampeones01-1536x1152.jpeg 1536w, https:\/\/tucomarca.whitekongsoftware.com\/wp-content\/uploads\/2026\/07\/GVA_IluminacionCampeones01-678x509.jpeg 678w, https:\/\/tucomarca.whitekongsoftware.com\/wp-content\/uploads\/2026\/07\/GVA_IluminacionCampeones01-80x60.jpeg 80w\" sizes=\"auto, (max-width: 1600px) 100vw, 1600px\" \/><\/figure>\n<\/figure>\n\n\n\n<p class=\"wp-block-paragraph\"><\/p>\n","protected":false},"excerpt":{"rendered":"<div class=\"mh-excerpt\">Les principals estacions de Metrovalencia i del TRAM d\u2019Alacant se sumen a aquesta iniciativa, que romandr\u00e0 activa durant les nits del divendres, dissabte i diumenge. La Generalitat il\u00b7luminar\u00e0 aquest cap de setmana el Palau amb <a class=\"mh-excerpt-more\" href=\"https:\/\/tucomarca.whitekongsoftware.com\/ca\/la-generalitat-mostra-el-seu-suport-a-la-seleccio-espanyola-de-futbol-amb-la-illuminacio-del-palau-i-de-la-xarxa-publica-de-transport-amb-els-colors-de-la-bandera-despanya\/\" title=\"La Generalitat mostra el seu suport a la selecci\u00f3 espanyola de futbol amb la il\u00b7luminaci\u00f3 del Palau i de la xarxa p\u00fablica de transport amb els colors de la bandera d&#8217;Espanya\">[+] <\/a><\/div>\n","protected":false},"author":13,"featured_media":308321,"comment_status":"closed","ping_status":"open","sticky":false,"template":"","format":"standard","meta":{"footnotes":""},"categories":[10898,10948,10894,10904,10947,10896,10897],"tags":[24678,24671,11498,15325,11199],"class_list":["post-308323","post","type-post","status-publish","format-standard","has-post-thumbnail","category-ventana-ca","category-infraestructuras-ca","category-la-comarca-ca","category-sin-categorizar-ca","category-politica","category-seccion-ca","category-sucesos-la-comarca-ca","tag-campeones-del-mundo","tag-final-mundial-de-futbol-2026","tag-generalitat-valenciana-ca","tag-gva-ca","tag-la-comunitat-ca"],"_links":{"self":[{"href":"https:\/\/tucomarca.whitekongsoftware.com\/ca\/wp-json\/wp\/v2\/posts\/308323","targetHints":{"allow":["GET"]}}],"collection":[{"href":"https:\/\/tucomarca.whitekongsoftware.com\/ca\/wp-json\/wp\/v2\/posts"}],"about":[{"href":"https:\/\/tucomarca.whitekongsoftware.com\/ca\/wp-json\/wp\/v2\/types\/post"}],"author":[{"embeddable":true,"href":"https:\/\/tucomarca.whitekongsoftware.com\/ca\/wp-json\/wp\/v2\/users\/13"}],"replies":[{"embeddable":true,"href":"https:\/\/tucomarca.whitekongsoftware.com\/ca\/wp-json\/wp\/v2\/comments?post=308323"}],"version-history":[{"count":3,"href":"https:\/\/tucomarca.whitekongsoftware.com\/ca\/wp-json\/wp\/v2\/posts\/308323\/revisions"}],"predecessor-version":[{"id":308365,"href":"https:\/\/tucomarca.whitekongsoftware.com\/ca\/wp-json\/wp\/v2\/posts\/308323\/revisions\/308365"}],"wp:featuredmedia":[{"embeddable":true,"href":"https:\/\/tucomarca.whitekongsoftware.com\/ca\/wp-json\/wp\/v2\/media\/308321"}],"wp:attachment":[{"href":"https:\/\/tucomarca.whitekongsoftware.com\/ca\/wp-json\/wp\/v2\/media?parent=308323"}],"wp:term":[{"taxonomy":"category","embeddable":true,"href":"https:\/\/tucomarca.whitekongsoftware.com\/ca\/wp-json\/wp\/v2\/categories?post=308323"},{"taxonomy":"post_tag","embeddable":true,"href":"https:\/\/tucomarca.whitekongsoftware.com\/ca\/wp-json\/wp\/v2\/tags?post=308323"}],"curies":[{"name":"wp","href":"https:\/\/api.w.org\/{rel}","templated":true}]}}