{"id":308297,"date":"2026-07-18T12:00:00","date_gmt":"2026-07-18T10:00:00","guid":{"rendered":"https:\/\/www.tucomarca.com\/wordpress\/segunda\/?p=308297"},"modified":"2026-07-18T18:16:46","modified_gmt":"2026-07-18T16:16:46","slug":"detingut-despres-de-lintent-dhomicidi-del-seu-germa-en-apunyalar-lo-de-gravetat-en-monserrat","status":"publish","type":"post","link":"https:\/\/tucomarca.whitekongsoftware.com\/ca\/detingut-despres-de-lintent-dhomicidi-del-seu-germa-en-apunyalar-lo-de-gravetat-en-monserrat\/","title":{"rendered":"Detingut despr\u00e9s de l&#8217;intent d&#8217;homicidi del seu germ\u00e0 en apunyalar-lo de gravetat en Monserrat"},"content":{"rendered":"\n<h3 class=\"wp-block-heading\">Els fets van tindre lloc en un habitatge de la localitat de Monserrat (Val\u00e8ncia) on el detingut va apunyalar de gravetat al seu germ\u00e0.<\/h3>\n\n\n\n<p class=\"wp-block-paragraph\">La Gu\u00e0rdia Civil ha detingut a l&#8217;autor d&#8217;un homicidi en grau de temptativa despr\u00e9s d&#8217;atrinxerar-se en un habitatge de Monserrat amb diverses armes blanques.<\/p>\n\n\n\n<p class=\"wp-block-paragraph\">L&#8217;actuaci\u00f3 va tindre el seu origen despr\u00e9s de rebre un av\u00eds la Central Operativa de Serveis dels familiars de la v\u00edctima. Es va informar que un home que havia apunyalat de gravetat al seu germ\u00e0 s&#8217;havia atrinxerat en el seu habitatge armat amb diverses armes blanques. A m\u00e9s, la situaci\u00f3 revestia una alta perillositat pels antecedents del detingut i l&#8217;extrema viol\u00e8ncia d&#8217;aquests.<\/p>\n\n\n\n<p class=\"wp-block-paragraph\">Diverses patrulles de la Gu\u00e0rdia Civil van acudir al lloc, al costat de Policia Local de Monserrat, es van personar i van realitzar un c\u00e9rcol de l&#8217;habitatge amb la finalitat de procedir a la detenci\u00f3 de l&#8217;autor. El dispositiu es va allargar diverses hores i, despr\u00e9s de la necessitat de fer \u00fas de les mesures de compulsi\u00f3 m\u00ednimes necess\u00e0ries i arrabassar-li l&#8217;arma, es va aconseguir reduir a l&#8217;autor i procedir a la seua detenci\u00f3.<\/p>\n\n\n\n<p class=\"wp-block-paragraph\">Es tracta d&#8217;un home de 50 anys a qui se li atribueix un delicte homicidi en grau de temptativa. La investigaci\u00f3 ha sigut duta a terme per agents del Lloc d&#8217;Alberic amb la col\u00b7laboraci\u00f3 de la Policia Local de Monserrat. Les dilig\u00e8ncies van ser entregades en la Secci\u00f3 Civil i d&#8217;Instrucci\u00f3 del Tribunal de Carlet.<\/p>\n","protected":false},"excerpt":{"rendered":"<div class=\"mh-excerpt\">Els fets van tindre lloc en un habitatge de la localitat de Monserrat (Val\u00e8ncia) on el detingut va apunyalar de gravetat al seu germ\u00e0. La Gu\u00e0rdia Civil ha detingut a l&#8217;autor d&#8217;un homicidi en grau <a class=\"mh-excerpt-more\" href=\"https:\/\/tucomarca.whitekongsoftware.com\/ca\/detingut-despres-de-lintent-dhomicidi-del-seu-germa-en-apunyalar-lo-de-gravetat-en-monserrat\/\" title=\"Detingut despr\u00e9s de l&#8217;intent d&#8217;homicidi del seu germ\u00e0 en apunyalar-lo de gravetat en Monserrat\">[+] <\/a><\/div>\n","protected":false},"author":1,"featured_media":210817,"comment_status":"closed","ping_status":"open","sticky":false,"template":"","format":"standard","meta":{"footnotes":""},"categories":[10898,10894,10904,10902,11000,10896,10897],"tags":[17107,11118,11077],"class_list":["post-308297","post","type-post","status-publish","format-standard","has-post-thumbnail","category-ventana-ca","category-la-comarca-ca","category-sin-categorizar-ca","category-la-ribera-ca","category-monserrat-ca","category-seccion-ca","category-sucesos-la-comarca-ca","tag-detenido-ca","tag-guardia-civil-ca","tag-la-ribera-alta-ca"],"_links":{"self":[{"href":"https:\/\/tucomarca.whitekongsoftware.com\/ca\/wp-json\/wp\/v2\/posts\/308297","targetHints":{"allow":["GET"]}}],"collection":[{"href":"https:\/\/tucomarca.whitekongsoftware.com\/ca\/wp-json\/wp\/v2\/posts"}],"about":[{"href":"https:\/\/tucomarca.whitekongsoftware.com\/ca\/wp-json\/wp\/v2\/types\/post"}],"author":[{"embeddable":true,"href":"https:\/\/tucomarca.whitekongsoftware.com\/ca\/wp-json\/wp\/v2\/users\/1"}],"replies":[{"embeddable":true,"href":"https:\/\/tucomarca.whitekongsoftware.com\/ca\/wp-json\/wp\/v2\/comments?post=308297"}],"version-history":[{"count":2,"href":"https:\/\/tucomarca.whitekongsoftware.com\/ca\/wp-json\/wp\/v2\/posts\/308297\/revisions"}],"predecessor-version":[{"id":308300,"href":"https:\/\/tucomarca.whitekongsoftware.com\/ca\/wp-json\/wp\/v2\/posts\/308297\/revisions\/308300"}],"wp:featuredmedia":[{"embeddable":true,"href":"https:\/\/tucomarca.whitekongsoftware.com\/ca\/wp-json\/wp\/v2\/media\/210817"}],"wp:attachment":[{"href":"https:\/\/tucomarca.whitekongsoftware.com\/ca\/wp-json\/wp\/v2\/media?parent=308297"}],"wp:term":[{"taxonomy":"category","embeddable":true,"href":"https:\/\/tucomarca.whitekongsoftware.com\/ca\/wp-json\/wp\/v2\/categories?post=308297"},{"taxonomy":"post_tag","embeddable":true,"href":"https:\/\/tucomarca.whitekongsoftware.com\/ca\/wp-json\/wp\/v2\/tags?post=308297"}],"curies":[{"name":"wp","href":"https:\/\/api.w.org\/{rel}","templated":true}]}}