{"id":308291,"date":"2026-07-18T11:00:00","date_gmt":"2026-07-18T09:00:00","guid":{"rendered":"https:\/\/www.tucomarca.com\/wordpress\/segunda\/?p=308291"},"modified":"2026-07-18T18:32:09","modified_gmt":"2026-07-18T16:32:09","slug":"la-diputacio-de-valencia-connectara-domeno-amb-el-carril-bici-de-la-cv-35-despres-de-condicionar-el-cami-a-lermita","status":"publish","type":"post","link":"https:\/\/tucomarca.whitekongsoftware.com\/ca\/la-diputacio-de-valencia-connectara-domeno-amb-el-carril-bici-de-la-cv-35-despres-de-condicionar-el-cami-a-lermita\/","title":{"rendered":"La Diputaci\u00f3 de Val\u00e8ncia connectar\u00e0 Dome\u00f1o amb el carril bici de la CV-35 despr\u00e9s de condicionar el cam\u00ed a l&#8217;Ermita"},"content":{"rendered":"\n<h3 class=\"wp-block-heading\">El presidente Vicent Momp\u00f3 repasa con el alcalde, Francisco G\u00f3mez, las actuaciones del \u00e1rea provincial de Carreteras en el municipio de la Serran\u00eda.<\/h3>\n\n\n\n<h3 class=\"wp-block-heading\">La inversi\u00f3n para repavimentar el camino a la Ermita y al Castillo de Dome\u00f1o viejo es de 220.000 euros.<\/h3>\n\n\n\n<h3 class=\"wp-block-heading\">El presidente visita la plata de reciclaje de Ll\u00edria: \u201cEs un ejemplo m\u00e1s de los resultados que se consiguen cuando las administraciones vamos a una\u201d\u2028.<\/h3>\n\n\n\n<p class=\"wp-block-paragraph\">El president de la Diputaci\u00f3 de Val\u00e8ncia, Vicent Momp\u00f3, ha visitat este divendres Dome\u00f1o per a valorar les actuacions de la Diputaci\u00f3 en el municipi de la Serran\u00eda, en una visita que ha fet tamb\u00e9 parada en Lliria per a con\u00e9ixer les noves instal\u00b7lacions de la planta de reciclatge del Consorci Val\u00e8ncia Interior. Momp\u00f3 ha estat acompanyat per la vicepresidenta segona i responsable de Carreteres, Reme Mazzolari, i alcalde de Dome\u00f1o i president del Consorci, Francisco G\u00f3mez.<\/p>\n\n\n\n<p class=\"wp-block-paragraph\"><strong>Una connexi\u00f3 ciclopeatonal segura amb la CV-35<\/strong><\/p>\n\n\n\n<p class=\"wp-block-paragraph\">El president, la vicepresidenta i l&#8217;alcalde han analitzat els detalls del projecte provincial per a connectar de manera segura el nucli urb\u00e0 del municipi amb el carril bici existent en la via de servici de la CV-35. L&#8217;actuaci\u00f3 permetr\u00e0 separar a ciclistes i vianants del tr\u00e0nsit rodat en un itinerari especialment condicionat pels accessos al pol\u00edgon industrial i a la zona esportiva.<\/p>\n\n\n\n<p class=\"wp-block-paragraph\">El projecte, les obres del qual han sigut licitades esta setmana, contempla la construcci\u00f3 d&#8217;una via ciclopeatonal d&#8217;aproximadament 607 metres al llarg de l&#8217;avinguda Masia del Carril. El nou itinerari tindr\u00e0 una ampl\u00e0ria \u00fatil de 2,50 metres i discorrer\u00e0 inicialment pel marge dret de la carretera. Una vegada depassat el pol\u00edgon industrial, creuar\u00e0 al marge esquerre per a enlla\u00e7ar amb la infraestructura ciclista de la CV-35. L&#8217;actuaci\u00f3 inclou tamb\u00e9 l&#8217;ampliaci\u00f3 de la passarel\u00b7la existent sobre el barranc, la qual passar\u00e0 de 1,80 a 3,80 metres d&#8217;ampl\u00e0ria, aix\u00ed com la millora de les voreres i de la senyalitzaci\u00f3.<\/p>\n\n\n\n<p class=\"wp-block-paragraph\">A m\u00e9s, l&#8217;\u00e0rea de Carreteres renovar\u00e0 el paviment del vial que comunica Dome\u00f1o amb l&#8217;autovia, reparant les fissures, sots i zones deteriorades i estenent una nova capa de ferm. El projecte compta amb un pressupost actualitzat de 598.420 euros, i un termini estimat d&#8217;execuci\u00f3 de sis mesos.<\/p>\n\n\n\n<p class=\"wp-block-paragraph\"><strong>Acc\u00e9s a l&#8217;Ermita i Castillo de Dome\u00f1o<\/strong><\/p>\n\n\n\n<p class=\"wp-block-paragraph\">El president de la Diputaci\u00f3 i la vicepresidenta segona tamb\u00e9 han visitat l&#8217;acc\u00e9s al Castell i a l&#8217;Ermita de l&#8217;antic poble de Dome\u00f1o, una infraestructura que ha sigut condicionada amb una subvenci\u00f3 directa de l&#8217;\u00e0rea de Carreteres que va ascendir a 228.140 euros.<\/p>\n\n\n\n<p class=\"wp-block-paragraph\">El cam\u00ed, que estava molt deteriorat, suposa l&#8217;acc\u00e9s \u00f2ptim a este element patrimonial, ja que l&#8217;altra via existent en el terme s&#8217;inunda quan l&#8217;embassament aconseguix els seus nivells m\u00e9s alts.<\/p>\n\n\n\n<p class=\"wp-block-paragraph\">Per a l&#8217;alcalde de Dome\u00f1o, \u201cesta actuaci\u00f3 \u00e9s molt important per a preservar les arrels del nostre municipi, perqu\u00e8 connecta amb dos elements tan rellevants per a la nostra hist\u00f2ria com el castell i l&#8217;ermita&#8221; i ha incidit en qu\u00e8 &#8220;a m\u00e9s, tots els anys se celebra la romeria, i amb esta nova infraestructura podran accedir tamb\u00e9 autobusos, cosa que era impensable abans d&#8217;esta actuaci\u00f3&#8221;.<\/p>\n\n\n\n<p class=\"wp-block-paragraph\">\u201cEstem actuant en una infraestructura que significa molt per als ve\u00efns de Dome\u00f1o&#8221; i ha afegit que &#8220;com alcalde de Gavarda, soc conscient de la import\u00e0ncia que t\u00e9 cuidar i promoure els elements simb\u00f2lics, que al final s\u00f3n els que fan poble\u201d, ha esgrimit Momp\u00f3.<\/p>\n\n\n\n<p class=\"wp-block-paragraph\"><strong>Planta de reciclatge de Ll\u00edria<\/strong><\/p>\n\n\n\n<p class=\"wp-block-paragraph\">Durant la jornada de treball en la Serran\u00eda, Momp\u00f3 i Francisco G\u00f3mez, qui a m\u00e9s d&#8217;alcalde de Dome\u00f1o \u00e9s tamb\u00e9 president del Consorci Val\u00e8ncia Interior, han visitat les noves instal\u00b7lacions de la planta de reciclatge de Ll\u00edria, en una trobada en el qual han participat tamb\u00e9 alcaldes i alcaldesses dels municipis adherits a este organisme. Es tracta d&#8217;una nova nau amb capacitat per a tractar i reciclar fins a 13.000 matalassos, evitant aix\u00ed que col\u00b7lapsen els abocadors.<\/p>\n\n\n\n<figure class=\"wp-block-image size-full\"><img loading=\"lazy\" decoding=\"async\" width=\"787\" height=\"472\" src=\"https:\/\/www.tucomarca.com\/wordpress\/segunda\/wp-content\/uploads\/2026\/07\/MompoPlantaLliria.jpg\" alt=\"\" class=\"wp-image-308288\" srcset=\"https:\/\/tucomarca.whitekongsoftware.com\/wp-content\/uploads\/2026\/07\/MompoPlantaLliria.jpg 787w, https:\/\/tucomarca.whitekongsoftware.com\/wp-content\/uploads\/2026\/07\/MompoPlantaLliria-635x381.jpg 635w, https:\/\/tucomarca.whitekongsoftware.com\/wp-content\/uploads\/2026\/07\/MompoPlantaLliria-768x461.jpg 768w\" sizes=\"auto, (max-width: 787px) 100vw, 787px\" \/><\/figure>\n\n\n\n<p class=\"wp-block-paragraph\">\u201cL&#8217;objectiu \u00e9s cuidar m\u00e9s el medi ambient i donar-li una segona utilitat als matalassos que es poden convertir en a\u00efllaments per a la construcci\u00f3. La inversi\u00f3 de 5,6 milions de fons europeus afavorir\u00e0 al medi ambient en general i en particular als 271.000 habitants d&#8217;estes cinc comarques\u201d, ha explicat Francisco G\u00f3mez, qui ha agra\u00eft la col\u00b7laboraci\u00f3 de la instituci\u00f3 provincial per a dur a terme este projecte.<\/p>\n\n\n\n<p class=\"wp-block-paragraph\">Per part seua, Momp\u00f3 ha destacat \u201cla necessitat\u201d d&#8217;esta planta i ha posat el focus en la conscienciaci\u00f3 sobre el reciclatge: \u201ccada vegada la poblaci\u00f3 est\u00e0 m\u00e9s conscienciada, \u00e9s important l&#8217;educaci\u00f3 en este sentit, principalment entre els m\u00e9s xicotets perqu\u00e8 si no els residus acaben en els barrancs, en els rius i en la mar. A m\u00e9s, ha subratllat que \u00e9s \u201cun exemple m\u00e9s\u201d de col\u00b7laboraci\u00f3 institucional que demostra els resultats quan les administracions \u201canem a una\u201d.<\/p>\n","protected":false},"excerpt":{"rendered":"<div class=\"mh-excerpt\">El presidente Vicent Momp\u00f3 repasa con el alcalde, Francisco G\u00f3mez, las actuaciones del \u00e1rea provincial de Carreteras en el municipio de la Serran\u00eda. La inversi\u00f3n para repavimentar el camino a la Ermita y al Castillo <a class=\"mh-excerpt-more\" href=\"https:\/\/tucomarca.whitekongsoftware.com\/ca\/la-diputacio-de-valencia-connectara-domeno-amb-el-carril-bici-de-la-cv-35-despres-de-condicionar-el-cami-a-lermita\/\" title=\"La Diputaci\u00f3 de Val\u00e8ncia connectar\u00e0 Dome\u00f1o amb el carril bici de la CV-35 despr\u00e9s de condicionar el cam\u00ed a l&#8217;Ermita\">[+] <\/a><\/div>\n","protected":false},"author":12,"featured_media":308287,"comment_status":"closed","ping_status":"open","sticky":false,"template":"","format":"standard","meta":{"footnotes":""},"categories":[10892,11035,11046,10898,10948,10894,10928,10903,10947,10896],"tags":[10899,11246,11928],"class_list":["post-308291","post","type-post","status-publish","format-standard","has-post-thumbnail","category-camp-de-turia-ca","category-domeno-ca","category-los-serranos-ca","category-ventana-ca","category-infraestructuras-ca","category-la-comarca-ca","category-lliria-ca","category-medio-ambiente-la-comarca-ca","category-politica","category-seccion-ca","tag-camp-de-turia-ca","tag-diputacio-de-valencia-ca","tag-la-serrania-ca"],"_links":{"self":[{"href":"https:\/\/tucomarca.whitekongsoftware.com\/ca\/wp-json\/wp\/v2\/posts\/308291","targetHints":{"allow":["GET"]}}],"collection":[{"href":"https:\/\/tucomarca.whitekongsoftware.com\/ca\/wp-json\/wp\/v2\/posts"}],"about":[{"href":"https:\/\/tucomarca.whitekongsoftware.com\/ca\/wp-json\/wp\/v2\/types\/post"}],"author":[{"embeddable":true,"href":"https:\/\/tucomarca.whitekongsoftware.com\/ca\/wp-json\/wp\/v2\/users\/12"}],"replies":[{"embeddable":true,"href":"https:\/\/tucomarca.whitekongsoftware.com\/ca\/wp-json\/wp\/v2\/comments?post=308291"}],"version-history":[{"count":2,"href":"https:\/\/tucomarca.whitekongsoftware.com\/ca\/wp-json\/wp\/v2\/posts\/308291\/revisions"}],"predecessor-version":[{"id":308309,"href":"https:\/\/tucomarca.whitekongsoftware.com\/ca\/wp-json\/wp\/v2\/posts\/308291\/revisions\/308309"}],"wp:featuredmedia":[{"embeddable":true,"href":"https:\/\/tucomarca.whitekongsoftware.com\/ca\/wp-json\/wp\/v2\/media\/308287"}],"wp:attachment":[{"href":"https:\/\/tucomarca.whitekongsoftware.com\/ca\/wp-json\/wp\/v2\/media?parent=308291"}],"wp:term":[{"taxonomy":"category","embeddable":true,"href":"https:\/\/tucomarca.whitekongsoftware.com\/ca\/wp-json\/wp\/v2\/categories?post=308291"},{"taxonomy":"post_tag","embeddable":true,"href":"https:\/\/tucomarca.whitekongsoftware.com\/ca\/wp-json\/wp\/v2\/tags?post=308291"}],"curies":[{"name":"wp","href":"https:\/\/api.w.org\/{rel}","templated":true}]}}