{"id":308281,"date":"2026-07-17T17:00:00","date_gmt":"2026-07-17T15:00:00","guid":{"rendered":"https:\/\/www.tucomarca.com\/wordpress\/segunda\/?p=308281"},"modified":"2026-07-18T18:33:09","modified_gmt":"2026-07-18T16:33:09","slug":"riba-roja-de-turia-considera-molt-positiva-la-constitucio-de-lorgan-pobles-castells-que-agrupara-quatre-comunitats-de-regants-per-a-millorar-la-gestio-de-laigua","status":"publish","type":"post","link":"https:\/\/tucomarca.whitekongsoftware.com\/ca\/riba-roja-de-turia-considera-molt-positiva-la-constitucio-de-lorgan-pobles-castells-que-agrupara-quatre-comunitats-de-regants-per-a-millorar-la-gestio-de-laigua\/","title":{"rendered":"Riba-roja de T\u00faria considera \u201cmolt positiva\u201d la constituci\u00f3 de l&#8217;\u00f2rgan \u201cPobles Castells\u201d que agrupar\u00e0 quatre comunitats de regants per a millorar la gesti\u00f3 de l&#8217;aigua i per a revitalitzar l&#8217;agricultura a la comarca"},"content":{"rendered":"\n<h3 class=\"wp-block-heading\">L&#8217;alcalde de Riba-roja de T\u00faria, Robert Raga, assisteix a l&#8217;acte de constituci\u00f3 d&#8217;aquesta entitat supramunicipal que ha tingut lloc aquest mat\u00ed a Benaguasil.<\/h3>\n\n\n\n<p class=\"wp-block-paragraph\">L&#8217;Ajuntament de Riba-roja de T\u00faria ha qualificat de \u201cmolt positiva\u201d la creaci\u00f3 de l&#8217;entitat supramunicipal \u201cPobles Castells\u201d que agrupar\u00e0 les comunitats de regants de Vilamarxant, Benaguasil, la Pobla de Vallbona i Riba-roja de T\u00faria amb l&#8217;objectiu de millorar la gesti\u00f3 de l&#8217;aigua de reg en aquestes quatre localitats i, al mateix temps, que permeta una revitalitzaci\u00f3 de l&#8217;agricultura.<\/p>\n\n\n\n<p class=\"wp-block-paragraph\">A l&#8217;acte d&#8217;aquest mat\u00ed que ha tingut lloc a Benaguasil ha assistit l&#8217;alcalde de Riba-roja de T\u00faria, Robert Raga, acompanyat del regidor d&#8217;Agricultura, Jos\u00e9 Luis Ramos, convidats pels membres de la comunitat de Regants de Riba-roja de T\u00faria, formada per les entitats Lorca i El Quint, a m\u00e9s d&#8217;altres autoritats locals, aix\u00ed com el president de Confederaci\u00f3 Hidrogr\u00e0fica del X\u00faquer (CHX), Miguel Polo.<\/p>\n\n\n\n<p class=\"wp-block-paragraph\">L&#8217;entitat \u201cPobles Castells\u201d que s&#8217;ha posat en marxa amb l&#8217;acte de presentaci\u00f3 oficial presa la seua denominaci\u00f3 hist\u00f2rica de l&#8217;\u00e8poca en la qual predominava la pres\u00e8ncia de torres de vigil\u00e0ncia que se situaven al costat de les s\u00e9quies majors d&#8217;aquestes localitats, a la qual s&#8217;afegia el terme \u201ccastells\u201d amb l&#8217;objectiu principal de controlar i vigilar les aig\u00fces de reg en els municipis.<\/p>\n\n\n\n<p class=\"wp-block-paragraph\">L&#8217;agricultura ha sigut, hist\u00f2ricament, un sector econ\u00f2mic i social molt important en les quatre localitats que formen part d&#8217;aquest organisme, extensible, a m\u00e9s, a la resta de la comarca de Camp de T\u00faria. M\u00e9s de 3.800 hect\u00e0rees de reg s&#8217;assentaven en aquestes localitats i l&#8217;aigua de les quals procedia dels assuts de la S\u00e9quia Major a Pedralba, l\u2019Assut de Benaguasil i, finalment, Assut de Lorca, situat a Riba-roja de T\u00faria.<\/p>\n\n\n\n<p class=\"wp-block-paragraph\">A m\u00e9s, cal destacar l&#8217;enorme valor hist\u00f2ric i patrimonial que constitueixen bona part del sistema de regadiu en aquestes localitats, amb un indubtable actiu hidr\u00e0ulic en funcionament, als quals cal afegir, tamb\u00e9, altres elements que, malgrat no estar actius, representen un eix essencial en el sector agr\u00edcola com els molins, els abeuradors i els safaretjos.<\/p>\n\n\n\n<p class=\"wp-block-paragraph\">L&#8217;alcalde de Riba-roja de T\u00faria, Robert Raga, ha destacat en la seua intervenci\u00f3 la import\u00e0ncia de \u201cprotegir i optimitzar la gesti\u00f3 l&#8217;aigua del riu T\u00faria per a tots els usos, especialment, per a l&#8217;agricultura, un sector que forma part de la hist\u00f2ria de la nostra comarca i que ha de millorar-se i revitalitzar-se ja que, actualment, est\u00e0 llastrat pel minifundisme i l&#8217;excessiva parcel\u00b7laci\u00f3, la qual cosa provoca un aband\u00f3 progressiu de l&#8217;horta\u201d.<\/p>\n\n\n\n<p class=\"wp-block-paragraph\">Raga ha apostat, clarament, per un desenvolupament de la llei auton\u00f2mica d&#8217;estructures de concentraci\u00f3 parcel\u00b7l\u00e0ria aprovada per les Corts Valencianes per unanimitat amb l&#8217;objectiu de \u201cposar-la en gallimarsot per a aconseguir una major agrupaci\u00f3 de les parcel\u00b7les per a aconseguir una agricultura m\u00e9s viva, m\u00e9s competitiva, m\u00e9s ben gestionada i amb productes m\u00e9s competitius com a eixos fonamentals per a la revitalitzaci\u00f3 del sector\u201d.<\/p>\n\n\n\n<p class=\"wp-block-paragraph\"><\/p>\n","protected":false},"excerpt":{"rendered":"<div class=\"mh-excerpt\">L&#8217;alcalde de Riba-roja de T\u00faria, Robert Raga, assisteix a l&#8217;acte de constituci\u00f3 d&#8217;aquesta entitat supramunicipal que ha tingut lloc aquest mat\u00ed a Benaguasil. L&#8217;Ajuntament de Riba-roja de T\u00faria ha qualificat de \u201cmolt positiva\u201d la creaci\u00f3 <a class=\"mh-excerpt-more\" href=\"https:\/\/tucomarca.whitekongsoftware.com\/ca\/riba-roja-de-turia-considera-molt-positiva-la-constitucio-de-lorgan-pobles-castells-que-agrupara-quatre-comunitats-de-regants-per-a-millorar-la-gestio-de-laigua\/\" title=\"Riba-roja de T\u00faria considera \u201cmolt positiva\u201d la constituci\u00f3 de l&#8217;\u00f2rgan \u201cPobles Castells\u201d que agrupar\u00e0 quatre comunitats de regants per a millorar la gesti\u00f3 de l&#8217;aigua i per a revitalitzar l&#8217;agricultura a la comarca\">[+] <\/a><\/div>\n","protected":false},"author":12,"featured_media":308280,"comment_status":"closed","ping_status":"open","sticky":false,"template":"","format":"standard","meta":{"footnotes":""},"categories":[10952,10892,10898,10948,10894,10915,10947,10906,10896,10927],"tags":[11136,10899,24676,15024,11090],"class_list":["post-308281","post","type-post","status-publish","format-standard","has-post-thumbnail","category-benaguasil-ca","category-camp-de-turia-ca","category-ventana-ca","category-infraestructuras-ca","category-la-comarca-ca","category-la-pobla-ca","category-politica","category-riba-roja-ca","category-seccion-ca","category-vilamarxant-ca","tag-benaguasil-ca","tag-camp-de-turia-ca","tag-la-plobla-de-vallbona","tag-riba-roja-de-turia-ca","tag-vilamarxant-ca"],"_links":{"self":[{"href":"https:\/\/tucomarca.whitekongsoftware.com\/ca\/wp-json\/wp\/v2\/posts\/308281","targetHints":{"allow":["GET"]}}],"collection":[{"href":"https:\/\/tucomarca.whitekongsoftware.com\/ca\/wp-json\/wp\/v2\/posts"}],"about":[{"href":"https:\/\/tucomarca.whitekongsoftware.com\/ca\/wp-json\/wp\/v2\/types\/post"}],"author":[{"embeddable":true,"href":"https:\/\/tucomarca.whitekongsoftware.com\/ca\/wp-json\/wp\/v2\/users\/12"}],"replies":[{"embeddable":true,"href":"https:\/\/tucomarca.whitekongsoftware.com\/ca\/wp-json\/wp\/v2\/comments?post=308281"}],"version-history":[{"count":3,"href":"https:\/\/tucomarca.whitekongsoftware.com\/ca\/wp-json\/wp\/v2\/posts\/308281\/revisions"}],"predecessor-version":[{"id":308305,"href":"https:\/\/tucomarca.whitekongsoftware.com\/ca\/wp-json\/wp\/v2\/posts\/308281\/revisions\/308305"}],"wp:featuredmedia":[{"embeddable":true,"href":"https:\/\/tucomarca.whitekongsoftware.com\/ca\/wp-json\/wp\/v2\/media\/308280"}],"wp:attachment":[{"href":"https:\/\/tucomarca.whitekongsoftware.com\/ca\/wp-json\/wp\/v2\/media?parent=308281"}],"wp:term":[{"taxonomy":"category","embeddable":true,"href":"https:\/\/tucomarca.whitekongsoftware.com\/ca\/wp-json\/wp\/v2\/categories?post=308281"},{"taxonomy":"post_tag","embeddable":true,"href":"https:\/\/tucomarca.whitekongsoftware.com\/ca\/wp-json\/wp\/v2\/tags?post=308281"}],"curies":[{"name":"wp","href":"https:\/\/api.w.org\/{rel}","templated":true}]}}