{"id":308275,"date":"2026-07-17T16:00:00","date_gmt":"2026-07-17T14:00:00","guid":{"rendered":"https:\/\/www.tucomarca.com\/wordpress\/segunda\/?p=308275"},"modified":"2026-07-18T18:29:31","modified_gmt":"2026-07-18T16:29:31","slug":"la-diputacio-de-valencia-impulsa-la-campanya-rebaixes-en-valencia-per-a-promoure-la-llengua-propia-en-el-comerc-local","status":"publish","type":"post","link":"https:\/\/tucomarca.whitekongsoftware.com\/ca\/la-diputacio-de-valencia-impulsa-la-campanya-rebaixes-en-valencia-per-a-promoure-la-llengua-propia-en-el-comerc-local\/","title":{"rendered":"La Diputaci\u00f3 de Val\u00e8ncia impulsa la campanya \u2018Rebaixes en valenci\u00e0\u2019 per a promoure la llengua propia en el comer\u00e7 local"},"content":{"rendered":"\n<h3 class=\"wp-block-heading\">Esta edici\u00f3 oferix un kit digital perqu\u00e8 els establiments puguen difondre la seua campanya de rebaixes a trav\u00e9s de les xarxes socials.<\/h3>\n\n\n\n<h3 class=\"wp-block-heading\">Momp\u00f3: \u201cEl nostre objectiu sempre \u00e9s que el valenci\u00e0 s&#8217;utilitze en tots els \u00e0mbits\u201d.<\/h3>\n\n\n\n<p class=\"wp-block-paragraph\">La Diputaci\u00f3 de Val\u00e8ncia i les ag\u00e8ncies de promoci\u00f3 del valenci\u00e0 impulsen una nova edici\u00f3 de la iniciativa \u2018Rebaixes en valenci\u00e0\u2019 per a fomentar l&#8217;\u00fas del valenci\u00e0 en el comer\u00e7 local, especialment als sectors de la roba i el calcer als quals oferix materials gratu\u00efts per a incorporar el valenci\u00e0 a la seua comunicaci\u00f3 comercial durant els per\u00edodes de rebaixes.<\/p>\n\n\n\n<p class=\"wp-block-paragraph\">Per a Vicent Momp\u00f3, \u00e9s un exemple m\u00e9s de la \u201cobstinaci\u00f3 de la Diputaci\u00f3 a fomentar l&#8217;\u00fas de la llengua pr\u00f2pia, en este cas en el comer\u00e7 de proximitat amb recursos \u00fatils que faciliten l&#8217;\u00fas de la llengua en la comunicaci\u00f3 quotidiana dels establiments\u201d. \u201cEl valenci\u00e0 \u00e9s la nostra principal senya d&#8217;identitat i continuem treballant perqu\u00e8 en totes les circumst\u00e0ncies tinga el valor que es mereix; el nostre objectiu sempre \u00e9s que s&#8217;utilitze en tots els \u00e0mbits\u201d, ha destacat el president de la Diputaci\u00f3.<\/p>\n\n\n\n<p class=\"wp-block-paragraph\">Concretament, la iniciativa posa a la disposici\u00f3 dels establiments un conjunt de materials gr\u00e0fics espec\u00edfics per a la temporada de rebaixes. Entre estos recursos destaquen els cartells, disponibles en format vertical i horitzontal, amb les paraules \u2018Rebaixes\u2019 i \u2018Descomptes\u2019 com a reclam publicitari. La campanya inclou tamb\u00e9 unes etiquetes amb els lemes \u2018Abans\u2019 i \u2018Ara\u2019, que permeten als comer\u00e7os indicar de manera clara el preu anterior i el preu rebaixat dels productes.<\/p>\n\n\n\n<p class=\"wp-block-paragraph\">Com a novetat, enguany amplia el seu abast amb la incorporaci\u00f3 d&#8217;un kit digital perqu\u00e8 els comer\u00e7os puguen promocionar les seues rebaixes d&#8217;estiu i hivern tamb\u00e9 a trav\u00e9s de les xarxes socials, les aplicacions de missatgeria instant\u00e0nia i les p\u00e0gines web. Les persones i establiments interessats poden tamb\u00e9 descarregar-se o imprimir els cartells, les etiquetes i el kit digital a trav\u00e9s del web de la Diputaci\u00f3 de Val\u00e8ncia.<\/p>\n\n\n\n<p class=\"wp-block-paragraph\">Els materials han sigut dissenyats i il\u00b7lustrats per Ana Policarpo, autora de la imatge gr\u00e0fica d&#8217;esta edici\u00f3, que combina creativitat i funcionalitat per a facilitar la identificaci\u00f3 de la campanya i refor\u00e7ar la visibilitat del valenci\u00e0 en l&#8217;\u00e0mbit comercial. La campanya est\u00e0 coordinada per l&#8217;Oficina de Promoci\u00f3 Ling\u00fc\u00edstica de Montcada i la Federaci\u00f3 Valenciana de Municipis i Prov\u00edncies, amb la col\u00b7laboraci\u00f3 de Foment de l&#8217;\u00das del Valenci\u00e0 de la Diputaci\u00f3 de Val\u00e8ncia, i la Generalitat Valenciana.<\/p>\n\n\n\n<p class=\"wp-block-paragraph\">A m\u00e9s, participen les ag\u00e8ncies de promoci\u00f3 del valenci\u00e0 dels ajuntaments d&#8217;Alaqu\u00e0s, l&#8217;Alc\u00fadia, Algemes\u00ed, Benicarl\u00f3, D\u00e9nia, Onda, Paiporta, Petrer, Picassent, Quart de Poblet, Santa Pola, Sueca i Tavernes de la Valldigna.<\/p>\n\n\n\n<p class=\"wp-block-paragraph\">Esta campanya, una de les iniciatives m\u00e9s consolidades en qu\u00e8 participa la Diputaci\u00f3 de Val\u00e8ncia juntament amb les ag\u00e8ncies de promoci\u00f3 del valenci\u00e0, es va crear a principi dels anys 2000 i ha comptat al llarg de la seua traject\u00f2ria amb la participaci\u00f3 d&#8217;ajuntaments de tota la Comunitat Valenciana.<\/p>\n","protected":false},"excerpt":{"rendered":"<div class=\"mh-excerpt\">Esta edici\u00f3 oferix un kit digital perqu\u00e8 els establiments puguen difondre la seua campanya de rebaixes a trav\u00e9s de les xarxes socials. Momp\u00f3: \u201cEl nostre objectiu sempre \u00e9s que el valenci\u00e0 s&#8217;utilitze en tots els <a class=\"mh-excerpt-more\" href=\"https:\/\/tucomarca.whitekongsoftware.com\/ca\/la-diputacio-de-valencia-impulsa-la-campanya-rebaixes-en-valencia-per-a-promoure-la-llengua-propia-en-el-comerc-local\/\" title=\"La Diputaci\u00f3 de Val\u00e8ncia impulsa la campanya \u2018Rebaixes en valenci\u00e0\u2019 per a promoure la llengua propia en el comer\u00e7 local\">[+] <\/a><\/div>\n","protected":false},"author":12,"featured_media":308274,"comment_status":"closed","ping_status":"open","sticky":false,"template":"","format":"standard","meta":{"footnotes":""},"categories":[10898,10948,10894,10904,10947,10896],"tags":[11246,24674],"class_list":["post-308275","post","type-post","status-publish","format-standard","has-post-thumbnail","category-ventana-ca","category-infraestructuras-ca","category-la-comarca-ca","category-sin-categorizar-ca","category-politica","category-seccion-ca","tag-diputacio-de-valencia-ca","tag-rebaixes-en-valencia"],"_links":{"self":[{"href":"https:\/\/tucomarca.whitekongsoftware.com\/ca\/wp-json\/wp\/v2\/posts\/308275","targetHints":{"allow":["GET"]}}],"collection":[{"href":"https:\/\/tucomarca.whitekongsoftware.com\/ca\/wp-json\/wp\/v2\/posts"}],"about":[{"href":"https:\/\/tucomarca.whitekongsoftware.com\/ca\/wp-json\/wp\/v2\/types\/post"}],"author":[{"embeddable":true,"href":"https:\/\/tucomarca.whitekongsoftware.com\/ca\/wp-json\/wp\/v2\/users\/12"}],"replies":[{"embeddable":true,"href":"https:\/\/tucomarca.whitekongsoftware.com\/ca\/wp-json\/wp\/v2\/comments?post=308275"}],"version-history":[{"count":2,"href":"https:\/\/tucomarca.whitekongsoftware.com\/ca\/wp-json\/wp\/v2\/posts\/308275\/revisions"}],"predecessor-version":[{"id":308307,"href":"https:\/\/tucomarca.whitekongsoftware.com\/ca\/wp-json\/wp\/v2\/posts\/308275\/revisions\/308307"}],"wp:featuredmedia":[{"embeddable":true,"href":"https:\/\/tucomarca.whitekongsoftware.com\/ca\/wp-json\/wp\/v2\/media\/308274"}],"wp:attachment":[{"href":"https:\/\/tucomarca.whitekongsoftware.com\/ca\/wp-json\/wp\/v2\/media?parent=308275"}],"wp:term":[{"taxonomy":"category","embeddable":true,"href":"https:\/\/tucomarca.whitekongsoftware.com\/ca\/wp-json\/wp\/v2\/categories?post=308275"},{"taxonomy":"post_tag","embeddable":true,"href":"https:\/\/tucomarca.whitekongsoftware.com\/ca\/wp-json\/wp\/v2\/tags?post=308275"}],"curies":[{"name":"wp","href":"https:\/\/api.w.org\/{rel}","templated":true}]}}