{"id":308268,"date":"2026-07-17T11:10:00","date_gmt":"2026-07-17T09:10:00","guid":{"rendered":"https:\/\/www.tucomarca.com\/wordpress\/segunda\/?p=308268"},"modified":"2026-07-17T19:17:09","modified_gmt":"2026-07-17T17:17:09","slug":"xest-loriguilla-i-riba-roja-celebren-la-licitacio-de-la-radial-que-unira-la-3-amb-la-7","status":"publish","type":"post","link":"https:\/\/tucomarca.whitekongsoftware.com\/ca\/xest-loriguilla-i-riba-roja-celebren-la-licitacio-de-la-radial-que-unira-la-3-amb-la-7\/","title":{"rendered":"Xest, Loriguilla i Riba-roja celebren la licitaci\u00f3 de la radial que unir\u00e0 l&#8217;A-3 amb l&#8217;A-7"},"content":{"rendered":"\n<h3 class=\"wp-block-heading\">Les tres corporacions consideren de manera un\u00e0nime que la nova radial perimetral impulsar\u00e0 la competitivitat i blindar\u00e0 davant futures emerg\u00e8ncies clim\u00e0tiques un eix amb 2.000 empreses i 24.000 treballadors.<\/h3>\n\n\n\n<p class=\"wp-block-paragraph\">El Ministeri de Transports i Mobilitat Sostenible ha anunciat la licitaci\u00f3 per a construir una connexi\u00f3, la R3, entre l&#8217;A-3 des de Xest amb el bypass de la A-7 a Val\u00e8ncia, una obra en la qual, segons el ministre \u00d3scar Puente, \u201cinvertirem m\u00e9s de 190 milions d&#8217;euros, millorant la flu\u00efdesa de la circulaci\u00f3 amb una alternativa per a l&#8217;\u00e0rea metropolitana\u201d.<br>Per als ajuntaments de Xest, Loriguilla i Riba-roja de T\u00faria es tracta d&#8217;una &#8220;excel\u00b7lent not\u00edcia&#8221; que dona resposta a una &#8220;reivindicaci\u00f3 hist\u00f2rica&#8221; que els tres municipis han vingut defensant de manera conjunta des de fa anys. La futura radial perimetral, que &#8220;connectaria des de Xest fins a&#8221; l&#8217;A-7 &#8220;passant pel terme de Loriguilla i Riba-roja de T\u00faria&#8221;, no sols alleujar\u00e0 definitivament la congesti\u00f3 del tr\u00e0nsit de les carreteres, sin\u00f3 que posicionar\u00e0 a la comarca com un eix industrial a l&#8217;avantguarda en comunicacions, afectant de manera directa i positiva a la competitivitat de tota la seua ind\u00fastria. De fet, els tres ajuntaments estan avan\u00e7ant en aquest objectiu gr\u00e0cies a la creaci\u00f3 d&#8217;una mancomunitat industrial, la primera de la Comunitat Valenciana, a partir de l&#8217;Associaci\u00f3 de l&#8217;Eix A-3, reunint 14 milions de metres quadrats de s\u00f2l industrial i log\u00edstic, amb un potencial d&#8217;altres 5 milions de metres quadrats que s&#8217;estan desenvolupant en l&#8217;actualitat.<br>Els tres alcaldes, Jose Morell (Xest), Montserrat Cervera (Loriguilla) i Robert Raga (Riba-roja de T\u00faria) coincideixen que &#8220;aquesta inversi\u00f3 del ministeri&#8221; \u00e9s &#8220;molt estrat\u00e8gica per a Loriguilla, per a Xest, per a Riba-roja i per a la Comunitat Valenciana&#8221;. El projecte, fruit d&#8217;un &#8220;treball que ha anat donant el seu fruit&#8221;, millorar\u00e0 de manera integral la mobilitat de tota la producci\u00f3 del sector log\u00edstic, aix\u00ed com el despla\u00e7ament diari &#8220;de les nostres empreses, tamb\u00e9 dels treballadors i dels empresaris&#8221;. Aix\u00ed mateix, es destaca que la nova infraestructura &#8220;genera noves oportunitats en desenvolupament de s\u00f2ls i en millores de connectivitat\u201d.<br>En aquest sentit, la realitzaci\u00f3 de la infraestructura redundar\u00e0 directament \u201cen una millora de la productivitat de les empreses\u201d, ja que \u201cerradicar\u00e0 tots els problemes derivats dels freq\u00fcents embossos que es generen en totes dues autovies\u201d.<br>M\u00e9s enll\u00e0 de l&#8217;indubtable impacte econ\u00f2mic per a un eix que concentra a m\u00e9s de 2.000 empreses i dona ocupaci\u00f3 a m\u00e9s de 24.000 treballadors, les tres corporacions locals subratllen que aquesta obra representa una soluci\u00f3 de seguretat vital davant futures emerg\u00e8ncies clim\u00e0tiques. El nou tra\u00e7at garantir\u00e0 la mobilitat de tot el sector log\u00edstic en cas de patir una futura DANA, impedint d&#8217;aquesta manera que la zona quede completament a\u00efllada i incomunicada en punts tan cr\u00edtics com l&#8217;encreuament de la A-3 amb el barranc de Poio.<br>Encara que assumeixen que encara estan &#8220;al principi amb la redacci\u00f3 del projecte&#8221;, els tres municipis celebren que la &#8220;not\u00edcia final com t\u00e9 impacte per a tots \u00e9s molt positiva&#8221; davant una &#8220;inversi\u00f3 de molt de grau&#8221; que blindar\u00e0 el futur de l&#8217;\u00e0rea metropolitana.<\/p>\n","protected":false},"excerpt":{"rendered":"<div class=\"mh-excerpt\">Les tres corporacions consideren de manera un\u00e0nime que la nova radial perimetral impulsar\u00e0 la competitivitat i blindar\u00e0 davant futures emerg\u00e8ncies clim\u00e0tiques un eix amb 2.000 empreses i 24.000 treballadors. El Ministeri de Transports i Mobilitat <a class=\"mh-excerpt-more\" href=\"https:\/\/tucomarca.whitekongsoftware.com\/ca\/xest-loriguilla-i-riba-roja-celebren-la-licitacio-de-la-radial-que-unira-la-3-amb-la-7\/\" title=\"Xest, Loriguilla i Riba-roja celebren la licitaci\u00f3 de la radial que unir\u00e0 l&#8217;A-3 amb l&#8217;A-7\">[+] <\/a><\/div>\n","protected":false},"author":12,"featured_media":308267,"comment_status":"closed","ping_status":"open","sticky":false,"template":"","format":"standard","meta":{"footnotes":""},"categories":[10892,10898,10948,10894,10912,10931,10947,10906,10896,10974],"tags":[12577,10899,11071,10914,11431,15024],"class_list":["post-308268","post","type-post","status-publish","format-standard","has-post-thumbnail","category-camp-de-turia-ca","category-ventana-ca","category-infraestructuras-ca","category-la-comarca-ca","category-la-hoya-ca","category-loriguilla-ca","category-politica","category-riba-roja-ca","category-seccion-ca","category-cheste-ca","tag-asociacion-de-municipios-del-eje-a3-ca","tag-camp-de-turia-ca","tag-cheste","tag-la-hoya-de-bunol-chiva-ca","tag-loriguilla-ca","tag-riba-roja-de-turia-ca"],"_links":{"self":[{"href":"https:\/\/tucomarca.whitekongsoftware.com\/ca\/wp-json\/wp\/v2\/posts\/308268","targetHints":{"allow":["GET"]}}],"collection":[{"href":"https:\/\/tucomarca.whitekongsoftware.com\/ca\/wp-json\/wp\/v2\/posts"}],"about":[{"href":"https:\/\/tucomarca.whitekongsoftware.com\/ca\/wp-json\/wp\/v2\/types\/post"}],"author":[{"embeddable":true,"href":"https:\/\/tucomarca.whitekongsoftware.com\/ca\/wp-json\/wp\/v2\/users\/12"}],"replies":[{"embeddable":true,"href":"https:\/\/tucomarca.whitekongsoftware.com\/ca\/wp-json\/wp\/v2\/comments?post=308268"}],"version-history":[{"count":1,"href":"https:\/\/tucomarca.whitekongsoftware.com\/ca\/wp-json\/wp\/v2\/posts\/308268\/revisions"}],"predecessor-version":[{"id":308269,"href":"https:\/\/tucomarca.whitekongsoftware.com\/ca\/wp-json\/wp\/v2\/posts\/308268\/revisions\/308269"}],"wp:featuredmedia":[{"embeddable":true,"href":"https:\/\/tucomarca.whitekongsoftware.com\/ca\/wp-json\/wp\/v2\/media\/308267"}],"wp:attachment":[{"href":"https:\/\/tucomarca.whitekongsoftware.com\/ca\/wp-json\/wp\/v2\/media?parent=308268"}],"wp:term":[{"taxonomy":"category","embeddable":true,"href":"https:\/\/tucomarca.whitekongsoftware.com\/ca\/wp-json\/wp\/v2\/categories?post=308268"},{"taxonomy":"post_tag","embeddable":true,"href":"https:\/\/tucomarca.whitekongsoftware.com\/ca\/wp-json\/wp\/v2\/tags?post=308268"}],"curies":[{"name":"wp","href":"https:\/\/api.w.org\/{rel}","templated":true}]}}