{"id":308258,"date":"2026-07-17T11:27:00","date_gmt":"2026-07-17T09:27:00","guid":{"rendered":"https:\/\/www.tucomarca.com\/wordpress\/segunda\/?p=308258"},"modified":"2026-07-17T18:43:25","modified_gmt":"2026-07-17T16:43:25","slug":"la-diputacio-connecta-talent-i-territori-amb-dos-projectes-per-a-frenar-la-despoblacio","status":"publish","type":"post","link":"https:\/\/tucomarca.whitekongsoftware.com\/ca\/la-diputacio-connecta-talent-i-territori-amb-dos-projectes-per-a-frenar-la-despoblacio\/","title":{"rendered":"La Diputaci\u00f3 connecta talent i territori amb dos projectes per a frenar la despoblaci\u00f3"},"content":{"rendered":"\n<h3 class=\"wp-block-heading\">\u2018Innova Territorial\u2019, impulsat per l&#8217;\u00e0rea de Fons Europeus que dirigix Juan Ram\u00f3n Adsuara, i \u2018Talentum\u2019, finan\u00e7at per l&#8217;\u00e0rea de Desenvolupament Territorial que encap\u00e7ala Avelino Mascarell, busquen retindre als j\u00f3vens en el territori.<\/h3>\n\n\n\n<p class=\"wp-block-paragraph\">La Red de Entidades para el Desarrollo Local (REDEL) dona a con\u00e9ixer els dos programes entre el personal de diverses administracions locals de tota Espa\u00f1a<\/p>\n\n\n\n<p class=\"wp-block-paragraph\">Divendres 17 de juliol de 2026.- La Diputaci\u00f3 de Val\u00e8ncia ha establit com una de les seues principals l\u00ednies d&#8217;actuaci\u00f3 contra la despoblaci\u00f3 l&#8217;impuls del talent jove i la seua posterior retenci\u00f3 en el territori. En este sentit, la corporaci\u00f3 provincial ha posat en marxa dos projectes que busquen precisament potenciar i gestionar este talent. Es tracta dels programes \u2018Innova Territorial\u2019 i \u2018Talentum\u2019.<\/p>\n\n\n\n<p class=\"wp-block-paragraph\">Els dos projectes han centrat una de les jornades del cicle de seminaris web \u2018Territoris Connectats: Innovaci\u00f3 en l&#8217;atracci\u00f3 i retenci\u00f3 de talent\u2019, que celebra este mes la Red de Entidades para el Desarrollo Local (REDEL) que reunix 45 entitades de tota Espa\u00f1a. D&#8217;esta manera, n\u00fameroso personal t\u00e8cnic d&#8217;adminsitraciones locals i altres entitats a nivell nacional han pogut con\u00e9ixer estos programes finan\u00e7ats per la Diputaci\u00f3 de Val\u00e8ncia.<\/p>\n\n\n\n<p class=\"wp-block-paragraph\">El primer projecte presentat ha sigut el programa de beques \u2018Innova Territorial\u2019, impulsat per l\u2019\u00e0rea de Fons Europeus de la Diputaci\u00f3 i per la Fundaci\u00f3 ADEIT de la Universitat de Val\u00e8ncia. Gr\u00e0cies a este programa de beques, 21 j\u00f3vens ja estan realitzant estades formatives en 17 ajuntaments valencians, i altres quatre estan en entitats situades a Brussel\u00b7les per a treballar en diferents projectes europeus.<\/p>\n\n\n\n<p class=\"wp-block-paragraph\">\u2018Innova Territorial\u2019 naix dels treballs que van definir a 2025 un mapa del talent en el territori provincial, on, entre altres q\u00fcestions, es va visualitzar la import\u00e0ncia de les estades pr\u00e0ctiques d&#8217;alumnat universitari per a con\u00e9ixer el funcionament de les institucions implicades en la gesti\u00f3 del territori, aix\u00ed com donar a con\u00e9ixer els territoris rurals com a ubicacions amb oportunitats per a la generaci\u00f3 d&#8217;innovaci\u00f3 i llocs de treball.<\/p>\n\n\n\n<p class=\"wp-block-paragraph\">A m\u00e9s, connecta amb altres iniciatives de la Diputaci\u00f3 com Val\u00e8ncia Talent Lab, centrada en l&#8217;impuls de la digitalitzaci\u00f3 i innovaci\u00f3 a les pimes i en les entitats p\u00fabliques i privades, enfortint el proc\u00e9s transformador social i econ\u00f2mic del territori valenci\u00e0.<\/p>\n\n\n\n<p class=\"wp-block-paragraph\">El diputat de Fons Europeus, Juan Ram\u00f3n Adsuara, ha destacat que \u201cprogrames com este tenen molt bon acolliment entre l&#8217;alumnat universitari i els ajuntaments de la prov\u00edncia, i servixen perqu\u00e8 els estudiants puguen aportar el seu talent per a resoldre reptes operatius dels municipis\u201d.<\/p>\n\n\n\n<p class=\"wp-block-paragraph\"><strong>Talent per a la Serran\u00eda<\/strong><\/p>\n\n\n\n<p class=\"wp-block-paragraph\">El segon dels projectes \u00e9s \u2018Talentum\u2019, una iniciativa de les mancomunitats del Alto Turia i La Serran\u00eda, amb la col\u00b7laboraci\u00f3 del Grup d&#8217;Acci\u00f3 Local (GAL) Turia-Calderona. En el programa participen els seus departaments de joventut, turisme i les ag\u00e8ncies de desenvolupament local (ADL), amb el finan\u00e7ament de la Diputaci\u00f3 de Val\u00e8ncia a trav\u00e9s de la convocat\u00f2ria per a projectes de dinamitzaci\u00f3 socioecon\u00f2mica 2025-2026 de l&#8217;\u00e0rea de Desenvolupament Territorial.<\/p>\n\n\n\n<p class=\"wp-block-paragraph\">\u2018Talentum\u2019, vigent des de 2024, s&#8217;articula entorn de tres blocs que tenen com a objectiu facilitar l&#8217;estada d&#8217;alumnes en pr\u00e0ctiques, donar a con\u00e9ixer les ofertes de treball i, en \u00faltima inst\u00e0ncia, compartir experi\u00e8ncies i oportunitats a la joventut de la comarca de la Serran\u00eda.<\/p>\n\n\n\n<p class=\"wp-block-paragraph\">El primer bloc, anomenat \u2018Talentum Rural Lab\u2019, \u00e9s un programa d&#8217;acompanyament a j\u00f3vens per a oferir la possibilitat de con\u00e9ixer des de dins les empreses de la zona mitjan\u00e7ant la realitzaci\u00f3 de pr\u00e0ctiques, a m\u00e9s d&#8217;impulsar l&#8217;emprenedoria a la comarca.<\/p>\n\n\n\n<p class=\"wp-block-paragraph\">Per part seua, \u2018Talentum Rural Match\u2019 se centra en j\u00f3vens que busquen treball, per a emprar-los en empreses de la zona, donant a con\u00e9ixer les ofertes d&#8217;ocupaci\u00f3 dels diferents sectors econ\u00f2mics. L&#8217;objectiu \u00e9s que estes persones es plantegen un projecte de vida als pobles, i que estos no siguen \u00fanicament en el lloc on tornar el cap de setmana.<\/p>\n\n\n\n<p class=\"wp-block-paragraph\">Finalment, \u2018Talentum Rural Fest\u2019 \u00e9s un encontre anual amb tallers, jornades d&#8217;intercanvi d&#8217;experi\u00e8ncies, animaci\u00f3 i networking, que genera sentiment de pertinen\u00e7a en el territori. Enguany, se celebrar\u00e0 a La Yesa els dies 17 i 18 de setembre. L&#8217;edici\u00f3 de 2026 aposta per l&#8217;alumnat de secund\u00e0ria de la comarca de la Serran\u00eda, incidint especialment en el foment de l&#8217;emprenedoria juvenil i a la comarca com a dest\u00ed per als projectes de futur dels seus residents m\u00e9s j\u00f3vens.<\/p>\n\n\n\n<p class=\"wp-block-paragraph\">El diputat de Desenrvolupament Territorial Sostenible, Avelino Mascarell, ha posat de manifest \u201cel comprom\u00eds de la instituci\u00f3 amb la generaci\u00f3 d&#8217;oportunitats en el territori rural, millorant els servicis dels pobles m\u00e9s xicotets i acompanyant iniciatives com \u2018Talentum\u2019 per a facilitar que la seua joventut es plantege continuar vivint als pobles, treballant en les empreses de la zona o emprenent des d&#8217;ac\u00ed el seu negoci\u201d.<\/p>\n","protected":false},"excerpt":{"rendered":"<div class=\"mh-excerpt\">\u2018Innova Territorial\u2019, impulsat per l&#8217;\u00e0rea de Fons Europeus que dirigix Juan Ram\u00f3n Adsuara, i \u2018Talentum\u2019, finan\u00e7at per l&#8217;\u00e0rea de Desenvolupament Territorial que encap\u00e7ala Avelino Mascarell, busquen retindre als j\u00f3vens en el territori. La Red de <a class=\"mh-excerpt-more\" href=\"https:\/\/tucomarca.whitekongsoftware.com\/ca\/la-diputacio-connecta-talent-i-territori-amb-dos-projectes-per-a-frenar-la-despoblacio\/\" title=\"La Diputaci\u00f3 connecta talent i territori amb dos projectes per a frenar la despoblaci\u00f3\">[+] <\/a><\/div>\n","protected":false},"author":1,"featured_media":308261,"comment_status":"closed","ping_status":"open","sticky":false,"template":"","format":"standard","meta":{"footnotes":""},"categories":[11046,10948,10894,10904,10947,10896],"tags":[11246,11928,11080],"class_list":["post-308258","post","type-post","status-publish","format-standard","has-post-thumbnail","category-los-serranos-ca","category-infraestructuras-ca","category-la-comarca-ca","category-sin-categorizar-ca","category-politica","category-seccion-ca","tag-diputacio-de-valencia-ca","tag-la-serrania-ca","tag-los-serranos-ca"],"_links":{"self":[{"href":"https:\/\/tucomarca.whitekongsoftware.com\/ca\/wp-json\/wp\/v2\/posts\/308258","targetHints":{"allow":["GET"]}}],"collection":[{"href":"https:\/\/tucomarca.whitekongsoftware.com\/ca\/wp-json\/wp\/v2\/posts"}],"about":[{"href":"https:\/\/tucomarca.whitekongsoftware.com\/ca\/wp-json\/wp\/v2\/types\/post"}],"author":[{"embeddable":true,"href":"https:\/\/tucomarca.whitekongsoftware.com\/ca\/wp-json\/wp\/v2\/users\/1"}],"replies":[{"embeddable":true,"href":"https:\/\/tucomarca.whitekongsoftware.com\/ca\/wp-json\/wp\/v2\/comments?post=308258"}],"version-history":[{"count":2,"href":"https:\/\/tucomarca.whitekongsoftware.com\/ca\/wp-json\/wp\/v2\/posts\/308258\/revisions"}],"predecessor-version":[{"id":308260,"href":"https:\/\/tucomarca.whitekongsoftware.com\/ca\/wp-json\/wp\/v2\/posts\/308258\/revisions\/308260"}],"wp:featuredmedia":[{"embeddable":true,"href":"https:\/\/tucomarca.whitekongsoftware.com\/ca\/wp-json\/wp\/v2\/media\/308261"}],"wp:attachment":[{"href":"https:\/\/tucomarca.whitekongsoftware.com\/ca\/wp-json\/wp\/v2\/media?parent=308258"}],"wp:term":[{"taxonomy":"category","embeddable":true,"href":"https:\/\/tucomarca.whitekongsoftware.com\/ca\/wp-json\/wp\/v2\/categories?post=308258"},{"taxonomy":"post_tag","embeddable":true,"href":"https:\/\/tucomarca.whitekongsoftware.com\/ca\/wp-json\/wp\/v2\/tags?post=308258"}],"curies":[{"name":"wp","href":"https:\/\/api.w.org\/{rel}","templated":true}]}}