{"id":308242,"date":"2026-07-17T11:00:00","date_gmt":"2026-07-17T09:00:00","guid":{"rendered":"https:\/\/www.tucomarca.com\/wordpress\/segunda\/?p=308242"},"modified":"2026-07-17T17:57:27","modified_gmt":"2026-07-17T15:57:27","slug":"educacio-destina-mes-d112-milions-deuros-a-les-escoles-de-musica-i-arts-esceniques-de-la-comunitat-valenciana","status":"publish","type":"post","link":"https:\/\/tucomarca.whitekongsoftware.com\/ca\/educacio-destina-mes-d112-milions-deuros-a-les-escoles-de-musica-i-arts-esceniques-de-la-comunitat-valenciana\/","title":{"rendered":"Educaci\u00f3 destina m\u00e9s d\u201911,2 milions d\u2019euros a les escoles de m\u00fasica i arts esc\u00e8niques de la Comunitat Valenciana"},"content":{"rendered":"\n<h3 class=\"wp-block-heading\">Les subvencions estan dirigides a escoles art\u00edstiques inscrites en el Registre de centres docents<\/h3>\n\n\n\n<h3 class=\"wp-block-heading\">El termini de presentaci\u00f3 de sol\u00b7licituds finalitza el 31 de juliol<\/h3>\n\n\n\n<p class=\"wp-block-paragraph\">La Conselleria d\u2019Educaci\u00f3, Cultura i Universitats ha aprovat les bases reguladores i la convocat\u00f2ria de les subvencions destinades a les escoles que impartixen ensenyances no formals de m\u00fasica o de m\u00fasica i arts esc\u00e8niques de la Comunitat Valenciana per a l\u2019exercici 2026. La convocat\u00f2ria, que es tramita en r\u00e8gim de concurr\u00e8ncia competitiva, compta amb una dotaci\u00f3 m\u00e0xima d\u201911.292.781,46 euros.<\/p>\n\n\n\n<p class=\"wp-block-paragraph\">Estes ajudes tenen com a finalitat contribuir al sosteniment de l\u2019activitat dels centres mitjan\u00e7ant el finan\u00e7ament parcial dels gastos derivats de l\u2019activitat docent i de funcionament corresponents al curs escolar 2025-2026.<\/p>\n\n\n\n<p class=\"wp-block-paragraph\">La convocat\u00f2ria est\u00e0 dirigida a les escoles de m\u00fasica i de m\u00fasica i arts esc\u00e8niques inscrites en el Registre de centres docents de la Comunitat Valenciana i dependents d\u2019entitats locals o privades sense \u00e0nim de lucre.<\/p>\n\n\n\n<p class=\"wp-block-paragraph\">El per\u00edode subvencionable compr\u00e9n els gastos realitzats i abonats entre l\u20191 de juliol de 2025 i el 30 de juny de 2026. Entre estos figuren les retribucions del personal docent, els gastos de funcionament necessaris per al desenrotllament de l\u2019activitat educativa i els derivats del lloguer de les instal\u00b7lacions on es desenrotlla l\u2019activitat de l\u2019escola.&nbsp;<\/p>\n\n\n\n<p class=\"wp-block-paragraph\"><strong>Criteris de distribuci\u00f3<\/strong><\/p>\n\n\n\n<p class=\"wp-block-paragraph\">La convocat\u00f2ria, publicada este divendres en el&nbsp;<em>Diari Oficial de la Generalitat Valenciana<\/em>&nbsp;(<a href=\"https:\/\/dogv.gva.es\/va\/resultat-dogv?signatura=2026\/24324\">DOGV<\/a>), reserva un m\u00f2dul fix de 2.000 euros per a les escoles situades en municipis considerats en risc de despoblament, d\u2019acord amb la llista de l\u2019Agenda AVANT. La resta de dotaci\u00f3 es distribuir\u00e0 mitjan\u00e7ant un sistema de prorrateig que tindr\u00e0 en compte els gastos subvencionables de cada centre.<\/p>\n\n\n\n<p class=\"wp-block-paragraph\">Entre els criteris de valoraci\u00f3 es troben la qualificaci\u00f3 del professorat, la formaci\u00f3 continuada de les plantilles, les condicions laborals del personal docent, l\u2019atenci\u00f3 a alumnat de diferents edats, la inclusi\u00f3 educativa, el nombre d\u2019alumnes que supere les proves d\u2019acc\u00e9s a les ensenyances professionals, l\u2019activitat de car\u00e0cter supramunicipal de les escoles i la disponibilitat d\u2019una p\u00e0gina web pr\u00f2pia i actualitzada amb informaci\u00f3 acad\u00e8mica i institucional.<\/p>\n\n\n\n<p class=\"wp-block-paragraph\">Les entitats benefici\u00e0ries podran rebre, com a m\u00e0xim, una subvenci\u00f3 equivalent al 50 % dels gastos subvencionables, dins dels l\u00edmits previstos en la convocat\u00f2ria, i sempre que este l\u00edmit no supere la difer\u00e8ncia entre ingressos i gastos.<\/p>\n\n\n\n<p class=\"wp-block-paragraph\">Les sol\u00b7licituds hauran de presentar-se exclusivament per via telem\u00e0tica fins al 31 de juliol, juntament amb la documentaci\u00f3 justificativa de la subvenci\u00f3.<\/p>\n","protected":false},"excerpt":{"rendered":"<div class=\"mh-excerpt\">Les subvencions estan dirigides a escoles art\u00edstiques inscrites en el Registre de centres docents El termini de presentaci\u00f3 de sol\u00b7licituds finalitza el 31 de juliol La Conselleria d\u2019Educaci\u00f3, Cultura i Universitats ha aprovat les bases <a class=\"mh-excerpt-more\" href=\"https:\/\/tucomarca.whitekongsoftware.com\/ca\/educacio-destina-mes-d112-milions-deuros-a-les-escoles-de-musica-i-arts-esceniques-de-la-comunitat-valenciana\/\" title=\"Educaci\u00f3 destina m\u00e9s d\u201911,2 milions d\u2019euros a les escoles de m\u00fasica i arts esc\u00e8niques de la Comunitat Valenciana\">[+] <\/a><\/div>\n","protected":false},"author":13,"featured_media":169937,"comment_status":"closed","ping_status":"open","sticky":false,"template":"","format":"standard","meta":{"footnotes":""},"categories":[10898,10948,10894,10904,10947,10896],"tags":[12194,12114,12903,11199,11140],"class_list":["post-308242","post","type-post","status-publish","format-standard","has-post-thumbnail","category-ventana-ca","category-infraestructuras-ca","category-la-comarca-ca","category-sin-categorizar-ca","category-politica","category-seccion-ca","tag-cultura-ca","tag-educacion-ca","tag-infraestructuras-ca","tag-la-comunitat-ca","tag-politica-ca"],"_links":{"self":[{"href":"https:\/\/tucomarca.whitekongsoftware.com\/ca\/wp-json\/wp\/v2\/posts\/308242","targetHints":{"allow":["GET"]}}],"collection":[{"href":"https:\/\/tucomarca.whitekongsoftware.com\/ca\/wp-json\/wp\/v2\/posts"}],"about":[{"href":"https:\/\/tucomarca.whitekongsoftware.com\/ca\/wp-json\/wp\/v2\/types\/post"}],"author":[{"embeddable":true,"href":"https:\/\/tucomarca.whitekongsoftware.com\/ca\/wp-json\/wp\/v2\/users\/13"}],"replies":[{"embeddable":true,"href":"https:\/\/tucomarca.whitekongsoftware.com\/ca\/wp-json\/wp\/v2\/comments?post=308242"}],"version-history":[{"count":1,"href":"https:\/\/tucomarca.whitekongsoftware.com\/ca\/wp-json\/wp\/v2\/posts\/308242\/revisions"}],"predecessor-version":[{"id":308243,"href":"https:\/\/tucomarca.whitekongsoftware.com\/ca\/wp-json\/wp\/v2\/posts\/308242\/revisions\/308243"}],"wp:featuredmedia":[{"embeddable":true,"href":"https:\/\/tucomarca.whitekongsoftware.com\/ca\/wp-json\/wp\/v2\/media\/169937"}],"wp:attachment":[{"href":"https:\/\/tucomarca.whitekongsoftware.com\/ca\/wp-json\/wp\/v2\/media?parent=308242"}],"wp:term":[{"taxonomy":"category","embeddable":true,"href":"https:\/\/tucomarca.whitekongsoftware.com\/ca\/wp-json\/wp\/v2\/categories?post=308242"},{"taxonomy":"post_tag","embeddable":true,"href":"https:\/\/tucomarca.whitekongsoftware.com\/ca\/wp-json\/wp\/v2\/tags?post=308242"}],"curies":[{"name":"wp","href":"https:\/\/api.w.org\/{rel}","templated":true}]}}