{"id":308238,"date":"2026-07-17T11:25:00","date_gmt":"2026-07-17T09:25:00","guid":{"rendered":"https:\/\/www.tucomarca.com\/wordpress\/segunda\/?p=308238"},"modified":"2026-07-17T18:17:00","modified_gmt":"2026-07-17T16:17:00","slug":"el-consell-pren-rao-de-lactivacio-del-100-de-les-mesures-de-la-generalitat-incloses-en-el-pla-endavant-un-any-despres-de-la-seua-aprovacio","status":"publish","type":"post","link":"https:\/\/tucomarca.whitekongsoftware.com\/ca\/el-consell-pren-rao-de-lactivacio-del-100-de-les-mesures-de-la-generalitat-incloses-en-el-pla-endavant-un-any-despres-de-la-seua-aprovacio\/","title":{"rendered":"El Consell pren ra\u00f3 de l&#8217;activaci\u00f3 del 100% de les mesures de la Generalitat incloses en el Pla Endavant un any despr\u00e9s de la seua aprovaci\u00f3"},"content":{"rendered":"\n<h3 class=\"wp-block-heading\">En l&#8217;\u00faltim trimestre s&#8217;han activat 92 iniciatives, la qual cosa suposa un augment del 51%, el major creixement trimestral des de l&#8217;aprovaci\u00f3 del Pla.<\/h3>\n\n\n\n<h3 class=\"wp-block-heading\">S&#8217;han restaurat 26 \u00e0rees recreatives, s&#8217;ha millorat la resili\u00e8ncia d&#8217;un centenar d&#8217;estacions depuradores d&#8217;aig\u00fces residuals&nbsp;i 40.000 fam\u00edlies han tingut bonificacions en el rebut de l&#8217;aigua.<\/h3>\n\n\n\n<p class=\"wp-block-paragraph\">El ple del Consell ha pres ra\u00f3 de l&#8217;activaci\u00f3 del 100% de les iniciatives de la Generalitat incloses en el Pla Endavant en haver-se posat en marxa les 297 mesures que competeixen a l&#8217;administraci\u00f3 auton\u00f2mica un any despr\u00e9s de l&#8217;aprovaci\u00f3 de la iniciativa, segons es despr\u00e9n de l&#8217;informe de seguiment que analitza l&#8217;\u00faltim trimestre d&#8217;execuci\u00f3, d&#8217;abril a juny.<\/p>\n\n\n\n<p class=\"wp-block-paragraph\">El Pla Endavant est\u00e0 compost per un total de 343 iniciatives, de les quals 297 competeixen a la Generalitat i 46 a altres administracions i al sector privat. Respecte a les 297 mesures de la Generalitat cal destacar que 227 es troben en execuci\u00f3 i 70 han sigut ja completades.&nbsp;<\/p>\n\n\n\n<p class=\"wp-block-paragraph\">L&#8217;informe revela que l&#8217;impuls de les iniciatives de la Generalitat (100%) \u00e9s superior a la xifra global d&#8217;iniciatives del pla en les quals tamb\u00e9 participen altres administracions i ens (92%).<\/p>\n\n\n\n<p class=\"wp-block-paragraph\">Aix\u00ed mateix, les dades mostren que el progr\u00e9s intern del Pla \u00e9s equilibrat en tots els seus eixos (Persones, Teixit Empresarial i econ\u00f2mic, Medi Ambient, Teixit Social i Comunitari, Infraestructures i Ordenaci\u00f3 territorial).&nbsp;<\/p>\n\n\n\n<p class=\"wp-block-paragraph\">Les conselleries, a m\u00e9s haver activat totes les seues iniciatives, avancen tamb\u00e9 en la seua finalitzaci\u00f3, amb 72 iniciatives completades a 30 de juny.&nbsp;<\/p>\n\n\n\n<p class=\"wp-block-paragraph\">Aix\u00ed mateix, en l&#8217;\u00faltim trimestre s&#8217;han activat 92 iniciatives, la qual cosa suposa un augment del 51% de les iniciatives en execuci\u00f3, el major creixement trimestral despr\u00e9s de l&#8217;aprovaci\u00f3 del Pla.<\/p>\n\n\n\n<p class=\"wp-block-paragraph\"><strong>Mesures completades\u00a0<\/strong><\/p>\n\n\n\n<p class=\"wp-block-paragraph\">Entre les mesures que s&#8217;han dut a terme en el \u2018eix persones\u2019 cal destacar que s&#8217;han completat 128 actuacions en centres educatius, 40.000 fam\u00edlies han tingut bonificacions en els rebuts d&#8217;aigua, s&#8217;han prioritzat m\u00e9s de 7.500 expedients de les prestacions de la Renda Valenciana d&#8217;Inclusi\u00f3 i s&#8217;han refor\u00e7at els serveis socials municipals en 14 localitats afectades per la riuada.&nbsp;<\/p>\n\n\n\n<p class=\"wp-block-paragraph\">En el \u2018eix teixit empresarial i econ\u00f2mic\u2019 s&#8217;han concedit m\u00e9s de 100 milions en ajudes per a la reactivaci\u00f3 dels negocis afectats per la dana, 5 milions d&#8217;ajudes urgents a les comunitats de regants i s&#8217;ha dut a terme la reparaci\u00f3 de 284 km de camins rurals.<\/p>\n\n\n\n<p class=\"wp-block-paragraph\">Tamb\u00e9 s&#8217;ha integrat en una \u00fanica plataforma web un visor geoespacial del s\u00f2l industrial, s&#8217;han concedit 6 milions en ajudes a 51 empreses del sector metall-mec\u00e0nic, 4,44 milions a 49 empreses del sector de la fusta, moble i h\u00e0bitat i s&#8217;han destinat 5 milions al desenvolupament de 162 activitats formatives en noves tecnologies, amb la participaci\u00f3 de 3.459 persones.<\/p>\n\n\n\n<p class=\"wp-block-paragraph\">En el \u2018eix medi ambient\u2019 s&#8217;han retirat m\u00e9s de 73.000 quil\u00f2metres c\u00fabics de residus en parcs, s&#8217;han restaurat 26 \u00e0rees recreatives afectades, s&#8217;han reparat danys en 3 centres de gesti\u00f3 i conservaci\u00f3 del medi ambient i s&#8217;han definit les zones per a acollir a animals de companyia i d&#8217;assist\u00e8ncia en cas d&#8217;emerg\u00e8ncia.<\/p>\n\n\n\n<p class=\"wp-block-paragraph\">En el \u2018eix teixit social i comunitari\u2019, s&#8217;han concedit ajudes per m\u00e9s de 700.000 euros als clubs esportius per a la reubicaci\u00f3 temporal de les seues instal\u00b7lacions, s&#8217;han organitzat 122 esdeveniments i competicions esportives espec\u00edfiques i s&#8217;han tramitat 27 expedients d&#8217;ajudes de remodelaci\u00f3 i construcci\u00f3 de locals de societats musicals.<\/p>\n\n\n\n<p class=\"wp-block-paragraph\">En mat\u00e8ria d&#8217;infraestructures s&#8217;ha millorat la resili\u00e8ncia de m\u00e9s de 100 EDARs per a reduir el seu risc davant inundacions, s&#8217;han reparat 22 estacions depuradores d&#8217;aigua i s&#8217;han realitzat millores del servei de transport p\u00fablic per un import de 5,5 milions, entre altres.<\/p>\n","protected":false},"excerpt":{"rendered":"<div class=\"mh-excerpt\">En l&#8217;\u00faltim trimestre s&#8217;han activat 92 iniciatives, la qual cosa suposa un augment del 51%, el major creixement trimestral des de l&#8217;aprovaci\u00f3 del Pla. S&#8217;han restaurat 26 \u00e0rees recreatives, s&#8217;ha millorat la resili\u00e8ncia d&#8217;un centenar <a class=\"mh-excerpt-more\" href=\"https:\/\/tucomarca.whitekongsoftware.com\/ca\/el-consell-pren-rao-de-lactivacio-del-100-de-les-mesures-de-la-generalitat-incloses-en-el-pla-endavant-un-any-despres-de-la-seua-aprovacio\/\" title=\"El Consell pren ra\u00f3 de l&#8217;activaci\u00f3 del 100% de les mesures de la Generalitat incloses en el Pla Endavant un any despr\u00e9s de la seua aprovaci\u00f3\">[+] <\/a><\/div>\n","protected":false},"author":13,"featured_media":286525,"comment_status":"closed","ping_status":"open","sticky":false,"template":"","format":"standard","meta":{"footnotes":""},"categories":[21466,10898,10948,10894,10904,10903,10947,10896,10897],"tags":[15409,15325,12903,11199,11140],"class_list":["post-308238","post","type-post","status-publish","format-standard","has-post-thumbnail","category-dana-ca","category-ventana-ca","category-infraestructuras-ca","category-la-comarca-ca","category-sin-categorizar-ca","category-medio-ambiente-la-comarca-ca","category-politica","category-seccion-ca","category-sucesos-la-comarca-ca","tag-dana-2-ca","tag-gva-ca","tag-infraestructuras-ca","tag-la-comunitat-ca","tag-politica-ca"],"_links":{"self":[{"href":"https:\/\/tucomarca.whitekongsoftware.com\/ca\/wp-json\/wp\/v2\/posts\/308238","targetHints":{"allow":["GET"]}}],"collection":[{"href":"https:\/\/tucomarca.whitekongsoftware.com\/ca\/wp-json\/wp\/v2\/posts"}],"about":[{"href":"https:\/\/tucomarca.whitekongsoftware.com\/ca\/wp-json\/wp\/v2\/types\/post"}],"author":[{"embeddable":true,"href":"https:\/\/tucomarca.whitekongsoftware.com\/ca\/wp-json\/wp\/v2\/users\/13"}],"replies":[{"embeddable":true,"href":"https:\/\/tucomarca.whitekongsoftware.com\/ca\/wp-json\/wp\/v2\/comments?post=308238"}],"version-history":[{"count":1,"href":"https:\/\/tucomarca.whitekongsoftware.com\/ca\/wp-json\/wp\/v2\/posts\/308238\/revisions"}],"predecessor-version":[{"id":308239,"href":"https:\/\/tucomarca.whitekongsoftware.com\/ca\/wp-json\/wp\/v2\/posts\/308238\/revisions\/308239"}],"wp:featuredmedia":[{"embeddable":true,"href":"https:\/\/tucomarca.whitekongsoftware.com\/ca\/wp-json\/wp\/v2\/media\/286525"}],"wp:attachment":[{"href":"https:\/\/tucomarca.whitekongsoftware.com\/ca\/wp-json\/wp\/v2\/media?parent=308238"}],"wp:term":[{"taxonomy":"category","embeddable":true,"href":"https:\/\/tucomarca.whitekongsoftware.com\/ca\/wp-json\/wp\/v2\/categories?post=308238"},{"taxonomy":"post_tag","embeddable":true,"href":"https:\/\/tucomarca.whitekongsoftware.com\/ca\/wp-json\/wp\/v2\/tags?post=308238"}],"curies":[{"name":"wp","href":"https:\/\/api.w.org\/{rel}","templated":true}]}}