{"id":308226,"date":"2026-07-17T11:30:00","date_gmt":"2026-07-17T09:30:00","guid":{"rendered":"https:\/\/www.tucomarca.com\/wordpress\/segunda\/?p=308226"},"modified":"2026-07-17T18:07:26","modified_gmt":"2026-07-17T16:07:26","slug":"la-generalitat-completa-la-gestio-de-subvencions-a-familiars-de-les-victimes-mortals-de-la-dana-amb-469-ajudes-concedides-per-import-de-1728-milions-deuros","status":"publish","type":"post","link":"https:\/\/tucomarca.whitekongsoftware.com\/ca\/la-generalitat-completa-la-gestio-de-subvencions-a-familiars-de-les-victimes-mortals-de-la-dana-amb-469-ajudes-concedides-per-import-de-1728-milions-deuros\/","title":{"rendered":"La Generalitat completa la gesti\u00f3 de subvencions a familiars de les v\u00edctimes mortals de la DANA amb 469 ajudes concedides per import de 17,28 milions d&#8217;euros"},"content":{"rendered":"\n<h3 class=\"wp-block-heading\">En les pr\u00f2ximes setmanes es comen\u00e7aran a abonar aquestes ajudes, els expedients de les quals es troben ja en fase de gesti\u00f3 econ\u00f2mica.<\/h3>\n\n\n\n<h3 class=\"wp-block-heading\">Les ajudes destinen 80.000 euros per v\u00edctima a repartir entre els beneficiaris segons l&#8217;ordre establit en la norma (c\u00f2njuge, parella, fills, o en defecte d&#8217;aix\u00f2, pares, avis i germans).<\/h3>\n\n\n\n<p class=\"wp-block-paragraph\">La Generalitat ha completat la gesti\u00f3 d&#8217;ajudes destinades a familiars de v\u00edctimes mortals de la DANA amb la concessi\u00f3 d&#8217;un total de 469 subvencions per un import global de 17,28 milions d&#8217;euros.\u00a0<\/p>\n\n\n\n<p class=\"wp-block-paragraph\">En les pr\u00f2ximes setmanes, el Consell comen\u00e7ar\u00e0 a abonar aquestes ajudes els expedients de les quals es troben ja en la fase de gesti\u00f3 econ\u00f2mica. Les dades confirmen que, a penes mes i mig despr\u00e9s que finalitzara el termini de presentaci\u00f3 de sol\u00b7licituds, el passat 25 de maig, la Generalitat ha resolt ja la totalitat de les ajudes sol\u00b7licitades per familiars de v\u00edctimes mortals.<\/p>\n\n\n\n<p class=\"wp-block-paragraph\">Aquestes ajudes s&#8217;emmarquen en el Decret 23\/2026, de 20 de febrer, del Consell, que estableix una quantitat de 80.000 euros per v\u00edctima mortal, xifra que es distribueix entre els beneficiaris que acrediten el seu dret conforme a l&#8217;ordre establit en la normativa.<\/p>\n\n\n\n<p class=\"wp-block-paragraph\">Aix\u00ed, els beneficiaris poden ser el c\u00f2njuge no separat legalment o la persona que mantinguera una relaci\u00f3 an\u00e0loga d&#8217;afectivitat; els fills de la persona morta, aix\u00ed com els fills que, no sent-ho del mort, ho foren de la persona c\u00f2njuge o parella; i, en defecte d&#8217;aix\u00f2, els pares, avis o germans.<\/p>\n\n\n\n<p class=\"wp-block-paragraph\">Aquestes ajudes concedides es corresponen amb un total de 216 v\u00edctimes mortals els familiars de les quals les han sol\u00b7licitades. En la resta de casos, no s&#8217;ha presentat cap sol\u00b7licitud per part de possibles beneficiaris.&nbsp;<\/p>\n\n\n\n<p class=\"wp-block-paragraph\">El Consell ha acabat aix\u00ed la segona i \u00faltima resoluci\u00f3 d&#8217;ajudes a v\u00edctimes mortals en la qual s&#8217;han concedit 259 subvencions que se sumen a les 210 concedides en la primera resoluci\u00f3, i que sumades conformen la xifra global de 469 ajudes concedides.&nbsp;<\/p>\n\n\n\n<p class=\"wp-block-paragraph\">El comissionat per a la Recuperaci\u00f3, Ra\u00fal M\u00e8rida, ha explicat que &#8220;aquestes ajudes no pretenen compensar un mal irreparable com \u00e9s la p\u00e8rdua d&#8217;una vida humana, per\u00f2 s\u00ed que proporcionar un suport econ\u00f2mic que permeta mitigar les dificultats sobrevingudes a les quals han hagut de fer front moltes fam\u00edlies i contribuir a la seua estabilitat econ\u00f2mica\u201d.<\/p>\n\n\n\n<p class=\"wp-block-paragraph\"><strong>Ajudes directes<\/strong><\/p>\n\n\n\n<p class=\"wp-block-paragraph\">La gesti\u00f3 d&#8217;aquestes ajudes ha sigut desenvolupada per la Direcci\u00f3 General d&#8217;Atenci\u00f3 a les V\u00edctimes i als Afectats, dependent del Comissionat per a la Recuperaci\u00f3, amb l&#8217;objectiu de proporcionar suport econ\u00f2mic a les fam\u00edlies que han hagut d&#8217;afrontar les conseq\u00fc\u00e8ncies m\u00e9s greus de la dana.<\/p>\n\n\n\n<p class=\"wp-block-paragraph\">Es tracta d&#8217;ajudes directes compatibles amb altres subvencions o indemnitzacions procedents d&#8217;administracions p\u00fabliques, entitats privades o companyies asseguradores i que, a m\u00e9s, estan exemptes de tributaci\u00f3 en l&#8217;Impost sobre la Renda de les Persones F\u00edsiques.<\/p>\n\n\n\n<p class=\"wp-block-paragraph\">Amb la resoluci\u00f3 d&#8217;aquests expedients, la Generalitat culmina una de les principals l\u00ednies de suport previstes per a atendre els familiars de les v\u00edctimes mortals de la dana i contribuir a la seua estabilitat econ\u00f2mica i al seu proc\u00e9s de recuperaci\u00f3, avan\u00e7ant ara cap a la fase final de pagament de les ajudes concedides.<\/p>\n\n\n\n<p class=\"wp-block-paragraph\">Despr\u00e9s de resoldre aquests expedients, la Generalitat continuar\u00e0 amb la tramitaci\u00f3 de les ajudes dirigides a afectats per la dana amb incapacitat permanent absoluta.<\/p>\n","protected":false},"excerpt":{"rendered":"<div class=\"mh-excerpt\">En les pr\u00f2ximes setmanes es comen\u00e7aran a abonar aquestes ajudes, els expedients de les quals es troben ja en fase de gesti\u00f3 econ\u00f2mica. Les ajudes destinen 80.000 euros per v\u00edctima a repartir entre els beneficiaris <a class=\"mh-excerpt-more\" href=\"https:\/\/tucomarca.whitekongsoftware.com\/ca\/la-generalitat-completa-la-gestio-de-subvencions-a-familiars-de-les-victimes-mortals-de-la-dana-amb-469-ajudes-concedides-per-import-de-1728-milions-deuros\/\" title=\"La Generalitat completa la gesti\u00f3 de subvencions a familiars de les v\u00edctimes mortals de la DANA amb 469 ajudes concedides per import de 17,28 milions d&#8217;euros\">[+] <\/a><\/div>\n","protected":false},"author":13,"featured_media":243885,"comment_status":"closed","ping_status":"open","sticky":false,"template":"","format":"standard","meta":{"footnotes":""},"categories":[21466,10898,10948,10894,10904,10903,10947,10896,10897],"tags":[15409,11498,15325,11199],"class_list":["post-308226","post","type-post","status-publish","format-standard","has-post-thumbnail","category-dana-ca","category-ventana-ca","category-infraestructuras-ca","category-la-comarca-ca","category-sin-categorizar-ca","category-medio-ambiente-la-comarca-ca","category-politica","category-seccion-ca","category-sucesos-la-comarca-ca","tag-dana-2-ca","tag-generalitat-valenciana-ca","tag-gva-ca","tag-la-comunitat-ca"],"_links":{"self":[{"href":"https:\/\/tucomarca.whitekongsoftware.com\/ca\/wp-json\/wp\/v2\/posts\/308226","targetHints":{"allow":["GET"]}}],"collection":[{"href":"https:\/\/tucomarca.whitekongsoftware.com\/ca\/wp-json\/wp\/v2\/posts"}],"about":[{"href":"https:\/\/tucomarca.whitekongsoftware.com\/ca\/wp-json\/wp\/v2\/types\/post"}],"author":[{"embeddable":true,"href":"https:\/\/tucomarca.whitekongsoftware.com\/ca\/wp-json\/wp\/v2\/users\/13"}],"replies":[{"embeddable":true,"href":"https:\/\/tucomarca.whitekongsoftware.com\/ca\/wp-json\/wp\/v2\/comments?post=308226"}],"version-history":[{"count":3,"href":"https:\/\/tucomarca.whitekongsoftware.com\/ca\/wp-json\/wp\/v2\/posts\/308226\/revisions"}],"predecessor-version":[{"id":308252,"href":"https:\/\/tucomarca.whitekongsoftware.com\/ca\/wp-json\/wp\/v2\/posts\/308226\/revisions\/308252"}],"wp:featuredmedia":[{"embeddable":true,"href":"https:\/\/tucomarca.whitekongsoftware.com\/ca\/wp-json\/wp\/v2\/media\/243885"}],"wp:attachment":[{"href":"https:\/\/tucomarca.whitekongsoftware.com\/ca\/wp-json\/wp\/v2\/media?parent=308226"}],"wp:term":[{"taxonomy":"category","embeddable":true,"href":"https:\/\/tucomarca.whitekongsoftware.com\/ca\/wp-json\/wp\/v2\/categories?post=308226"},{"taxonomy":"post_tag","embeddable":true,"href":"https:\/\/tucomarca.whitekongsoftware.com\/ca\/wp-json\/wp\/v2\/tags?post=308226"}],"curies":[{"name":"wp","href":"https:\/\/api.w.org\/{rel}","templated":true}]}}