{"id":308220,"date":"2026-07-17T10:30:00","date_gmt":"2026-07-17T08:30:00","guid":{"rendered":"https:\/\/www.tucomarca.com\/wordpress\/segunda\/?p=308220"},"modified":"2026-07-17T18:00:52","modified_gmt":"2026-07-17T16:00:52","slug":"perez-llorca-transferim-16-milions-deuros-per-a-la-climatitzacio-urgent-de-1-616-centres-educatius-de-la-comunitat-valenciana","status":"publish","type":"post","link":"https:\/\/tucomarca.whitekongsoftware.com\/ca\/perez-llorca-transferim-16-milions-deuros-per-a-la-climatitzacio-urgent-de-1-616-centres-educatius-de-la-comunitat-valenciana\/","title":{"rendered":"P\u00e9rez Llorca: \u201cTransferim 16 milions d\u2019euros per a la climatitzaci\u00f3 urgent de 1.616 centres educatius de la Comunitat Valenciana\u201d"},"content":{"rendered":"\n<h3 class=\"wp-block-heading\"><strong>El president de la Generalitat complix el seu comprom\u00eds i assegura que esta dotaci\u00f3, que oscil\u00b7la entre els 5.000 i els 25.000 euros per centre, permetr\u00e0 finan\u00e7ar projectes per a millorar el confort t\u00e8rmic en\u00a0les aules<\/strong>.<\/h3>\n\n\n\n<h3 class=\"wp-block-heading\"><strong>Assenyala que esta actuaci\u00f3 es complementa amb el Pla EduClima amb una inversi\u00f3 de 140 milions d\u2019euros per a climatitzar totes les aules de centres p\u00fablics i amb el Pla Recole que mobilitzar\u00e0 40 milions per a la renovaci\u00f3 i millora dels centres educatius<\/strong>.<\/h3>\n\n\n\n<p class=\"wp-block-paragraph\">El president de la Generalitat, Juanfran P\u00e9rez Llorca, ha anunciat que la Generalitat ha transferit 16 milions d\u2019euros \u201cper a dur a terme la climatitzaci\u00f3 urgent de 1.616 centres educatius de la Comunitat Valenciana, la qual cosa permetr\u00e0 que els col\u00b7legis tinguen els recursos necessaris per a actuar abans del comen\u00e7ament del pr\u00f2xim curs escolar\u201d.<\/p>\n\n\n\n<p class=\"wp-block-paragraph\">El cap del Consell ha assegurat que amb esta dotaci\u00f3 extraordin\u00e0ria \u201ccomplim amb la comunitat educativa amb uns recursos que ja estan en els comptes dels centres perqu\u00e8 puguen actuar de manera immediata all\u00ed a on m\u00e9s es necessita i garantir que els nostres alumnes i docents desenrotllen la seua activitat en les millors condicions possibles\u201d.<\/p>\n\n\n\n<p class=\"wp-block-paragraph\">Les dotacions, que oscil\u00b7len entre els 5.000 i els 25.000 euros per centre, permetran finan\u00e7ar mesures provisionals de climatitzaci\u00f3, inclosa l\u2019adquisici\u00f3 i instal\u00b7laci\u00f3 d\u2019equips port\u00e0tils d\u2019aire condicionat, aix\u00ed com les actuacions auxiliars necess\u00e0ries per a garantir el seu funcionament segur i eficient.<\/p>\n\n\n\n<p class=\"wp-block-paragraph\">En concret, les transfer\u00e8ncies s\u2019han realitzat a 1.172 col\u00b7legis d\u2019Educaci\u00f3 Infantil i Prim\u00e0ria (CEIP), centres d\u2019Educaci\u00f3 Especial (CEE) i centres de Formaci\u00f3 de Persones Adultes (FPA), mentres que els 444 restants s\u00f3n centres que impartixen Educaci\u00f3 Secund\u00e0ria, Batxillerat, Formaci\u00f3 Professional, Ensenyances Art\u00edstiques de M\u00fasica i Dansa, Ensenyances d\u2019Arts Pl\u00e0stiques i Disseny, Ensenyances Esportives i Escoles Oficials d\u2019Idiomes (EOI).<\/p>\n\n\n\n<p class=\"wp-block-paragraph\">En paral\u00b7lel a esta transfer\u00e8ncia, la Conselleria d\u2019Educaci\u00f3 ha rem\u00e9s als centres les instruccions que regulen la utilitzaci\u00f3 d\u2019este finan\u00e7ament extraordinari. El document establix els criteris t\u00e8cnics i administratius per a l\u2019adquisici\u00f3 i instal\u00b7laci\u00f3 dels equips, aix\u00ed com les actuacions complement\u00e0ries necess\u00e0ries per a garantir la seguretat de les instal\u00b7lacions i la seua compatibilitat amb la xarxa el\u00e8ctrica de cada centre.<\/p>\n\n\n\n<p class=\"wp-block-paragraph\">Aix\u00ed mateix, la instrucci\u00f3 fixa que les actuacions hauran d\u2019executar-se, amb car\u00e0cter general, abans d\u2019octubre de 2026, i s\u2019ampliar\u00e0 el termini fins a mar\u00e7 de 2027 en els casos que requerisquen adaptar la instal\u00b7laci\u00f3 el\u00e8ctrica. Igualment, es prioritzaran les aules amb m\u00e9s problemes de confort t\u00e8rmic, atenent criteris objectius com la seua orientaci\u00f3, ubicaci\u00f3 dins de l\u2019edifici o abs\u00e8ncia de sistemes de protecci\u00f3 solar.<\/p>\n\n\n\n<p class=\"wp-block-paragraph\"><strong>Un pla integral per a climatitzar totes les aules<\/strong><\/p>\n\n\n\n<p class=\"wp-block-paragraph\">El cap del Consell ha explicat que amb esta mesura \u201cestem donant una resposta immediata a una necessitat que no podia esperar, dotant els equips directius dels centres educatius de recursos i d\u2019autonomia per a decidir a on actuar primer, perqu\u00e8 s\u00f3n els qui millor coneixen les necessitats dels seus centres\u201d.<\/p>\n\n\n\n<p class=\"wp-block-paragraph\">P\u00e9rez Llorca ha destacat que esta actuaci\u00f3 forma part d\u2019una estrat\u00e8gia integral per a modernitzar les infraestructures educatives de la Comunitat Valenciana.&nbsp;<\/p>\n\n\n\n<p class=\"wp-block-paragraph\">En este sentit, ha recordat que el Pla EduClima comptar\u00e0 amb una inversi\u00f3 de 140 milions d\u2019euros per al per\u00edode 2026-2029 per a climatitzar la totalitat de les aules dels centres p\u00fablics \u201cmitjan\u00e7ant solucions permanents, eficients i sostenibles, dels quals 32 milions ja estan consignats en els pressupostos de 2026\u201d.<\/p>\n\n\n\n<p class=\"wp-block-paragraph\">A esta iniciativa se sumar\u00e0 el Pla Recole, que mobilitzar\u00e0 40 milions d\u2019euros per a la renovaci\u00f3 i millora dels centres educatius p\u00fablics, amb una primera dotaci\u00f3 de 10 milions d\u2019euros este mateix any destinada a refor\u00e7ar la capacitat d\u2019actuaci\u00f3 dels ajuntaments.<\/p>\n\n\n\n<p class=\"wp-block-paragraph\">El Pla EduClima i el Pla Recole formen part d\u2019una estrat\u00e8gia molt m\u00e9s \u00e0mplia, amb una inversi\u00f3 hist\u00f2rica de 3.338 milions d\u2019euros per a construir, renovar i modernitzar els centres educatius de la Comunitat Valenciana.<\/p>\n\n\n\n<p class=\"wp-block-paragraph\">\u201cDavant d\u2019anys d\u2019inversions insuficients, este Consell est\u00e0 oferint planificaci\u00f3, recursos i solucions a problemes que fa anys que no es resolen\u201d, ha concl\u00f2s P\u00e9rez Llorca.<\/p>\n","protected":false},"excerpt":{"rendered":"<div class=\"mh-excerpt\">El president de la Generalitat complix el seu comprom\u00eds i assegura que esta dotaci\u00f3, que oscil\u00b7la entre els 5.000 i els 25.000 euros per centre, permetr\u00e0 finan\u00e7ar projectes per a millorar el confort t\u00e8rmic en\u00a0les <a class=\"mh-excerpt-more\" href=\"https:\/\/tucomarca.whitekongsoftware.com\/ca\/perez-llorca-transferim-16-milions-deuros-per-a-la-climatitzacio-urgent-de-1-616-centres-educatius-de-la-comunitat-valenciana\/\" title=\"P\u00e9rez Llorca: \u201cTransferim 16 milions d\u2019euros per a la climatitzaci\u00f3 urgent de 1.616 centres educatius de la Comunitat Valenciana\u201d\">[+] <\/a><\/div>\n","protected":false},"author":13,"featured_media":308218,"comment_status":"closed","ping_status":"open","sticky":false,"template":"","format":"standard","meta":{"footnotes":""},"categories":[10898,10948,10894,10904,11007,10947,10896],"tags":[15325,12903,23466,11199],"class_list":["post-308220","post","type-post","status-publish","format-standard","has-post-thumbnail","category-ventana-ca","category-infraestructuras-ca","category-la-comarca-ca","category-sin-categorizar-ca","category-ocio-y-cultura-ca","category-politica","category-seccion-ca","tag-gva-ca","tag-infraestructuras-ca","tag-juanfran-perez-llorca-ca","tag-la-comunitat-ca"],"_links":{"self":[{"href":"https:\/\/tucomarca.whitekongsoftware.com\/ca\/wp-json\/wp\/v2\/posts\/308220","targetHints":{"allow":["GET"]}}],"collection":[{"href":"https:\/\/tucomarca.whitekongsoftware.com\/ca\/wp-json\/wp\/v2\/posts"}],"about":[{"href":"https:\/\/tucomarca.whitekongsoftware.com\/ca\/wp-json\/wp\/v2\/types\/post"}],"author":[{"embeddable":true,"href":"https:\/\/tucomarca.whitekongsoftware.com\/ca\/wp-json\/wp\/v2\/users\/13"}],"replies":[{"embeddable":true,"href":"https:\/\/tucomarca.whitekongsoftware.com\/ca\/wp-json\/wp\/v2\/comments?post=308220"}],"version-history":[{"count":1,"href":"https:\/\/tucomarca.whitekongsoftware.com\/ca\/wp-json\/wp\/v2\/posts\/308220\/revisions"}],"predecessor-version":[{"id":308222,"href":"https:\/\/tucomarca.whitekongsoftware.com\/ca\/wp-json\/wp\/v2\/posts\/308220\/revisions\/308222"}],"wp:featuredmedia":[{"embeddable":true,"href":"https:\/\/tucomarca.whitekongsoftware.com\/ca\/wp-json\/wp\/v2\/media\/308218"}],"wp:attachment":[{"href":"https:\/\/tucomarca.whitekongsoftware.com\/ca\/wp-json\/wp\/v2\/media?parent=308220"}],"wp:term":[{"taxonomy":"category","embeddable":true,"href":"https:\/\/tucomarca.whitekongsoftware.com\/ca\/wp-json\/wp\/v2\/categories?post=308220"},{"taxonomy":"post_tag","embeddable":true,"href":"https:\/\/tucomarca.whitekongsoftware.com\/ca\/wp-json\/wp\/v2\/tags?post=308220"}],"curies":[{"name":"wp","href":"https:\/\/api.w.org\/{rel}","templated":true}]}}