{"id":308216,"date":"2026-07-20T09:00:00","date_gmt":"2026-07-20T07:00:00","guid":{"rendered":"https:\/\/www.tucomarca.com\/wordpress\/segunda\/?p=308216"},"modified":"2026-07-20T11:21:03","modified_gmt":"2026-07-20T09:21:03","slug":"lartistica-encarregada-de-clausurar-la-xviii-biennal-de-musica-de-bunyol","status":"publish","type":"post","link":"https:\/\/tucomarca.whitekongsoftware.com\/ca\/lartistica-encarregada-de-clausurar-la-xviii-biennal-de-musica-de-bunyol\/","title":{"rendered":"&#8220;L&#8217;Art\u00edstica&#8221;, encarregada de clausurar la XVIII Biennal de M\u00fasica de Bunyol"},"content":{"rendered":"\n<p class=\"wp-block-paragraph\">La Banda Simf\u00f2nica de la Societat Musical L&#8217;Art\u00edstica de Bunyol ser\u00e0 l&#8217;encarregada de posar el fermall final a la XVIII Biennal de M\u00fasica de Bunyol amb un concert de clausura que tindr\u00e0 lloc dissabte que ve 25 de juliol, a les 22.30 hores, a l&#8217;Auditori Municipal de Sant Llu\u00eds, sota la direcci\u00f3 del seu director titular, Josep Gil Gil.<\/p>\n\n\n\n<p class=\"wp-block-paragraph\">Per a aquesta ocasi\u00f3 tan especial per a Bunyol, \u201cEls Lletjos\u201d ha preparat un programa de gran qualitat art\u00edstica sota el t\u00edtol \u201cStravinski i Falla: Dos genis a Par\u00eds 1919\u201d, que inclou dos ballets que han pres una gran import\u00e0ncia dins del repertori simf\u00f2nic.<\/p>\n\n\n\n<p class=\"wp-block-paragraph\">El barret de tres pics, de Manuel de Falla, basat en una novel\u00b7la hom\u00f2nima de Pedro Antoni d&#8217;Alarc\u00f3n, es va estrenar en 1919 a Londres obtuviendo un rotund \u00e8xit. Despr\u00e9s de l&#8217;estrena del ballet, Falla va compondre dues suites orquestrals amb el mateix t\u00edtol. En aquesta ocasi\u00f3, podrem gaudir de l&#8217;obra completa en la seua transcripci\u00f3 per a banda.<\/p>\n\n\n\n<p class=\"wp-block-paragraph\">L&#8217;ocell de foc, d&#8217;Igor Stravinski, \u00e9s una de les obres m\u00edtiques del repertori de L&#8217;Art\u00edstica en la seua hist\u00f2ria. Va ser estrenada en l&#8217;\u00d2pera de Par\u00eds en 1910. A m\u00e9s del ballet, Stravinski va arreglar tres suites per a concert, una de les quals, adaptada per a banda, sonar\u00e0 a l&#8217;Auditori de Sant Llu\u00eds.<\/p>\n\n\n\n<p class=\"wp-block-paragraph\">Aquest concert suposa el tancament de la 18a edici\u00f3 de la Biennal de M\u00fasica de Bunyol, un esdeveniment cultural de refer\u00e8ncia que reuneix int\u00e8rprets, aficionats i amants de la m\u00fasica durant dues setmanes en les quals la localitat es bolca amb el seu tradicional cultural m\u00e9s arrelada.<\/p>\n\n\n\n<p class=\"wp-block-paragraph\">Des de la Societat Musical L&#8217;Art\u00edstica de Bunyol convidem a tots els nostres socis, s\u00f2cies, simpatitzants i p\u00fablic en general perqu\u00e8 ens acompanyen en aquesta vetlada. La vostra pres\u00e8ncia ser\u00e0 el millor reconeixement a l&#8217;esfor\u00e7, la dedicaci\u00f3 i la il\u00b7lusi\u00f3 amb la qual els nostres m\u00fasics i el nostre director preparen cada concert.<\/p>\n","protected":false},"excerpt":{"rendered":"<div class=\"mh-excerpt\">La Banda Simf\u00f2nica de la Societat Musical L&#8217;Art\u00edstica de Bunyol ser\u00e0 l&#8217;encarregada de posar el fermall final a la XVIII Biennal de M\u00fasica de Bunyol amb un concert de clausura que tindr\u00e0 lloc dissabte que <a class=\"mh-excerpt-more\" href=\"https:\/\/tucomarca.whitekongsoftware.com\/ca\/lartistica-encarregada-de-clausurar-la-xviii-biennal-de-musica-de-bunyol\/\" title=\"&#8220;L&#8217;Art\u00edstica&#8221;, encarregada de clausurar la XVIII Biennal de M\u00fasica de Bunyol\">[+] <\/a><\/div>\n","protected":false},"author":12,"featured_media":308214,"comment_status":"closed","ping_status":"open","sticky":false,"template":"","format":"standard","meta":{"footnotes":""},"categories":[11019,10911,11005,10894,10912,11007,10896],"tags":[10913,10914,11154,24572],"class_list":["post-308216","post","type-post","status-publish","format-standard","has-post-thumbnail","category-agenda-ca","category-bunol-ca","category-canal-musica","category-la-comarca-ca","category-la-hoya-ca","category-ocio-y-cultura-ca","category-seccion-ca","tag-bunol-ca","tag-la-hoya-de-bunol-chiva-ca","tag-sm-la-artistica-de-bunol-ca","tag-xviii-bienal-de-musica-de-bunol"],"_links":{"self":[{"href":"https:\/\/tucomarca.whitekongsoftware.com\/ca\/wp-json\/wp\/v2\/posts\/308216","targetHints":{"allow":["GET"]}}],"collection":[{"href":"https:\/\/tucomarca.whitekongsoftware.com\/ca\/wp-json\/wp\/v2\/posts"}],"about":[{"href":"https:\/\/tucomarca.whitekongsoftware.com\/ca\/wp-json\/wp\/v2\/types\/post"}],"author":[{"embeddable":true,"href":"https:\/\/tucomarca.whitekongsoftware.com\/ca\/wp-json\/wp\/v2\/users\/12"}],"replies":[{"embeddable":true,"href":"https:\/\/tucomarca.whitekongsoftware.com\/ca\/wp-json\/wp\/v2\/comments?post=308216"}],"version-history":[{"count":3,"href":"https:\/\/tucomarca.whitekongsoftware.com\/ca\/wp-json\/wp\/v2\/posts\/308216\/revisions"}],"predecessor-version":[{"id":308310,"href":"https:\/\/tucomarca.whitekongsoftware.com\/ca\/wp-json\/wp\/v2\/posts\/308216\/revisions\/308310"}],"wp:featuredmedia":[{"embeddable":true,"href":"https:\/\/tucomarca.whitekongsoftware.com\/ca\/wp-json\/wp\/v2\/media\/308214"}],"wp:attachment":[{"href":"https:\/\/tucomarca.whitekongsoftware.com\/ca\/wp-json\/wp\/v2\/media?parent=308216"}],"wp:term":[{"taxonomy":"category","embeddable":true,"href":"https:\/\/tucomarca.whitekongsoftware.com\/ca\/wp-json\/wp\/v2\/categories?post=308216"},{"taxonomy":"post_tag","embeddable":true,"href":"https:\/\/tucomarca.whitekongsoftware.com\/ca\/wp-json\/wp\/v2\/tags?post=308216"}],"curies":[{"name":"wp","href":"https:\/\/api.w.org\/{rel}","templated":true}]}}