{"id":308177,"date":"2026-07-16T10:45:00","date_gmt":"2026-07-16T08:45:00","guid":{"rendered":"https:\/\/www.tucomarca.com\/wordpress\/segunda\/?p=308177"},"modified":"2026-07-16T20:27:33","modified_gmt":"2026-07-16T18:27:33","slug":"la-diputacio-financa-la-reforma-del-camp-de-futbol-de-tous-i-la-renovacio-de-jocs-infantils-en-manuel","status":"publish","type":"post","link":"https:\/\/tucomarca.whitekongsoftware.com\/ca\/la-diputacio-financa-la-reforma-del-camp-de-futbol-de-tous-i-la-renovacio-de-jocs-infantils-en-manuel\/","title":{"rendered":"La Diputaci\u00f3 finan\u00e7a la reforma del camp de futbol de Tous i la renovaci\u00f3 de jocs infantils en Manuel"},"content":{"rendered":"\n<h3 class=\"wp-block-heading\">L&#8217;\u00faltim decret del Pla Obert, el gran programa inversor que coordina la vicepresidenta Nat\u00e0lia Enguix, aprova invertir 540.000 en tres nous projectes a la Ribera Alta i un altre a la Ribera Baixa.<\/h3>\n\n\n\n<p class=\"wp-block-paragraph\">La Diputaci\u00f3 de Val\u00e8ncia ha aprovat quatre nous projectes a les comarques de la Ribera Alta i la Ribera Baixa, per als quals destinar\u00e0 un total de 540.000 euros. L&#8217;\u00faltim decret del Pla Obert, el programa inversor que coordina la vicepresidenta Nat\u00e0lia Enguix, ha donat llum verda a tres noves actuacions que es realitzaran en els municipis de Tous i Manuel (Ribera Alta), i una altra en la localitat de Fortaleny (Ribera Baixa).<\/p>\n\n\n\n<p class=\"wp-block-paragraph\">El projecte m\u00e9s destacat \u00e9s el de la rehabilitaci\u00f3 del camp de futbol situat en el poliesportiu de Tous, que inclou la instal\u00b7laci\u00f3 d&#8217;una nova gespa artificial. Es tracta d&#8217;una important actuaci\u00f3 per al poble, finan\u00e7ada amb 312.000 euros de la Diputaci\u00f3. A m\u00e9s, l&#8217;Ajuntament de Tous ha obtingut el vistiplau per a renovar la xarxa d&#8217;aigua potable en la travessia de San Miguel, i per a eliminar barreres arquitect\u00f2niques i millorar l&#8217;accessibilitat als carrers Miguel Ort\u00ed Bord\u00e1s, Val\u00e8ncia, Cervantes i Calvo Sotelo.<\/p>\n\n\n\n<p class=\"wp-block-paragraph\">Tamb\u00e9 destaca el projecte aprovat en la localitat de Manuel, que rep 157.000 de la instituci\u00f3 provincial. Es tracta de la renovaci\u00f3 dels jocs infantils que estan situats en la pla\u00e7a Caixa d&#8217;Estalvis, a m\u00e9s de la construcci\u00f3 d&#8217;un parc nou empla\u00e7at en l&#8217;\u00e0rea de jocs del poliesportiu municipal. En la ve\u00efna comarca de la Ribera Baixa, l&#8217;Ajuntament de Fortaleny podr\u00e0 adquirir nou mobiliari per al Bar la Creu.<\/p>\n\n\n\n<p class=\"wp-block-paragraph\"><strong>Nou decret del Pla Obert<\/strong><\/p>\n\n\n\n<p class=\"wp-block-paragraph\">A nivell provincial, la Diputaci\u00f3 de Val\u00e8ncia ha donat llum verda a un nou decret del Pla Obert amb set milions d&#8217;euros que finan\u00e7aran 45 projectes presentats per 35 ajuntaments i tres mancomunitats de 14 comarques. Entre les actuacions aprovades destaquen l&#8217;habilitaci\u00f3 de la nova biblioteca d&#8217;Agullent, el punt d&#8217;encontre familiar de la Safor que coordina la mancomunitat i millores en parcs i poliesportius de diversos municipis. D&#8217;esta manera, el pla quadriennal coordinat per la vicepresidenta Nat\u00e0lia Enguix suma 1.228 projectes aprovats amb una inversi\u00f3 global de 191 milions d&#8217;euros.<\/p>\n\n\n\n<p class=\"wp-block-paragraph\">La responsable de Cooperaci\u00f3 assenyala que els ajuntaments \u201cestan incrementant de manera considerable el ritme de presentaci\u00f3 dels projectes, i estem aprovant almenys un decret al mes amb desenes d&#8217;actuacions noves\u201d. El ritme creixent de les sol\u00b7licituds \u201cla ten\u00edem prevista quan varem planificar un programa a quatre anys per a evitar pressions i eliminar burocr\u00e0cia, i prova d&#8217;aix\u00f2 \u00e9s que enguany tenim preparats m\u00e9s de 100 milions d&#8217;euros per a atendre les demandes de municipis i mancomunitats\u201d, explica Enguix.<\/p>\n\n\n\n<p class=\"wp-block-paragraph\">La vicepresidenta mostra la seua satisfacci\u00f3 perqu\u00e8 \u201cm\u00e9s de la mitat de les propostes de millora que ens fan els pobles i ciutats tenen a veure amb la renovaci\u00f3 del cicle de l&#8217;aigua, zones verdes i instal\u00b7lacions esportives, superant \u00e0mpliament els percentatges m\u00ednims que varem fixar per a estos \u00e0mbits en considerar que s\u00f3n servicis b\u00e0sics que milloren la qualitat de vida a les nostres comarques\u201d. La resta s\u00f3n actuacions destinades principalment a habilitar o adequar espais p\u00fablics, reformar edificis i b\u00e9ns patrimonials, reurbanitzar carrers i millorar l&#8217;accessibilitat dels nuclis urbans, arreglar camins i adquirir vehicles i maquin\u00e0ria, aix\u00ed com iniciatives d&#8217;efici\u00e8ncia energ\u00e8tica com l&#8217;enllumenat led i les cobertes solars.<\/p>\n\n\n\n<p class=\"wp-block-paragraph\">Entre les propostes municipals aprovades per la Diputaci\u00f3 que presidix Vicent Momp\u00f3 destaca l&#8217;habilitaci\u00f3 de la nova biblioteca d&#8217;Agullent, a la Vall d&#8217;Albaida. El consistori que dirigix Pau Mu\u00f1oz va destinar 140.000 euros del Pla Obert a l&#8217;adquisici\u00f3 d&#8217;un edifici al carrer Major, amb la intenci\u00f3 de situar all\u00ed la biblioteca Ram\u00f3n Haro Esplugues i convertir-lo en seu de diferents associacions locals. Ara, amb una aportaci\u00f3 provincial de 436.000 euros, s&#8217;habilitar\u00e0 l&#8217;immoble per a convertir-lo en la biblioteca del municipi.<\/p>\n\n\n\n<p class=\"wp-block-paragraph\">El president Momp\u00f3 destaca que la corporaci\u00f3 ha aprovat prop del 60% del Pla Obert, amb centenars d&#8217;obres en marxa o ja executades en tota la prov\u00edncia. \u201cAlguns municipis ja han invertit el cent per cent de la seua assignaci\u00f3, i eixe \u00e9s l&#8217;objectiu que tenim per a tots els pobles, especialment els m\u00e9s xicotets, que aprofiten fins a l&#8217;\u00faltim euro d&#8217;este pla d&#8217;inversions hist\u00f2ric per a millorar les seues infraestructures i servicis\u201d, apunta el m\u00e0xim responsable provincial.<\/p>\n","protected":false},"excerpt":{"rendered":"<div class=\"mh-excerpt\">L&#8217;\u00faltim decret del Pla Obert, el gran programa inversor que coordina la vicepresidenta Nat\u00e0lia Enguix, aprova invertir 540.000 en tres nous projectes a la Ribera Alta i un altre a la Ribera Baixa. La Diputaci\u00f3 <a class=\"mh-excerpt-more\" href=\"https:\/\/tucomarca.whitekongsoftware.com\/ca\/la-diputacio-financa-la-reforma-del-camp-de-futbol-de-tous-i-la-renovacio-de-jocs-infantils-en-manuel\/\" title=\"La Diputaci\u00f3 finan\u00e7a la reforma del camp de futbol de Tous i la renovaci\u00f3 de jocs infantils en Manuel\">[+] <\/a><\/div>\n","protected":false},"author":12,"featured_media":298219,"comment_status":"closed","ping_status":"open","sticky":false,"template":"","format":"standard","meta":{"footnotes":""},"categories":[10898,10948,10894,10902,10998,10947,10896,11048],"tags":[11246,18862,19988,11356,13756],"class_list":["post-308177","post","type-post","status-publish","format-standard","has-post-thumbnail","category-ventana-ca","category-infraestructuras-ca","category-la-comarca-ca","category-la-ribera-ca","category-manuel-ca","category-politica","category-seccion-ca","category-tous-ca","tag-diputacio-de-valencia-ca","tag-manuel-ca","tag-pla-obert-dinversions-ca","tag-ribera-alta-ca","tag-tous-ca"],"_links":{"self":[{"href":"https:\/\/tucomarca.whitekongsoftware.com\/ca\/wp-json\/wp\/v2\/posts\/308177","targetHints":{"allow":["GET"]}}],"collection":[{"href":"https:\/\/tucomarca.whitekongsoftware.com\/ca\/wp-json\/wp\/v2\/posts"}],"about":[{"href":"https:\/\/tucomarca.whitekongsoftware.com\/ca\/wp-json\/wp\/v2\/types\/post"}],"author":[{"embeddable":true,"href":"https:\/\/tucomarca.whitekongsoftware.com\/ca\/wp-json\/wp\/v2\/users\/12"}],"replies":[{"embeddable":true,"href":"https:\/\/tucomarca.whitekongsoftware.com\/ca\/wp-json\/wp\/v2\/comments?post=308177"}],"version-history":[{"count":3,"href":"https:\/\/tucomarca.whitekongsoftware.com\/ca\/wp-json\/wp\/v2\/posts\/308177\/revisions"}],"predecessor-version":[{"id":308187,"href":"https:\/\/tucomarca.whitekongsoftware.com\/ca\/wp-json\/wp\/v2\/posts\/308177\/revisions\/308187"}],"wp:featuredmedia":[{"embeddable":true,"href":"https:\/\/tucomarca.whitekongsoftware.com\/ca\/wp-json\/wp\/v2\/media\/298219"}],"wp:attachment":[{"href":"https:\/\/tucomarca.whitekongsoftware.com\/ca\/wp-json\/wp\/v2\/media?parent=308177"}],"wp:term":[{"taxonomy":"category","embeddable":true,"href":"https:\/\/tucomarca.whitekongsoftware.com\/ca\/wp-json\/wp\/v2\/categories?post=308177"},{"taxonomy":"post_tag","embeddable":true,"href":"https:\/\/tucomarca.whitekongsoftware.com\/ca\/wp-json\/wp\/v2\/tags?post=308177"}],"curies":[{"name":"wp","href":"https:\/\/api.w.org\/{rel}","templated":true}]}}