{"id":308168,"date":"2026-07-16T08:50:00","date_gmt":"2026-07-16T06:50:00","guid":{"rendered":"https:\/\/www.tucomarca.com\/wordpress\/segunda\/?p=308168"},"modified":"2026-07-16T20:37:06","modified_gmt":"2026-07-16T18:37:06","slug":"la-diputacio-financa-amb-23-milions-deuros-15-nous-projectes-al-camp-de-turia-la-serrania-i-el-rincon-de-ademuz","status":"publish","type":"post","link":"https:\/\/tucomarca.whitekongsoftware.com\/ca\/la-diputacio-financa-amb-23-milions-deuros-15-nous-projectes-al-camp-de-turia-la-serrania-i-el-rincon-de-ademuz\/","title":{"rendered":"La Diputaci\u00f3 finan\u00e7a amb 2,3 milions d&#8217;euros 15 nous projectes al Camp de T\u00faria, la Serran\u00eda i el Rinc\u00f3n de Ademuz"},"content":{"rendered":"\n<h3 class=\"wp-block-heading\">Entre les actuacions aprovades en l&#8217;\u00faltim decret del Pla Obert destaquen la reforma d&#8217;un col\u00b7legi i la renovaci\u00f3 de zones verdes a Vilamarxant, aix\u00ed com la reurbanitzaci\u00f3 de dos carrers a Marines.<\/h3>\n\n\n\n<h3 class=\"wp-block-heading\">Tamb\u00e9 sobre\u00efx la substituci\u00f3 de la gespa del camp de futbol de Villar del Arzobispo i la pavimentaci\u00f3 de diverses zones a Castielfabib i Casas Altas, finan\u00e7ades amb el programa inversor que coordina la vicepresidenta Enguix.<\/h3>\n\n\n\n<p class=\"wp-block-paragraph\">La Diputaci\u00f3 de Val\u00e8ncia ha aprovat 15 nous projectes a les comarques del Camp de T\u00faria, la Serran\u00eda i el Rinc\u00f3n de Ademuz, per als quals destinar\u00e0 un total de 2,3 milions d&#8217;euros. L&#8217;\u00faltim decret del Pla Obert, el programa inversor que coordina la vicepresidenta Nat\u00e0lia Enguix, ha donat llum verda a set noves actuacions que es realitzaran en cinc municipis del Camp de T\u00faria, quatre en altres tantes localitats de la Serran\u00eda, i altres quatre en tres pobles del Rinc\u00f3n de Ademuz.<\/p>\n\n\n\n<p class=\"wp-block-paragraph\">L&#8217;Ajuntament de Vilamarxant ha obtingut l&#8217;aprovaci\u00f3 de dos importants projectes per al municipi, com s\u00f3n les obres de reforma en el col\u00b7legi d&#8217;educaci\u00f3 prim\u00e0ria \u2018Horta Major\u2019, per a les quals rebr\u00e0 128.000 euros de la Diputaci\u00f3; i les actuacions de millora en les zones verdes del carrer Sant Jaume, la pla\u00e7a del Pilar, el carrer Mariano Benlliure i el carrer Pu\u00e7ol, amb una inversi\u00f3 de 354.000 euros.<\/p>\n\n\n\n<p class=\"wp-block-paragraph\">Un altre projecte destacat al Camp de T\u00faria \u00e9s el de reurbanitzaci\u00f3 dels carrers Miguel Hern\u00e1ndez, G\u00e1tova i Col\u00f3n de la localitat de Marines, finan\u00e7at amb 589.000 euros de la instituci\u00f3 provincial. Per part seua, l&#8217;Ajuntament d&#8217;Olocau renovar\u00e0 la xarxa d&#8217;aigua potable en diversos carrers de la Urbanitzaci\u00f3 de La Lloma i la Urbanitzaci\u00f3 Rocha de Quito; mentres que N\u00e0quera reformar\u00e0 el Parc Urb\u00e0 del Carrer Alqueria.<\/p>\n\n\n\n<p class=\"wp-block-paragraph\">Finalment, el municipi de Serra ha rebut el vistiplau a dos projectes presentats: l&#8217;adequaci\u00f3 dels camins de la Serr\u00e0 i Potrillos i la urbanitzaci\u00f3 de la pla\u00e7a del Castell. Tots estos projectes aprovats al Camp de T\u00faria suposen una inversi\u00f3 total de 1,54 milions d&#8217;euros.<\/p>\n\n\n\n<p class=\"wp-block-paragraph\">En la Serran\u00eda, que rep 574.000 euros en este \u00faltim decret, el projecte m\u00e9s destacat \u00e9s el de la substituci\u00f3 de la gespa artificial del camp de futbol municipal de Villar del Arzobispo, que suposar\u00e0 un desemborsament de 336.000 euros. A m\u00e9s, l&#8217;Ajuntament d&#8217;Alpuente podr\u00e0 iniciar l&#8217;adequaci\u00f3 de la sala polivalent de la Casa de la Cultura gr\u00e0cies als 139.000 euros procedents de fons provincials. Losa del Obispo, per part seua, ha vist aprovat el seu projecte de construcci\u00f3 d&#8217;un dep\u00f2sit d&#8217;aigua potable amb capacitat per a 224 m\u00b3; mentres que Sot de Chera adquirir\u00e0 una caseta de telefonia.<\/p>\n\n\n\n<p class=\"wp-block-paragraph\">En el Rinc\u00f3n de Ademuz, hi ha dos actuacions aprovades a Casas Altas: la creaci\u00f3 d&#8217;un mural en la fa\u00e7ana del pavell\u00f3 municipal, i la millora de la pavimentaci\u00f3 en la carretera Val\u00e8ncia-Ademuz. Tamb\u00e9 es realitzaran obres de pavimentaci\u00f3 en la plaza Barrio del Medio de Arroyo Cerezo, en el municipi de Castielfabib. Finalment, l&#8217;Ajuntament de Vallanca podr\u00e0 instal\u00b7lar mobiliari per al seu observatori astron\u00f2mic gr\u00e0cies als diners del Pla Obert.<\/p>\n\n\n\n<p class=\"wp-block-paragraph\"><strong>Nou decret del Pla Obert<\/strong><\/p>\n\n\n\n<p class=\"wp-block-paragraph\">A nivell provincial, la Diputaci\u00f3 de Val\u00e8ncia ha donat llum verda a un nou decret del Pla Obert amb set milions d&#8217;euros que finan\u00e7aran 45 projectes presentats per 35 ajuntaments i tres mancomunitats de 14 comarques. Entre les actuacions aprovades destaquen l&#8217;habilitaci\u00f3 de la nova biblioteca d&#8217;Agullent, el punt d&#8217;encontre familiar de la Safor que coordina la mancomunitat i millores en parcs i poliesportius de diversos municipis. D&#8217;esta manera, el pla quadriennal coordinat per la vicepresidenta Nat\u00e0lia Enguix suma 1.228 projectes aprovats amb una inversi\u00f3 global de 191 milions d&#8217;euros.<\/p>\n\n\n\n<p class=\"wp-block-paragraph\">La responsable de Cooperaci\u00f3 assenyala que els ajuntaments \u201cestan incrementant de manera considerable el ritme de presentaci\u00f3 dels projectes, i estem aprovant almenys un decret al mes amb desenes d&#8217;actuacions noves\u201d. El ritme creixent de les sol\u00b7licituds \u201cla ten\u00edem prevista quan varem planificar un programa a quatre anys per a evitar pressions i eliminar burocr\u00e0cia, i prova d&#8217;aix\u00f2 \u00e9s que enguany tenim preparats m\u00e9s de 100 milions d&#8217;euros per a atendre les demandes de municipis i mancomunitats\u201d, explica Enguix.<\/p>\n\n\n\n<p class=\"wp-block-paragraph\">La vicepresidenta mostra la seua satisfacci\u00f3 perqu\u00e8 \u201cm\u00e9s de la mitat de les propostes de millora que ens fan els pobles i ciutats tenen a veure amb la renovaci\u00f3 del cicle de l&#8217;aigua, zones verdes i instal\u00b7lacions esportives, superant \u00e0mpliament els percentatges m\u00ednims que varem fixar per a estos \u00e0mbits en considerar que s\u00f3n servicis b\u00e0sics que milloren la qualitat de vida a les nostres comarques\u201d. La resta s\u00f3n actuacions destinades principalment a habilitar o adequar espais p\u00fablics, reformar edificis i b\u00e9ns patrimonials, reurbanitzar carrers i millorar l&#8217;accessibilitat dels nuclis urbans, arreglar camins i adquirir vehicles i maquin\u00e0ria, aix\u00ed com iniciatives d&#8217;efici\u00e8ncia energ\u00e8tica com l&#8217;enllumenat led i les cobertes solars.<\/p>\n\n\n\n<p class=\"wp-block-paragraph\">El president Momp\u00f3 destaca que la corporaci\u00f3 ha aprovat prop del 60% del Pla Obert, amb centenars d&#8217;obres en marxa o ja executades en tota la prov\u00edncia. \u201cAlguns municipis ja han invertit el cent per cent de la seua assignaci\u00f3, i eixe \u00e9s l&#8217;objectiu que tenim per a tots els pobles, especialment els m\u00e9s xicotets, que aprofiten fins a l&#8217;\u00faltim euro d&#8217;este pla d&#8217;inversions hist\u00f2ric per a millorar les seues infraestructures i servicis\u201d, apunta el m\u00e0xim responsable provincial.<\/p>\n","protected":false},"excerpt":{"rendered":"<div class=\"mh-excerpt\">Entre les actuacions aprovades en l&#8217;\u00faltim decret del Pla Obert destaquen la reforma d&#8217;un col\u00b7legi i la renovaci\u00f3 de zones verdes a Vilamarxant, aix\u00ed com la reurbanitzaci\u00f3 de dos carrers a Marines. Tamb\u00e9 sobre\u00efx la <a class=\"mh-excerpt-more\" href=\"https:\/\/tucomarca.whitekongsoftware.com\/ca\/la-diputacio-financa-amb-23-milions-deuros-15-nous-projectes-al-camp-de-turia-la-serrania-i-el-rincon-de-ademuz\/\" title=\"La Diputaci\u00f3 finan\u00e7a amb 2,3 milions d&#8217;euros 15 nous projectes al Camp de T\u00faria, la Serran\u00eda i el Rinc\u00f3n de Ademuz\">[+] <\/a><\/div>\n","protected":false},"author":12,"featured_media":308167,"comment_status":"closed","ping_status":"open","sticky":false,"template":"","format":"standard","meta":{"footnotes":""},"categories":[10890,10892,10923,10925,11046,10898,10948,10894,10932,10947,10896,10927,11029],"tags":[10899,11246,11928,19988,12039],"class_list":["post-308168","post","type-post","status-publish","format-standard","has-post-thumbnail","category-ademus","category-camp-de-turia-ca","category-cases-altes","category-castielfabib-ca","category-los-serranos-ca","category-ventana-ca","category-infraestructuras-ca","category-la-comarca-ca","category-marines-ca","category-politica","category-seccion-ca","category-vilamarxant-ca","category-villar-del-arzobispo-ca","tag-camp-de-turia-ca","tag-diputacio-de-valencia-ca","tag-la-serrania-ca","tag-pla-obert-dinversions-ca","tag-rincon-de-ademuz-ca"],"_links":{"self":[{"href":"https:\/\/tucomarca.whitekongsoftware.com\/ca\/wp-json\/wp\/v2\/posts\/308168","targetHints":{"allow":["GET"]}}],"collection":[{"href":"https:\/\/tucomarca.whitekongsoftware.com\/ca\/wp-json\/wp\/v2\/posts"}],"about":[{"href":"https:\/\/tucomarca.whitekongsoftware.com\/ca\/wp-json\/wp\/v2\/types\/post"}],"author":[{"embeddable":true,"href":"https:\/\/tucomarca.whitekongsoftware.com\/ca\/wp-json\/wp\/v2\/users\/12"}],"replies":[{"embeddable":true,"href":"https:\/\/tucomarca.whitekongsoftware.com\/ca\/wp-json\/wp\/v2\/comments?post=308168"}],"version-history":[{"count":3,"href":"https:\/\/tucomarca.whitekongsoftware.com\/ca\/wp-json\/wp\/v2\/posts\/308168\/revisions"}],"predecessor-version":[{"id":308192,"href":"https:\/\/tucomarca.whitekongsoftware.com\/ca\/wp-json\/wp\/v2\/posts\/308168\/revisions\/308192"}],"wp:featuredmedia":[{"embeddable":true,"href":"https:\/\/tucomarca.whitekongsoftware.com\/ca\/wp-json\/wp\/v2\/media\/308167"}],"wp:attachment":[{"href":"https:\/\/tucomarca.whitekongsoftware.com\/ca\/wp-json\/wp\/v2\/media?parent=308168"}],"wp:term":[{"taxonomy":"category","embeddable":true,"href":"https:\/\/tucomarca.whitekongsoftware.com\/ca\/wp-json\/wp\/v2\/categories?post=308168"},{"taxonomy":"post_tag","embeddable":true,"href":"https:\/\/tucomarca.whitekongsoftware.com\/ca\/wp-json\/wp\/v2\/tags?post=308168"}],"curies":[{"name":"wp","href":"https:\/\/api.w.org\/{rel}","templated":true}]}}