{"id":308159,"date":"2026-07-15T11:15:00","date_gmt":"2026-07-15T09:15:00","guid":{"rendered":"https:\/\/www.tucomarca.com\/wordpress\/segunda\/?p=308159"},"modified":"2026-07-16T20:24:09","modified_gmt":"2026-07-16T18:24:09","slug":"el-departament-de-salut-de-manises-reforca-latencio-comunitaria-en-la-foia-de-bunyol-xiva-amb-programes-de-promocio-de-la-salut","status":"publish","type":"post","link":"https:\/\/tucomarca.whitekongsoftware.com\/ca\/el-departament-de-salut-de-manises-reforca-latencio-comunitaria-en-la-foia-de-bunyol-xiva-amb-programes-de-promocio-de-la-salut\/","title":{"rendered":"El Departament de Salut de Manises refor\u00e7a l&#8217;atenci\u00f3 comunit\u00e0ria en La Foia de Bunyol-Xiva amb programes de promoci\u00f3 de la salut"},"content":{"rendered":"\n<h3 class=\"wp-block-heading\">Els centres de salut de Xest, Xiva, Tor\u00eds i Bunyol desenvolupen activitats sobre exercici f\u00edsic, alimentaci\u00f3 saludable, climateri, tabaquisme, salut psicosocial i suport a persones cuidadores.<\/h3>\n\n\n\n<h3 class=\"wp-block-heading\">El programa de climateri del Centre de Salut de Bunyol ha sigut proposat al Ministeri de Sanitat com a exemple de bona pr\u00e0ctica i servir\u00e0 de model per a altres municipis del departament.<\/h3>\n\n\n\n<p class=\"wp-block-paragraph\">El Departament de Salut de Manises ha refor\u00e7at durant aquest primer semestre de l&#8217;any l&#8217;atenci\u00f3 comunit\u00e0ria a la comarca de La Foia de Bunyol mitjan\u00e7ant un ampli programa d&#8217;activitats desenvolupades pels respectius centres de salut de Xest, Xiva, Tor\u00eds i Bunyol. Les iniciatives celebrades s&#8217;han centrat en l&#8217;activitat esportiva, climateri, alimentaci\u00f3 saludable, tallers per a cuidadors, tabaquisme i salut psicosocial.<\/p>\n\n\n\n<p class=\"wp-block-paragraph\">Les iniciatives, desenvolupades en col\u00b7laboraci\u00f3 amb els ajuntaments i altres recursos municipals, abasten h\u00e0bits com l&#8217;activitat f\u00edsica, l&#8217;alimentaci\u00f3 saludable, el climateri, la prevenci\u00f3 del tabaquisme, la salut psicosocial i el suport a les persones cuidadores. El seu objectiu \u00e9s fomentar h\u00e0bits saludables, previndre malalties i acompanyar a la poblaci\u00f3 en diferents etapes vitals.<\/p>\n\n\n\n<p class=\"wp-block-paragraph\">L&#8217;estrat\u00e8gia d&#8217;atenci\u00f3 comunit\u00e0ria va comen\u00e7ar a implantar-se en el Departament de Salut de Manises a la fi de 2024 i, des de llavors, ha experimentat un creixement progressiu.<\/p>\n\n\n\n<p class=\"wp-block-paragraph\"><strong>Bunyol, referent en atenci\u00f3 comunit\u00e0ria<\/strong><\/p>\n\n\n\n<p class=\"wp-block-paragraph\">El centre de salut de Bunyol s&#8217;ha consolidat com a referent de l&#8217;atenci\u00f3 comunit\u00e0ria de la zona gr\u00e0cies, entre altres iniciatives, als programes de climateri que va ser proposat al Ministeri de Sanitat com a exemple de bones pr\u00e0ctiques i que s&#8217;ha exportat com a exemple a desenvolupar en tots els municipis del Departament de Salut de Manises.<\/p>\n\n\n\n<p class=\"wp-block-paragraph\">A m\u00e9s, el centre desenvolupa tallers intergeneracionals d&#8217;alimentaci\u00f3 saludable i mant\u00e9 actiu el programa \u2018En moviment\u2019, orientat a promoure l&#8217;activitat f\u00edsica entre la poblaci\u00f3.<\/p>\n\n\n\n<p class=\"wp-block-paragraph\">De cara als pr\u00f2xims mesos, Bunyol ja t\u00e9 planificats nous programes dirigits a cuidadors i prevenci\u00f3 del tabaquisme; a m\u00e9s de reprendre \u201cAnem\u201d.<\/p>\n\n\n\n<p class=\"wp-block-paragraph\">La directora d&#8217;Infermeria d&#8217;Atenci\u00f3 Prim\u00e0ria del Departament de Salut de Manises, Fernanda Pi\u00f1ango, destaca que l&#8217;atenci\u00f3 comunit\u00e0ria \u201cpermet eixir del model purament assistencial i treballar abans que aparega la malaltia, de manera que acompanyem a les persones en el seu entorn i reforcem els actius de salut de cada municipi\u201d.<\/p>\n\n\n\n<p class=\"wp-block-paragraph\">A m\u00e9s, subratlla que el treball realitzat en La Foia \u201cdemostra que cada poblaci\u00f3 t\u00e9 necessitats distintes, per\u00f2 tamb\u00e9 molts recursos propis. La clau est\u00e0 a connectar als professionals sanitaris amb els diversos agents socials\u201d.<\/p>\n\n\n\n<p class=\"wp-block-paragraph\">Cal recordar que el Departament de Salut de Manises presta cobertura i assist\u00e8ncia sanit\u00e0ria, tant ambulat\u00f2ria com domicili\u00e0ria, a m\u00e9s de 216.000 persones de 14 localitats. Aquest departament forma part de l&#8217;Agrupaci\u00f3 Sanit\u00e0ria Interdepartamental Val\u00e8ncia-Oest a la qual tamb\u00e9 pertanyen els departaments de salut Val\u00e8ncia-Hospital General i Requena.<\/p>\n\n\n\n<p class=\"wp-block-paragraph\">En la xarxa assistencial del Departament de Salut de Manises est\u00e0 integrada el propi hospital d&#8217;aguts, nou centres de salut, deu consultoris auxiliars, dos centres d&#8217;especialitats i un centre de salut integrat.<\/p>\n","protected":false},"excerpt":{"rendered":"<div class=\"mh-excerpt\">Els centres de salut de Xest, Xiva, Tor\u00eds i Bunyol desenvolupen activitats sobre exercici f\u00edsic, alimentaci\u00f3 saludable, climateri, tabaquisme, salut psicosocial i suport a persones cuidadores. El programa de climateri del Centre de Salut de <a class=\"mh-excerpt-more\" href=\"https:\/\/tucomarca.whitekongsoftware.com\/ca\/el-departament-de-salut-de-manises-reforca-latencio-comunitaria-en-la-foia-de-bunyol-xiva-amb-programes-de-promocio-de-la-salut\/\" title=\"El Departament de Salut de Manises refor\u00e7a l&#8217;atenci\u00f3 comunit\u00e0ria en La Foia de Bunyol-Xiva amb programes de promoci\u00f3 de la salut\">[+] <\/a><\/div>\n","protected":false},"author":12,"featured_media":308157,"comment_status":"closed","ping_status":"open","sticky":false,"template":"","format":"standard","meta":{"footnotes":""},"categories":[10911,11010,10948,10894,10912,10902,10896,11047,10974,10975],"tags":[10913,11071,11195,12221,10914,11093],"class_list":["post-308159","post","type-post","status-publish","format-standard","has-post-thumbnail","category-bunol-ca","category-canal-salud","category-infraestructuras-ca","category-la-comarca-ca","category-la-hoya-ca","category-la-ribera-ca","category-seccion-ca","category-turis-ca","category-cheste-ca","category-chiva-ca","tag-bunol-ca","tag-cheste","tag-chiva-ca","tag-departamento-de-salud-de-manises-ca","tag-la-hoya-de-bunol-chiva-ca","tag-turis-ca"],"_links":{"self":[{"href":"https:\/\/tucomarca.whitekongsoftware.com\/ca\/wp-json\/wp\/v2\/posts\/308159","targetHints":{"allow":["GET"]}}],"collection":[{"href":"https:\/\/tucomarca.whitekongsoftware.com\/ca\/wp-json\/wp\/v2\/posts"}],"about":[{"href":"https:\/\/tucomarca.whitekongsoftware.com\/ca\/wp-json\/wp\/v2\/types\/post"}],"author":[{"embeddable":true,"href":"https:\/\/tucomarca.whitekongsoftware.com\/ca\/wp-json\/wp\/v2\/users\/12"}],"replies":[{"embeddable":true,"href":"https:\/\/tucomarca.whitekongsoftware.com\/ca\/wp-json\/wp\/v2\/comments?post=308159"}],"version-history":[{"count":4,"href":"https:\/\/tucomarca.whitekongsoftware.com\/ca\/wp-json\/wp\/v2\/posts\/308159\/revisions"}],"predecessor-version":[{"id":308184,"href":"https:\/\/tucomarca.whitekongsoftware.com\/ca\/wp-json\/wp\/v2\/posts\/308159\/revisions\/308184"}],"wp:featuredmedia":[{"embeddable":true,"href":"https:\/\/tucomarca.whitekongsoftware.com\/ca\/wp-json\/wp\/v2\/media\/308157"}],"wp:attachment":[{"href":"https:\/\/tucomarca.whitekongsoftware.com\/ca\/wp-json\/wp\/v2\/media?parent=308159"}],"wp:term":[{"taxonomy":"category","embeddable":true,"href":"https:\/\/tucomarca.whitekongsoftware.com\/ca\/wp-json\/wp\/v2\/categories?post=308159"},{"taxonomy":"post_tag","embeddable":true,"href":"https:\/\/tucomarca.whitekongsoftware.com\/ca\/wp-json\/wp\/v2\/tags?post=308159"}],"curies":[{"name":"wp","href":"https:\/\/api.w.org\/{rel}","templated":true}]}}