{"id":308147,"date":"2026-07-15T10:45:00","date_gmt":"2026-07-15T08:45:00","guid":{"rendered":"https:\/\/www.tucomarca.com\/wordpress\/segunda\/?p=308147"},"modified":"2026-07-16T21:02:38","modified_gmt":"2026-07-16T19:02:38","slug":"camarero-anuncia-que-la-generalitat-destinara-mes-de-tres-milions-deuros-per-a-continuar-amb-el-llegat-de-suport-a-jovens-iniciat-per-la-fundacio-princesa-de-girona-despres-de-la-dana","status":"publish","type":"post","link":"https:\/\/tucomarca.whitekongsoftware.com\/ca\/camarero-anuncia-que-la-generalitat-destinara-mes-de-tres-milions-deuros-per-a-continuar-amb-el-llegat-de-suport-a-jovens-iniciat-per-la-fundacio-princesa-de-girona-despres-de-la-dana\/","title":{"rendered":"Camarero anuncia que la Generalitat destinar\u00e0 m\u00e9s de tres milions d\u2019euros per a continuar amb el llegat de suport a j\u00f3vens iniciat per la Fundaci\u00f3 Princesa de Girona despr\u00e9s de la DANA"},"content":{"rendered":"\n<h3 class=\"wp-block-heading\">La vicepresidenta agra\u00efx a la Fundaci\u00f3 la seua solidaritat i el pla de treball per a ajudar m\u00e9s de 8.000 j\u00f3vens de 78 municipis afectats pel temporal.<\/h3>\n\n\n\n<h3 class=\"wp-block-heading\">La titular de Joventut interv\u00e9 en la reuni\u00f3 del Patronat de la Fundaci\u00f3 Princesa de Girona, presidida per Sa Majestat el Rei Felip VI, a on subratlla el suport de la Casa Reial i la seua contribuci\u00f3 amb el Pla especial d\u2019intervenci\u00f3 per a j\u00f3vens de Val\u00e8ncia.<\/h3>\n\n\n\n<p class=\"wp-block-paragraph\">La vicepresidenta primera i consellera de Vivenda, Ocupaci\u00f3, Joventut i Igualtat, Susana Camarero, ha anunciat que la Generalitat destinar\u00e0 3,4 milions d\u2019euros per a ampliar la labor de suport i ajuda a les persones j\u00f3vens dels municipis afectats per la dana d\u2019octubre de 2024, i donar aix\u00ed continu\u00eftat al llegat iniciat per la Fundaci\u00f3 Princesa de Girona despr\u00e9s del temporal.<\/p>\n\n\n\n<p class=\"wp-block-paragraph\">Camarero ha detallat que la Generalitat establir\u00e0 un acord de col\u00b7laboraci\u00f3 amb l\u2019associaci\u00f3 Betania, per valor de 2,4 milions d\u2019euros, per a donar continu\u00eftat a la xarxa de suport psicosocial durant un per\u00edode de quatre anys. En paral\u00b7lel, l\u2019Administraci\u00f3 auton\u00f2mica donar\u00e0 suport amb un mili\u00f3 d\u2019euros el projecte de reconstrucci\u00f3 de l\u2019Espai Comunitari \u2018La Casa Oberta\u2019 de Benet\u00fasser, impulsat per la Fundaci\u00f3 Horta Sud juntament amb la Fundaci\u00f3 Princesa de Girona despr\u00e9s de la riuada. Esta aportaci\u00f3 econ\u00f2mica permetr\u00e0 culminar els treballs de recuperaci\u00f3 d\u2019este espai en el qual estan implicades 24 entitats i que est\u00e0 cridat a convertir-se en lloc de trobada de talent jove, participaci\u00f3 i activaci\u00f3 social.<\/p>\n\n\n\n<p class=\"wp-block-paragraph\">La vicepresidenta ha fet este anunci durant la seua intervenci\u00f3 en la reuni\u00f3 del Patronat de la Fundaci\u00f3 Princesa de Girona, celebrada este dimarts a Barcelona justament abans de la cerim\u00f2nia d\u2019entrega dels Premis Princesa de Girona 2026, i que ha estat presidida per Sa Majestat el Rei Felip VI i&nbsp;ha comptat amb la pres\u00e8ncia del president de la Fundaci\u00f3, Francisco Balil.<\/p>\n\n\n\n<p class=\"wp-block-paragraph\">Aix\u00ed, Camarero ha expressat l\u2019agra\u00efment de la societat valenciana a la Casa Reial pel seu suport a Val\u00e8ncia despr\u00e9s de la dana i, de manera molt especial, a la Fundaci\u00f3 Princesa de Girona, \u201cel pla de treball de la qual ha perm\u00e9s ajudar m\u00e9s de 8.000 j\u00f3vens de 78 municipis afectats pel temporal i ha comptat amb el suport i col\u00b7laboraci\u00f3 de m\u00e9s de 40 entitats socials\u201d. Un agra\u00efment que ha fet extensiu \u201ca cada particular, voluntari, entitat o empresa per la seua solidaritat, comprom\u00eds i implicaci\u00f3 en el proc\u00e9s de reconstrucci\u00f3\u201d.<\/p>\n\n\n\n<p class=\"wp-block-paragraph\">En la seua intervenci\u00f3, la vicepresidenta s\u2019ha referit a la contribuci\u00f3 del Pla especial d\u2019intervenci\u00f3 per a j\u00f3vens de Val\u00e8ncia, una iniciativa impulsada per la Fundaci\u00f3 Princesa de Girona despr\u00e9s de la dana amb l\u2019objectiu de contribuir a millorar la situaci\u00f3 de les persones j\u00f3vens en els municipis afectats i que ha comptat amb el suport de la Generalitat.<\/p>\n\n\n\n<p class=\"wp-block-paragraph\">En este sentit, Susana Camarero ha destacat \u201cla capacitat per a escoltar els j\u00f3vens, les fam\u00edlies, els docents, les entitats i les administracions per a comprendre qu\u00e8 necessitava realment cada municipi\u201d i ha posat \u00e8mfasi principalment en \u201cla uni\u00f3, la col\u00b7laboraci\u00f3 i el comprom\u00eds compartit mostrat per tots els agents socials, com la Fundaci\u00f3 Princesa de Girona, per a retornar l\u2019esperan\u00e7a i continuar avan\u00e7ant junts com a societat\u201d.<\/p>\n\n\n\n<p class=\"wp-block-paragraph\">\u201cQuan les institucions treballen de la m\u00e0 del teixit social, quan les entitats coneixen el territori i les administracions acompanyen i faciliten el treball, els projectes tiren avant i generen un impacte real en la vida de les persones\u201d, ha subratllat Camarero.<\/p>\n\n\n\n<p class=\"wp-block-paragraph\">De la mateixa manera, la vicepresidenta ha posat \u00e8mfasi en \u201cel paper imprescindible exercit pels j\u00f3vens\u201d i la generositat mostrada per esta generaci\u00f3 despr\u00e9s de la cat\u00e0strofe.<\/p>\n\n\n\n<p class=\"wp-block-paragraph\">\u201cLa Fundaci\u00f3 va decidir confiar en els j\u00f3vens no solament com a destinataris d\u2019ajuda, sin\u00f3 com a protagonistes de la reconstrucci\u00f3, impulsant el seu talent, les seues idees i la seua capacitat per a transformar la realitat. I ells ens han donat la major lli\u00e7\u00f3 de solidaritat i humanitat de tota una generaci\u00f3. Gr\u00e0cies als j\u00f3vens sabem que comptem amb un present de confian\u00e7a i un futur amb esperan\u00e7a\u201d, ha emfatitzat Camarero.<\/p>\n\n\n\n<p class=\"wp-block-paragraph\">Despr\u00e9s de la reuni\u00f3 del Patronat de la Fundaci\u00f3 Princesa de Girona, Susana Camarero va assistir tamb\u00e9&nbsp;a l\u2019entrega dels Premis Princesa de Girona 2026. Una cerim\u00f2nia que va tindre lloc en el Gran Teatre del Liceu de Barcelona i que va estar presidida per SS. MM. els Reis, amb la pres\u00e8ncia de SS.AA.RR. la Princesa d\u2019Ast\u00faries i de Girona i la Infanta Sof\u00eda, on es va posar en valor la import\u00e0ncia del talent compartit i es va distingir a sis j\u00f3vens compromesos amb la innovaci\u00f3, el coneixement, la creaci\u00f3, l\u2019emprenedoria i la transformaci\u00f3 social.<\/p>\n\n\n\n<p class=\"wp-block-paragraph\"><strong>Impacte social i atenci\u00f3 a la salut emocional<\/strong><\/p>\n\n\n\n<p class=\"wp-block-paragraph\">El Pla especial d\u2019intervenci\u00f3 per a j\u00f3vens de Val\u00e8ncia, impulsat per la Fundaci\u00f3 Princesa de Girona i amb la col\u00b7laboraci\u00f3 de la Generalitat, ha perm\u00e9s treballar en el territori afectat al llarg d\u201911 mesos sobre la base de quatre l\u00ednies d\u2019actuaci\u00f3 complement\u00e0ries entre si: suport als centres educatius, emprenedoria juvenil, acompanyament al benestar i donar veu a la cultura de la zona afectada. Un treball dissenyat a partir de l\u2019escolta activa dels ve\u00efns de 24 municipis afectats per la riuada i que ha pres com a punt de partida les necessitats de la joventut, fam\u00edlies i centres educatius per a recuperar el seu dia a dia.<\/p>\n\n\n\n<p class=\"wp-block-paragraph\">En total, s\u2019ha comptat amb una inversi\u00f3 pr\u00f2xima a 1,46 milions d\u2019euros i s\u2019estima que el Pla ha generat un impacte social al voltant dels 12,3 milions d\u2019euros, aix\u00f2 \u00e9s, un impacte de 8,4 euros per cada euro invertit.<\/p>\n\n\n\n<p class=\"wp-block-paragraph\">Aix\u00ed, per \u00e0rees d\u2019acci\u00f3, el moviment \u2018Generaci\u00f3 docents x Val\u00e8ncia\u2019 ha portat 20 j\u00f3vens voluntaris a 18 centres educatius de huit municipis afectats durant un per\u00edode de cinc mesos, amb 7.500 hores dedicades a acompanyar l\u2019alumnat en les aules.<\/p>\n\n\n\n<p class=\"wp-block-paragraph\">En paral\u00b7lel, \u2018Generaci\u00f3 x Val\u00e8ncia\u2019 ha treballat durant sis mesos amb 19 j\u00f3vens de la \u2018zona zero\u2019 en l\u2019elaboraci\u00f3 d\u2019un llibre blanc que arreplega la seua mirada sobre com haurien de reconstruir-se les pol\u00edtiques p\u00fabliques despr\u00e9s d\u2019una cat\u00e0strofe. Esta actuaci\u00f3 no busca generar nom\u00e9s emprenedors, sin\u00f3 retornar a la joventut la iniciativa de qui proposa, decidix i constru\u00efx en el seu propi territori.<\/p>\n\n\n\n<p class=\"wp-block-paragraph\">En relaci\u00f3 amb la salut emocional, a trav\u00e9s de l\u2019associaci\u00f3 Betania s\u2019han at\u00e9s 1.680 persones des de les seus de Paiporta, Algemes\u00ed i Utiel, a m\u00e9s de disposar d\u2019una unitat m\u00f2bil que s\u2019ha despla\u00e7at 133 vegades a 33 localitzacions, sumant un total de 3.585 intervencions psicosocials. Aix\u00ed mateix, s\u2019ha firmat un conveni entre Betania i la Generalitat per a donar continu\u00eftat a esta xarxa de suport psicosocial.<\/p>\n\n\n\n<p class=\"wp-block-paragraph\">En \u00faltima inst\u00e0ncia, la qual cosa va arrancar com la rehabilitaci\u00f3 d&#8217;un espai comunitari a Benet\u00fasser, \u2018La Casa Oberta\u2019, s&#8217;ha convertit en un proc\u00e9s de governan\u00e7a compartida amb 24 organitzacions implicades, que culminar\u00e0 a la fi d&#8217;enguany. \u201cUn espai pensat perqu\u00e8 la comunitat torne a trobar-se, perqu\u00e8 els joves continuen creixent i per a demostrar que la verdadera reconstrucci\u00f3 no acaba quan desapareix el fang, sin\u00f3 quan les persones tornen a sentir-se part d&#8217;un futur compartit\u201d, ha concl\u00f2s Camarero.<\/p>\n","protected":false},"excerpt":{"rendered":"<div class=\"mh-excerpt\">La vicepresidenta agra\u00efx a la Fundaci\u00f3 la seua solidaritat i el pla de treball per a ajudar m\u00e9s de 8.000 j\u00f3vens de 78 municipis afectats pel temporal. La titular de Joventut interv\u00e9 en la reuni\u00f3 <a class=\"mh-excerpt-more\" href=\"https:\/\/tucomarca.whitekongsoftware.com\/ca\/camarero-anuncia-que-la-generalitat-destinara-mes-de-tres-milions-deuros-per-a-continuar-amb-el-llegat-de-suport-a-jovens-iniciat-per-la-fundacio-princesa-de-girona-despres-de-la-dana\/\" title=\"Camarero anuncia que la Generalitat destinar\u00e0 m\u00e9s de tres milions d\u2019euros per a continuar amb el llegat de suport a j\u00f3vens iniciat per la Fundaci\u00f3 Princesa de Girona despr\u00e9s de la DANA\">[+] <\/a><\/div>\n","protected":false},"author":12,"featured_media":308146,"comment_status":"closed","ping_status":"open","sticky":false,"template":"","format":"standard","meta":{"footnotes":""},"categories":[21466,10898,10948,10894,10904,10903,10947,10896,10897],"tags":[15409,24666,11498],"class_list":["post-308147","post","type-post","status-publish","format-standard","has-post-thumbnail","category-dana-ca","category-ventana-ca","category-infraestructuras-ca","category-la-comarca-ca","category-sin-categorizar-ca","category-medio-ambiente-la-comarca-ca","category-politica","category-seccion-ca","category-sucesos-la-comarca-ca","tag-dana-2-ca","tag-fundacion-princesa-de-girona","tag-generalitat-valenciana-ca"],"_links":{"self":[{"href":"https:\/\/tucomarca.whitekongsoftware.com\/ca\/wp-json\/wp\/v2\/posts\/308147","targetHints":{"allow":["GET"]}}],"collection":[{"href":"https:\/\/tucomarca.whitekongsoftware.com\/ca\/wp-json\/wp\/v2\/posts"}],"about":[{"href":"https:\/\/tucomarca.whitekongsoftware.com\/ca\/wp-json\/wp\/v2\/types\/post"}],"author":[{"embeddable":true,"href":"https:\/\/tucomarca.whitekongsoftware.com\/ca\/wp-json\/wp\/v2\/users\/12"}],"replies":[{"embeddable":true,"href":"https:\/\/tucomarca.whitekongsoftware.com\/ca\/wp-json\/wp\/v2\/comments?post=308147"}],"version-history":[{"count":3,"href":"https:\/\/tucomarca.whitekongsoftware.com\/ca\/wp-json\/wp\/v2\/posts\/308147\/revisions"}],"predecessor-version":[{"id":308189,"href":"https:\/\/tucomarca.whitekongsoftware.com\/ca\/wp-json\/wp\/v2\/posts\/308147\/revisions\/308189"}],"wp:featuredmedia":[{"embeddable":true,"href":"https:\/\/tucomarca.whitekongsoftware.com\/ca\/wp-json\/wp\/v2\/media\/308146"}],"wp:attachment":[{"href":"https:\/\/tucomarca.whitekongsoftware.com\/ca\/wp-json\/wp\/v2\/media?parent=308147"}],"wp:term":[{"taxonomy":"category","embeddable":true,"href":"https:\/\/tucomarca.whitekongsoftware.com\/ca\/wp-json\/wp\/v2\/categories?post=308147"},{"taxonomy":"post_tag","embeddable":true,"href":"https:\/\/tucomarca.whitekongsoftware.com\/ca\/wp-json\/wp\/v2\/tags?post=308147"}],"curies":[{"name":"wp","href":"https:\/\/api.w.org\/{rel}","templated":true}]}}