{"id":308121,"date":"2026-07-15T12:00:00","date_gmt":"2026-07-15T10:00:00","guid":{"rendered":"https:\/\/www.tucomarca.com\/wordpress\/segunda\/?p=308121"},"modified":"2026-07-16T15:22:13","modified_gmt":"2026-07-16T13:22:13","slug":"el-comissionat-per-a-la-recuperacio-presenta-a-madrid-lestrategia-de-la-generalitat-per-a-guanyar-resiliencia-davant-futures-catastrofes-i-demana-canvis-normatius-en-contractacio-i-emergencie","status":"publish","type":"post","link":"https:\/\/tucomarca.whitekongsoftware.com\/ca\/el-comissionat-per-a-la-recuperacio-presenta-a-madrid-lestrategia-de-la-generalitat-per-a-guanyar-resiliencia-davant-futures-catastrofes-i-demana-canvis-normatius-en-contractacio-i-emergencie\/","title":{"rendered":"El comissionat per a la Recuperaci\u00f3 presenta a Madrid l\u2019estrat\u00e8gia de la Generalitat per a guanyar resili\u00e8ncia davant futures cat\u00e0strofes i demana canvis normatius en contractaci\u00f3 i emerg\u00e8ncies"},"content":{"rendered":"\n<h3 class=\"wp-block-heading\">Ra\u00fal M\u00e9rida sol\u00b7licita al Govern d\u2019Espanya flexibilitzar la contractaci\u00f3 d\u2019emerg\u00e8ncia per a oferir una resposta m\u00e9s efica\u00e7 despr\u00e9s d\u2019una cat\u00e0strofe.<\/h3>\n\n\n\n<h3 class=\"wp-block-heading\">El comissionat per a la Recuperaci\u00f3 destaca els parcs inundables com una iniciativa verda que actuar\u00e0 al mateix temps com a protecci\u00f3 antiriuades i donar\u00e0 seguretat a la ciutadania.<\/h3>\n\n\n\n<p class=\"wp-block-paragraph\">El comissionat per a la Recuperaci\u00f3, Ra\u00fal M\u00e9rida, ha presentat a Madrid l\u2019estrat\u00e8gia verda de la Generalitat per a tindre un territori m\u00e9s resilient davant futures cat\u00e0strofes naturals i ha reclamat al Govern d\u2019Espanya una reforma del marc normatiu en mat\u00e8ria d\u2019emerg\u00e8ncies que permeta oferir una resposta m\u00e9s \u00e0gil i efica\u00e7 davant este tipus de situacions.<\/p>\n\n\n\n<p class=\"wp-block-paragraph\">Durant una confer\u00e8ncia en la Fundaci\u00f3 Conexus, a la qual han assistit empresaris, representants institucionals i responsables d\u2019associacions i fundacions, Ra\u00fal M\u00e9rida ha exposat els canvis normatius que des de la Generalitat es reclamen al Govern central per a fer front, en millors condicions, a futurs episodis de risc i accelerar els processos de recuperaci\u00f3.<\/p>\n\n\n\n<p class=\"wp-block-paragraph\">En este sentit, ha sol\u00b7licitat la modificaci\u00f3 de la llei de contractes o de la llei de bases de r\u00e8gim local per a flexibilitzar el seu marc d\u2019aplicaci\u00f3. L\u2019objectiu \u00e9s que es puguen continuar formalitzant contractes d\u2019emerg\u00e8ncia mentres persistisquen les conseq\u00fc\u00e8ncies provocades per un succ\u00e9s extraordinari, i no \u00fanicament durant les primeres fases.<\/p>\n\n\n\n<p class=\"wp-block-paragraph\">Aix\u00ed mateix, ha demanat que la contractaci\u00f3 d\u2019emerg\u00e8ncia permeta no solament la reposici\u00f3, sin\u00f3 tamb\u00e9 la millora de les infraestructures. \u201cEn estos moments la llei de contractes obliga a reconstruir una infraestructura en els mateixos termes en qu\u00e8 estava. Aix\u00f2 no t\u00e9 sentit, ja que en el cas de la dana, si un pont ha sigut arrasat per l\u2019aigua, no podem reconstruir-lo de la mateixa manera. Hem d\u2019aprofitar la reconstrucci\u00f3 per a fer-lo m\u00e9s segur, m\u00e9s resistent i m\u00e9s resilient\u201d.<\/p>\n\n\n\n<p class=\"wp-block-paragraph\">Ra\u00fal M\u00e9rida tamb\u00e9 ha sol\u00b7licitat al Govern central facilitar als ajuntaments la reconstrucci\u00f3 de les seues infraestructures i servicis afectats per la dana i ha apuntat que \u201chi ha un bloqueig als ajuntaments afectats per les inundacions, ja que dels 1.700 milions d\u2019euros transferits pel Govern d\u2019Espanya, a penes s\u2019ha pogut aconseguir una execuci\u00f3 del 5 %\u201d.<\/p>\n\n\n\n<p class=\"wp-block-paragraph\">En esta l\u00ednia, el comissionat per a la Recuperaci\u00f3 ha reclamat tamb\u00e9 dur a terme una revisi\u00f3 de preus en l\u2019obra p\u00fablica per a adequar-los a la realitat actual i agilitzar aix\u00ed tot el proc\u00e9s de reconstrucci\u00f3.&nbsp;<\/p>\n\n\n\n<p class=\"wp-block-paragraph\"><strong>Llei davant cat\u00e0strofes naturals<\/strong><\/p>\n\n\n\n<p class=\"wp-block-paragraph\">El comissionat per a la Recuperaci\u00f3 ha reclamat l\u2019aprovaci\u00f3 d\u2019una llei davant cat\u00e0strofes naturals que establisca l\u2019obligaci\u00f3 de convocar una comissi\u00f3 mixta intergovernamental 24 hores despr\u00e9s d\u2019un desastre. Aix\u00ed, ha recordat que en el cas de la Comunitat Valenciana esta comissi\u00f3 mixta s\u2019ha convocat 470 dies despr\u00e9s de la dana.&nbsp;<\/p>\n\n\n\n<p class=\"wp-block-paragraph\">A m\u00e9s, Ra\u00fal M\u00e9rida ha assenyalat que esta llei hauria d\u2019articular l\u2019activaci\u00f3 immediata del Mecanisme Europeu de Protecci\u00f3 Civil, que en el cas de la DANA va ser activat pel Govern central quasi dos setmanes despr\u00e9s.<\/p>\n\n\n\n<p class=\"wp-block-paragraph\">Segons el comissionat, la normativa hauria d\u2019establir tamb\u00e9 que les ajudes per a afectats per una cat\u00e0strofe no tributen en l\u2019IRPF, l\u2019exoneraci\u00f3 del pagament d\u2019interessos per devoluci\u00f3 de subvencions, aix\u00ed com la suspensi\u00f3 de terminis administratius i judicials per als afectats.<\/p>\n\n\n\n<p class=\"wp-block-paragraph\">\u201cL\u2019objectiu \u00e9s articular un nou marc que permeta a les comunitats aut\u00f2nomes i a les administracions locals actuar amb m\u00e9s rapidesa, coordinaci\u00f3 i efic\u00e0cia, garantint una recuperaci\u00f3 m\u00e9s \u00e0gil dels territoris afectats i reduint l\u2019impacte social i econ\u00f2mic\u201d, ha assenyalat.<\/p>\n\n\n\n<p class=\"wp-block-paragraph\"><strong>Estrat\u00e8gia verda de regeneraci\u00f3<\/strong><\/p>\n\n\n\n<p class=\"wp-block-paragraph\">Durant la seua intervenci\u00f3, Ra\u00fal M\u00e9rida tamb\u00e9 ha desgranat els projectes de regeneraci\u00f3 territorial en verd que ve impulsat el Comissionat per a la Recuperaci\u00f3 en la Comunitat Valenciana entre els quals s\u2019engloben el sistema de parcs inundables metropolitans de Val\u00e8ncia, el corredor verd del Montnegre, el parc fluvial de Mutxamel, actuacions en el Baix Segura i l\u2019estrat\u00e8gia verda de Castell\u00f3.<\/p>\n\n\n\n<p class=\"wp-block-paragraph\">\u201cEs tracta en tots els casos d\u2019infraestructures de protecci\u00f3 basades en la naturalesa que contribuiran a reduir la vulnerabilitat de la Comunitat Valenciana davant de futurs episodis clim\u00e0tics extrems, establint aix\u00ed les bases d\u2019un model territorial m\u00e9s resilient, sostenible i preventiu\u201d, ha explicat M\u00e9rida.<\/p>\n\n\n\n<p class=\"wp-block-paragraph\">Segons el comissionat, \u201cestos espais verds funcionaran al mateix temps com a infraestructures antiriuades\u201d, seguint models ja implantats en algunes de les ciutats m\u00e9s avan\u00e7ades d\u2019Europa.<\/p>\n\n\n\n<p class=\"wp-block-paragraph\">\u201cLa dana va suposar una experi\u00e8ncia dura que ens va deixar lli\u00e7ons. Sobre la base d\u2019estes, hem aplicat el coneixement amb el qual comptem ara perqu\u00e8 les infraestructures siguen m\u00e9s resilients i estiguen m\u00e9s preparades per a suportar fen\u00f2mens extrems\u201d, ha explicat M\u00e9rida.<\/p>\n\n\n\n<p class=\"wp-block-paragraph\"><strong>Representaci\u00f3 empresarial<\/strong><\/p>\n\n\n\n<p class=\"wp-block-paragraph\">Esta confer\u00e8ncia en la Fundaci\u00f3 Conexus s\u2019emmarca en la ronda de contactes que el comissionat per a la Recuperaci\u00f3 est\u00e0 mantenint amb representants institucionals, empresarials i socials per a explicar les actuacions impulsades per la Generalitat i recaptar suports que permeten avan\u00e7ar en els canvis normatius plantejats.<\/p>\n\n\n\n<p class=\"wp-block-paragraph\">A la confer\u00e8ncia han assistit, entre altres, representants d\u2019empreses com BP Energ\u00eda, Veolia, Simetr\u00eda, Loginser, Grupo Lantania, Rimontg\u00f3, Pavasal,&nbsp; o de consultories com Pricewaterhouse Coopers, Ernest and Young o Mckinsey.<\/p>\n\n\n\n<p class=\"wp-block-paragraph\">Aix\u00ed mateix, han estat presents la directora general de Recuperaci\u00f3 i Reconstrucci\u00f3, Sandra Castillo, i el director i la subdirectora la Fundaci\u00f3 Conexus, Enrique Sanchez de Lle\u00f3 i Ana Berenguer, respectivament.<\/p>\n","protected":false},"excerpt":{"rendered":"<div class=\"mh-excerpt\">Ra\u00fal M\u00e9rida sol\u00b7licita al Govern d\u2019Espanya flexibilitzar la contractaci\u00f3 d\u2019emerg\u00e8ncia per a oferir una resposta m\u00e9s efica\u00e7 despr\u00e9s d\u2019una cat\u00e0strofe. El comissionat per a la Recuperaci\u00f3 destaca els parcs inundables com una iniciativa verda que <a class=\"mh-excerpt-more\" href=\"https:\/\/tucomarca.whitekongsoftware.com\/ca\/el-comissionat-per-a-la-recuperacio-presenta-a-madrid-lestrategia-de-la-generalitat-per-a-guanyar-resiliencia-davant-futures-catastrofes-i-demana-canvis-normatius-en-contractacio-i-emergencie\/\" title=\"El comissionat per a la Recuperaci\u00f3 presenta a Madrid l\u2019estrat\u00e8gia de la Generalitat per a guanyar resili\u00e8ncia davant futures cat\u00e0strofes i demana canvis normatius en contractaci\u00f3 i emerg\u00e8ncies\">[+] <\/a><\/div>\n","protected":false},"author":12,"featured_media":308119,"comment_status":"closed","ping_status":"open","sticky":false,"template":"","format":"standard","meta":{"footnotes":""},"categories":[21466,10898,10948,10894,10904,10903,10947,10896,10897],"tags":[15409,12903,11199,12166],"class_list":["post-308121","post","type-post","status-publish","format-standard","has-post-thumbnail","category-dana-ca","category-ventana-ca","category-infraestructuras-ca","category-la-comarca-ca","category-sin-categorizar-ca","category-medio-ambiente-la-comarca-ca","category-politica","category-seccion-ca","category-sucesos-la-comarca-ca","tag-dana-2-ca","tag-infraestructuras-ca","tag-la-comunitat-ca","tag-medio-ambiente-ca"],"_links":{"self":[{"href":"https:\/\/tucomarca.whitekongsoftware.com\/ca\/wp-json\/wp\/v2\/posts\/308121","targetHints":{"allow":["GET"]}}],"collection":[{"href":"https:\/\/tucomarca.whitekongsoftware.com\/ca\/wp-json\/wp\/v2\/posts"}],"about":[{"href":"https:\/\/tucomarca.whitekongsoftware.com\/ca\/wp-json\/wp\/v2\/types\/post"}],"author":[{"embeddable":true,"href":"https:\/\/tucomarca.whitekongsoftware.com\/ca\/wp-json\/wp\/v2\/users\/12"}],"replies":[{"embeddable":true,"href":"https:\/\/tucomarca.whitekongsoftware.com\/ca\/wp-json\/wp\/v2\/comments?post=308121"}],"version-history":[{"count":2,"href":"https:\/\/tucomarca.whitekongsoftware.com\/ca\/wp-json\/wp\/v2\/posts\/308121\/revisions"}],"predecessor-version":[{"id":308131,"href":"https:\/\/tucomarca.whitekongsoftware.com\/ca\/wp-json\/wp\/v2\/posts\/308121\/revisions\/308131"}],"wp:featuredmedia":[{"embeddable":true,"href":"https:\/\/tucomarca.whitekongsoftware.com\/ca\/wp-json\/wp\/v2\/media\/308119"}],"wp:attachment":[{"href":"https:\/\/tucomarca.whitekongsoftware.com\/ca\/wp-json\/wp\/v2\/media?parent=308121"}],"wp:term":[{"taxonomy":"category","embeddable":true,"href":"https:\/\/tucomarca.whitekongsoftware.com\/ca\/wp-json\/wp\/v2\/categories?post=308121"},{"taxonomy":"post_tag","embeddable":true,"href":"https:\/\/tucomarca.whitekongsoftware.com\/ca\/wp-json\/wp\/v2\/tags?post=308121"}],"curies":[{"name":"wp","href":"https:\/\/api.w.org\/{rel}","templated":true}]}}